{"id":291150,"date":"2025-12-16T12:18:08","date_gmt":"2025-12-16T12:18:08","guid":{"rendered":"https:\/\/www.europesays.com\/es\/291150\/"},"modified":"2025-12-16T12:18:08","modified_gmt":"2025-12-16T12:18:08","slug":"benito-perez-galdos-zaragoza-donde-se-ubicara-el-busto-de-benito-perez-galdos-donado-a-zaragoza","status":"publish","type":"post","link":"https:\/\/www.europesays.com\/es\/291150\/","title":{"rendered":"Benito P\u00e9rez Gald\u00f3s Zaragoza | \u00bfD\u00f3nde se ubicar\u00e1 el busto de Benito P\u00e9rez Gald\u00f3s donado a Zaragoza?"},"content":{"rendered":"<p class=\"ft-text\">A principios de este a\u00f1o, la <strong>Asociaci\u00f3n Los Sitios<\/strong> lanz\u00f3 una suscripci\u00f3n popular para la fundici\u00f3n de una escultura de Benito P\u00e9rez Gald\u00f3s realizada por <strong>Jes\u00fas Gazol<\/strong> para donarla a <a class=\"ft-link ft-link--decoration\" href=\"https:\/\/www.elperiodicodearagon.com\/tags\/zaragoza\/\" target=\"_blank\" rel=\"nofollow noopener\"><strong>Zaragoza<\/strong><\/a><strong> <\/strong>y saldar as\u00ed lo que <a class=\"ft-link ft-link--decoration\" href=\"https:\/\/www.elperiodicodearagon.com\/cultura\/2025\/02\/24\/recaudan-fondos-busto-perez-galdos-zaragoza-queremos-saldar-deuda-historica-114619961.html\" target=\"_blank\" rel=\"nofollow noopener\"><strong>consideraban una \u00abdeuda hist\u00f3rica\u00bb<\/strong><\/a> de la ciudad con su figura.<\/p>\n<p class=\"ft-text\">La campa\u00f1a de <a class=\"ft-link ft-link--decoration\" href=\"https:\/\/www.elperiodicodearagon.com\/cultura\/2025\/10\/28\/la-campana-concluye-con-exito-y-benito-perez-galdos-contara-con-su-busto-en-zaragoza-123080588.html\" target=\"_blank\" rel=\"nofollow noopener\"><strong>micromecenazgo fue un \u00e9xit<\/strong><\/a><strong>o<\/strong> (se recaudaron los m\u00e1s de 10.00 euros IVA incluido) por lo que la asociaci\u00f3n ya est\u00e1 en contacto con el <strong>Ayuntamiento de Zaragoza<\/strong> para buscar un lugar emblem\u00e1tico para el busto. Un asunto que ha llegado este martes a la <strong>Comisi\u00f3n de Cultura<\/strong> del consistorio tras una pregunta realizada por Julio Calvo, de Vox.<\/p>\n<p class=\"ft-text\">La consejera Sara Fern\u00e1ndez ha respondido a Julio Calvo que la opci\u00f3n m\u00e1s firme y la \u00ab\u00fanica\u00bb que, de momento, se est\u00e1 barajando y para la que ya se han pedido los <strong>diferentes informes para su viabilidad a los distintos departamentos<\/strong>, es la de la Antigua Torre del Pino, cerca del Paraninfo de la Universidad de Zaragoza y Capitan\u00eda.<\/p>\n<p class=\"ft-text\">Una respuesta que ha llegado despu\u00e9s de que Calvo dijera que el ayuntamiento no ve\u00eda clara esa ubicaci\u00f3n y le hab\u00eda contrapropuesto a la Asociaci\u00f3n Los Sitios que el busto fuera <strong>ubicado en una zona cercana al Centro de Historias<\/strong>, algo que, a su juicio, \u00abla deslucir\u00eda ya que no pasa tanta gente\u00bb. Sara Fern\u00e1ndez, sin embargo, le ha dejado claro que, ahora, la \u00fanica ubicaci\u00f3n que se baraja es la de detr\u00e1s del Paraninfo, \u00abque tiene tambi\u00e9n una <strong>relaci\u00f3n hist\u00f3rica con Los Sitios\u00bb.<\/strong><\/p>\n<p>Su relaci\u00f3n con la ciudad<\/p>\n<p class=\"ft-text\">Benito P\u00e9rez Gald\u00f3s visit\u00f3 Zaragoza en nueve ocasiones entre 1868 y 1908, cautivado por la valent\u00eda y el esp\u00edritu de sus habitantes, especialmente durante los Sitios. Su admiraci\u00f3n por la ciudad qued\u00f3 reflejada en sus escritos, con palabras que a\u00fan resuenan en la memoria colectiva:\u00a0<strong>\u00abZaragoza no se rinde. La reducir\u00e1n a polvo, de sus hist\u00f3ricas casas no quedar\u00e1 ladrillo sobre ladrillo\u2026 Pero entre los escombros y entre los muertos, habr\u00e1 siempre una lengua viva para decir que Zaragoza no se rinde.\u00bb<\/strong><\/p>\n<p class=\"ft-text\">Adem\u00e1s de su novela, Gald\u00f3s particip\u00f3 en el Centenario de Los Sitios en 1908 con la escritura de la \u00f3pera Zaragoza, basada en su relato. En esa ocasi\u00f3n, recibi\u00f3 un homenaje del Ayuntamiento de la ciudad, donde expres\u00f3 su profundo afecto con las siguientes palabras:\u00a0<strong>\u00abSe\u00f1ores y amigos: Decid a vuestra madre inmortal que este forastero la adora en su pasado \u00e9pico y a\u00fan m\u00e1s la glor\u00eda y enaltece en la visi\u00f3n de paz de su fecundo porvenir\u00bb.<\/strong><\/p>\n","protected":false},"excerpt":{"rendered":"A principios de este a\u00f1o, la Asociaci\u00f3n Los Sitios lanz\u00f3 una suscripci\u00f3n popular para la fundici\u00f3n de una&hellip;\n","protected":false},"author":2,"featured_media":291151,"comment_status":"","ping_status":"","sticky":false,"template":"","format":"standard","meta":{"footnotes":""},"categories":[173],"tags":[69776,229,11435,233,231,230,232,234,146,147,25,24,69777,23,491],"class_list":{"0":"post-291150","1":"post","2":"type-post","3":"status-publish","4":"format-standard","5":"has-post-thumbnail","7":"category-arte-y-diseno","8":"tag-donde-se-ubicara-el-busto-de-benito-perez-galdos-donado-a-zaragoza","9":"tag-arte","10":"tag-arte-urbano","11":"tag-arte-y-diseno","12":"tag-arts","13":"tag-arts-and-design","14":"tag-design","15":"tag-diseno","16":"tag-entertainment","17":"tag-entretenimiento","18":"tag-es","19":"tag-espana","20":"tag-los-sitios-de-zaragoza","21":"tag-spain","22":"tag-zaragoza"},"share_on_mastodon":{"url":"","error":""},"_links":{"self":[{"href":"https:\/\/www.europesays.com\/es\/wp-json\/wp\/v2\/posts\/291150","targetHints":{"allow":["GET"]}}],"collection":[{"href":"https:\/\/www.europesays.com\/es\/wp-json\/wp\/v2\/posts"}],"about":[{"href":"https:\/\/www.europesays.com\/es\/wp-json\/wp\/v2\/types\/post"}],"author":[{"embeddable":true,"href":"https:\/\/www.europesays.com\/es\/wp-json\/wp\/v2\/users\/2"}],"replies":[{"embeddable":true,"href":"https:\/\/www.europesays.com\/es\/wp-json\/wp\/v2\/comments?post=291150"}],"version-history":[{"count":0,"href":"https:\/\/www.europesays.com\/es\/wp-json\/wp\/v2\/posts\/291150\/revisions"}],"wp:featuredmedia":[{"embeddable":true,"href":"https:\/\/www.europesays.com\/es\/wp-json\/wp\/v2\/media\/291151"}],"wp:attachment":[{"href":"https:\/\/www.europesays.com\/es\/wp-json\/wp\/v2\/media?parent=291150"}],"wp:term":[{"taxonomy":"category","embeddable":true,"href":"https:\/\/www.europesays.com\/es\/wp-json\/wp\/v2\/categories?post=291150"},{"taxonomy":"post_tag","embeddable":true,"href":"https:\/\/www.europesays.com\/es\/wp-json\/wp\/v2\/tags?post=291150"}],"curies":[{"name":"wp","href":"https:\/\/api.w.org\/{rel}","templated":true}]}}