{"id":291166,"date":"2025-12-16T12:27:06","date_gmt":"2025-12-16T12:27:06","guid":{"rendered":"https:\/\/www.europesays.com\/es\/291166\/"},"modified":"2025-12-16T12:27:06","modified_gmt":"2025-12-16T12:27:06","slug":"la-plantilla-de-la-subcontrata-de-amazon-se-moviliza-para-conseguir-un-convenio-que-mejore-sus-condiciones-ela-sindikatua","status":"publish","type":"post","link":"https:\/\/www.europesays.com\/es\/291166\/","title":{"rendered":"La plantilla de la subcontrata de Amazon se moviliza para conseguir un convenio que mejore sus condiciones \u2014 ELA Sindikatua"},"content":{"rendered":"<p>\n              Las condiciones laborales son absolutamente precarias, con salarios que se limitan al SMI. Reclaman un convenio similar al que recientemente se ha firmado con Amazon en la CAPV.\n              <\/p>\n<p>La plantilla de la empresa subcontratada por Amazon para el reparto de paqueter\u00eda en Pamplona y su comarca, en torno a 70 trabajadores y trabajadoras, han iniciado movilizaciones para exigir un convenio colectivo que mejore sus condiciones laborales. Ayer la plantilla, representada por 5 representantes de ELA, se concentr\u00f3 para denunciar una situaci\u00f3n de precariedad sostenida y salarios que no superan el Salario M\u00ednimo Interprofesional (1.184 euros brutos al mes).<\/p>\n<p>La carga de trabajo y las exigencias f\u00edsicas y mentales impuestas por el modelo de reparto de Amazon son insostenibles. Entre otros, se imponen objetivos como que de cada 100 paquetes solo se puede devolver 1, lo que tensiona y precariza el trabajo. Adem\u00e1s, es un sistema que castiga la destreza, la capacidad y la experiencia, puesto que asigna cada vez m\u00e1s trabajo a quienes son m\u00e1s eficientes.<\/p>\n<p>Desde hace seis meses reclaman un convenio similar al conseguido recientemente en la CAPV, tras una negociaci\u00f3n que lleg\u00f3 a estar cerrada pero que fue paralizada alegando que no pod\u00eda aplicarse en Navarra.<\/p>\n<p>Ante el bloqueo de la negociaci\u00f3n, las y los trabajadores anuncian que continuar\u00e1n moviliz\u00e1ndose hasta que se retome el di\u00e1logo en las mismas condiciones en las que fue interrumpido.<\/p>\n","protected":false},"excerpt":{"rendered":"Las condiciones laborales son absolutamente precarias, con salarios que se limitan al SMI. Reclaman un convenio similar al&hellip;\n","protected":false},"author":2,"featured_media":291167,"comment_status":"","ping_status":"","sticky":false,"template":"","format":"standard","meta":{"footnotes":""},"categories":[80],"tags":[82,95,94,25,24,23],"class_list":{"0":"post-291166","1":"post","2":"type-post","3":"status-publish","4":"format-standard","5":"has-post-thumbnail","7":"category-economia","8":"tag-business","9":"tag-economia","10":"tag-economy","11":"tag-es","12":"tag-espana","13":"tag-spain"},"share_on_mastodon":{"url":"https:\/\/pubeurope.com\/@es\/115729245471907647","error":""},"_links":{"self":[{"href":"https:\/\/www.europesays.com\/es\/wp-json\/wp\/v2\/posts\/291166","targetHints":{"allow":["GET"]}}],"collection":[{"href":"https:\/\/www.europesays.com\/es\/wp-json\/wp\/v2\/posts"}],"about":[{"href":"https:\/\/www.europesays.com\/es\/wp-json\/wp\/v2\/types\/post"}],"author":[{"embeddable":true,"href":"https:\/\/www.europesays.com\/es\/wp-json\/wp\/v2\/users\/2"}],"replies":[{"embeddable":true,"href":"https:\/\/www.europesays.com\/es\/wp-json\/wp\/v2\/comments?post=291166"}],"version-history":[{"count":0,"href":"https:\/\/www.europesays.com\/es\/wp-json\/wp\/v2\/posts\/291166\/revisions"}],"wp:featuredmedia":[{"embeddable":true,"href":"https:\/\/www.europesays.com\/es\/wp-json\/wp\/v2\/media\/291167"}],"wp:attachment":[{"href":"https:\/\/www.europesays.com\/es\/wp-json\/wp\/v2\/media?parent=291166"}],"wp:term":[{"taxonomy":"category","embeddable":true,"href":"https:\/\/www.europesays.com\/es\/wp-json\/wp\/v2\/categories?post=291166"},{"taxonomy":"post_tag","embeddable":true,"href":"https:\/\/www.europesays.com\/es\/wp-json\/wp\/v2\/tags?post=291166"}],"curies":[{"name":"wp","href":"https:\/\/api.w.org\/{rel}","templated":true}]}}