{"id":291168,"date":"2025-12-16T12:28:18","date_gmt":"2025-12-16T12:28:18","guid":{"rendered":"https:\/\/www.europesays.com\/es\/291168\/"},"modified":"2025-12-16T12:28:18","modified_gmt":"2025-12-16T12:28:18","slug":"las-autoridades-venezolanas-detienen-a-un-dirigente-del-partido-de-la-opositora-maria-corina-machado","status":"publish","type":"post","link":"https:\/\/www.europesays.com\/es\/291168\/","title":{"rendered":"Las autoridades venezolanas detienen a un dirigente del partido de la opositora Mar\u00eda Corina Machado"},"content":{"rendered":"<p>    <img src=\"https:\/\/www.europesays.com\/es\/wp-content\/uploads\/2025\/12\/2025-12-16T103A183A11Z-90645757.jpg\" width=\"1024\" height=\"682\" alt=\"\" loading=\"eager\" decoding=\"sync\" fetchpriority=\"high\"\/><\/p>\n<p>            afp_tickers        <\/p>\n<p>        Este contenido fue publicado en    <\/p>\n<p>        16 diciembre 2025 &#8211; 11:18\n<\/p>\n<p>Agentes del servicio de inteligencia venezolano detuvieron este lunes al coordinador de gesti\u00f3n p\u00fablica de Vente Venezuela, partido liderado por la opositora y Nobel de la Paz Mar\u00eda Corina Machado, seg\u00fan denunci\u00f3 la organizaci\u00f3n en redes sociales.<\/p>\n<p>En Venezuela hay al menos 889 \u00abpresos pol\u00edticos\u00bb, seg\u00fan la oeneg\u00e9 Foro Penal, que lidera la defensa judicial de la mayor\u00eda de los casos. Defensores de derechos humanos han alertado patrones sistem\u00e1ticos de persecuci\u00f3n pol\u00edtica que incluyen \u00abdetenciones arbitrarias\u00bb y \u00abdesapariciones forzadas\u00bb.<\/p>\n<p>El comit\u00e9 de derechos humanos de Vente Venezuela alert\u00f3 el \u00absecuestro\u00bb de Melquiades Pulido Garc\u00eda por parte del Servicio Bolivariano de Inteligencia Nacional (Sebin).<\/p>\n<p>\u00abEl dirigente fue interceptado por una unidad del Sebin mientras caminaba. Le dijeron estar solicitado y se lo llevaron a la fuerza\u00bb la ma\u00f1ana del lunes en Caracas, detall\u00f3 en X.<\/p>\n<p>Pulido Garc\u00eda sufre de p\u00e1rkinson y \u00abtiene una condici\u00f3n de coagulaci\u00f3n que requiere atenci\u00f3n m\u00e9dica de extremo cuidado\u00bb para evitar afecciones card\u00edacas, inform\u00f3 Vente Venezuela, que exigi\u00f3 su libertad inmediata y la de todos los presos pol\u00edticos.<\/p>\n<p>Un equipo de expertos de la ONU advirti\u00f3 en septiembre un recrudecimiento de la persecuci\u00f3n por motivos pol\u00edticos en los \u00faltimos meses en Venezuela.<\/p>\n<p>El Sebin detuvo el 29 de noviembre al coordinador general del principal sindicato del pa\u00eds, Jos\u00e9 El\u00edas Torres, y este s\u00e1bado al director del medio digital Punto de Corte, Nicmer Evans.<\/p>\n<p>Un grupo de familiares en representaci\u00f3n de unos 900 \u00abpresos pol\u00edticos\u00bb exigieron este domingo la liberaci\u00f3n de sus seres queridos para estas navidades.<\/p>\n<p>bc\/atm\/val<\/p>\n","protected":false},"excerpt":{"rendered":"afp_tickers Este contenido fue publicado en 16 diciembre 2025 &#8211; 11:18 Agentes del servicio de inteligencia venezolano detuvieron&hellip;\n","protected":false},"author":2,"featured_media":291169,"comment_status":"","ping_status":"","sticky":false,"template":"","format":"standard","meta":{"footnotes":""},"categories":[42],"tags":[17,18,636,13,14,11,61,62,63,64,19,20,7657,17067,9,10,15,16,1384,88,44965,90,12,21,22,3191,65,66,67],"class_list":{"0":"post-291168","1":"post","2":"type-post","3":"status-publish","4":"format-standard","5":"has-post-thumbnail","7":"category-internacional","8":"tag-breaking-news","9":"tag-breakingnews","10":"tag-conflict","11":"tag-featured-news","12":"tag-featurednews","13":"tag-headlines","14":"tag-internacional","15":"tag-international","16":"tag-international-news","17":"tag-internationalnews","18":"tag-latest-news","19":"tag-latestnews","20":"tag-law-and-order","21":"tag-law-enforcement","22":"tag-news","23":"tag-noticias","24":"tag-noticias-destacadas","25":"tag-noticiasdestacadas","26":"tag-police","27":"tag-politics","28":"tag-prisoners-and-detainees","29":"tag-ticker","30":"tag-titulares","31":"tag-ultimas-noticias","32":"tag-ultimasnoticias","33":"tag-war","34":"tag-world","35":"tag-world-news","36":"tag-worldnews"},"share_on_mastodon":{"url":"","error":"Validation failed: Text character limit of 500 exceeded"},"_links":{"self":[{"href":"https:\/\/www.europesays.com\/es\/wp-json\/wp\/v2\/posts\/291168","targetHints":{"allow":["GET"]}}],"collection":[{"href":"https:\/\/www.europesays.com\/es\/wp-json\/wp\/v2\/posts"}],"about":[{"href":"https:\/\/www.europesays.com\/es\/wp-json\/wp\/v2\/types\/post"}],"author":[{"embeddable":true,"href":"https:\/\/www.europesays.com\/es\/wp-json\/wp\/v2\/users\/2"}],"replies":[{"embeddable":true,"href":"https:\/\/www.europesays.com\/es\/wp-json\/wp\/v2\/comments?post=291168"}],"version-history":[{"count":0,"href":"https:\/\/www.europesays.com\/es\/wp-json\/wp\/v2\/posts\/291168\/revisions"}],"wp:featuredmedia":[{"embeddable":true,"href":"https:\/\/www.europesays.com\/es\/wp-json\/wp\/v2\/media\/291169"}],"wp:attachment":[{"href":"https:\/\/www.europesays.com\/es\/wp-json\/wp\/v2\/media?parent=291168"}],"wp:term":[{"taxonomy":"category","embeddable":true,"href":"https:\/\/www.europesays.com\/es\/wp-json\/wp\/v2\/categories?post=291168"},{"taxonomy":"post_tag","embeddable":true,"href":"https:\/\/www.europesays.com\/es\/wp-json\/wp\/v2\/tags?post=291168"}],"curies":[{"name":"wp","href":"https:\/\/api.w.org\/{rel}","templated":true}]}}