{"id":291170,"date":"2025-12-16T12:29:08","date_gmt":"2025-12-16T12:29:08","guid":{"rendered":"https:\/\/www.europesays.com\/es\/291170\/"},"modified":"2025-12-16T12:29:08","modified_gmt":"2025-12-16T12:29:08","slug":"el-sorteo-del-ceston-de-navidad-sera-el-lunes-22-a-las-1100","status":"publish","type":"post","link":"https:\/\/www.europesays.com\/es\/291170\/","title":{"rendered":"El sorteo del Cest\u00f3n de Navidad ser\u00e1 el lunes 22 a las 11:00"},"content":{"rendered":"<p>La rifa se celebrar\u00e1 el 22 de diciembre a las 11:00 horas en el Sal\u00f3n de Plenos del Ayuntamiento y se podr\u00e1 participar hasta el d\u00eda 21<\/p>\n<p>\u00a0<\/p>\n<p>El sorteo del Cest\u00f3n de Navidad de Torrelodones, enmarcado en la campa\u00f1a de apoyo al comercio local durante las fiestas, ha modificado su horario. Finalmente, la rifa se celebrar\u00e1 el\u00a0<strong>lunes 22 de diciembre a las 11:00 horas<\/strong>, adelant\u00e1ndose una hora respecto a lo anunciado inicialmente. El sorteo tendr\u00e1 lugar en el\u00a0<strong>Sal\u00f3n de Plenos del Ayuntamiento<\/strong>.<\/p>\n<p>La iniciativa permite participar hasta el\u00a0<strong>21 de diciembre<\/strong>\u00a0mediante las compras realizadas en los comercios del municipio adheridos a la campa\u00f1a. El Cest\u00f3n de Navidad est\u00e1 compuesto por una amplia variedad de productos y servicios aportados por los propios establecimientos locales.<\/p>\n<p>\u00a0<\/p>\n<p><strong>Establecimientos y premios<\/strong><\/p>\n<p>Los establecimientos que han participado en la campa\u00f1a y los regalos son los siguientes:<\/p>\n<p><strong>H&amp;F Club Torrelodones<\/strong> (un mes de suscripci\u00f3n para dos personas), <strong>Estanco Torrelodones Colonia Jos\u00e9 Miguel Rubio<\/strong> (cactus mimbre decoraci\u00f3n), <strong>Un patio con flores<\/strong> (centro de flores), <strong>Amar a Lys<\/strong> (abrigo valorado en 240 euros), <strong>En 4 Paredes<\/strong> (de enero a junio gratis dos clases a la semana de MOVE (baile) y\/o Boom (tonificaci\u00f3n); <strong>Valentina<\/strong> (bufanda y gorro); <strong>Pincelatte<\/strong> (figuras en escayola para todas las edades); <strong>Sic Papeler\u00eda reprograf\u00eda<\/strong> (estuche Poscas); <strong>Sareka<\/strong> (un coj\u00edn); <strong>Dicafit<\/strong> (un mes gratis Dicagym); <strong>El sitio de Eva<\/strong> (ovillos de lana);<strong> Angara<\/strong> (vale de 200 euros); <strong>Sanru<\/strong> (fular); <strong>Rofit\/Ember Studio<\/strong> (Bono cuatro clases zumba &amp; barre); <strong>Economato Macabeo<\/strong> (cesta con caf\u00e9, legumbres, calabaza y sidra dulce) y <strong>HF Beauty<\/strong> (un corte y peinado).\u00a0<\/p>\n<p>Con esta acci\u00f3n se busca incentivar las compras en el comercio de proximidad durante las fechas navide\u00f1as y poner en valor la oferta comercial de Torrelodones, reforzando as\u00ed la actividad econ\u00f3mica del municipio en uno de los momentos de mayor consumo del a\u00f1o.<\/p>\n","protected":false},"excerpt":{"rendered":"La rifa se celebrar\u00e1 el 22 de diciembre a las 11:00 horas en el Sal\u00f3n de Plenos del&hellip;\n","protected":false},"author":2,"featured_media":291171,"comment_status":"","ping_status":"","sticky":false,"template":"","format":"standard","meta":{"footnotes":""},"categories":[8],"tags":[17,18,69778,69780,69779,25,24,13,14,11,19,20,67914,9,10,15,16,23,12,21,22],"class_list":{"0":"post-291170","1":"post","2":"type-post","3":"status-publish","4":"format-standard","5":"has-post-thumbnail","7":"category-espana","8":"tag-breaking-news","9":"tag-breakingnews","10":"tag-ceston-de-navidad","11":"tag-ceston-torrelodones","12":"tag-comercio-torrelodones","13":"tag-es","14":"tag-espana","15":"tag-featured-news","16":"tag-featurednews","17":"tag-headlines","18":"tag-latest-news","19":"tag-latestnews","20":"tag-navidad-torrelodones","21":"tag-news","22":"tag-noticias","23":"tag-noticias-destacadas","24":"tag-noticiasdestacadas","25":"tag-spain","26":"tag-titulares","27":"tag-ultimas-noticias","28":"tag-ultimasnoticias"},"share_on_mastodon":{"url":"https:\/\/pubeurope.com\/@es\/115729254185794686","error":""},"_links":{"self":[{"href":"https:\/\/www.europesays.com\/es\/wp-json\/wp\/v2\/posts\/291170","targetHints":{"allow":["GET"]}}],"collection":[{"href":"https:\/\/www.europesays.com\/es\/wp-json\/wp\/v2\/posts"}],"about":[{"href":"https:\/\/www.europesays.com\/es\/wp-json\/wp\/v2\/types\/post"}],"author":[{"embeddable":true,"href":"https:\/\/www.europesays.com\/es\/wp-json\/wp\/v2\/users\/2"}],"replies":[{"embeddable":true,"href":"https:\/\/www.europesays.com\/es\/wp-json\/wp\/v2\/comments?post=291170"}],"version-history":[{"count":0,"href":"https:\/\/www.europesays.com\/es\/wp-json\/wp\/v2\/posts\/291170\/revisions"}],"wp:featuredmedia":[{"embeddable":true,"href":"https:\/\/www.europesays.com\/es\/wp-json\/wp\/v2\/media\/291171"}],"wp:attachment":[{"href":"https:\/\/www.europesays.com\/es\/wp-json\/wp\/v2\/media?parent=291170"}],"wp:term":[{"taxonomy":"category","embeddable":true,"href":"https:\/\/www.europesays.com\/es\/wp-json\/wp\/v2\/categories?post=291170"},{"taxonomy":"post_tag","embeddable":true,"href":"https:\/\/www.europesays.com\/es\/wp-json\/wp\/v2\/tags?post=291170"}],"curies":[{"name":"wp","href":"https:\/\/api.w.org\/{rel}","templated":true}]}}