{"id":291172,"date":"2025-12-16T12:30:37","date_gmt":"2025-12-16T12:30:37","guid":{"rendered":"https:\/\/www.europesays.com\/es\/291172\/"},"modified":"2025-12-16T12:30:37","modified_gmt":"2025-12-16T12:30:37","slug":"lideres-de-vox-alentaron-las-donaciones-solidarias-a-la-cuenta-de-revuelta-denunciada-por-estafa","status":"publish","type":"post","link":"https:\/\/www.europesays.com\/es\/291172\/","title":{"rendered":"L\u00edderes de Vox alentaron las donaciones solidarias a la cuenta de Revuelta denunciada por estafa"},"content":{"rendered":"<p class=\"article-text\">\n        <a href=\"https:\/\/www.eldiario.es\/politica\/revuelta-marca-juvenil-impulsada-vox-convoca-protestas-sedes-psoe_1_10660800.html\" data-mrf-recirculation=\"links-noticia\" class=\"link\" rel=\"nofollow noopener\" target=\"_blank\">Revuelta es una marca creada al calor de Vox<\/a>, que pretend\u00eda representar a los m\u00e1s j\u00f3venes y dar una \u201cbatalla cultural\u201d en las universidades, como dec\u00edan en publicaciones y entrevistas. Estuvo detr\u00e1s de las protestas de Ferraz, manifestaciones contra el Gobierno o recogidas de fondos tras la dana. A los j\u00f3venes de Revuelta los han apadrinado desde su lanzamiento l\u00edderes de Vox como Manuel Mariscal o Ignacio Garriga, secretario general del partido, y quien se fotografi\u00f3 con ellos en la manifestaci\u00f3n de Col\u00f3n de 2023, donde tuvieron protagonismo y su propia pancarta, adem\u00e1s de un discurso de su portavoz, C\u00e9sar Pintado, que habl\u00f3 de tomar las calles y universidades contra la amnist\u00eda. Tambi\u00e9n el eurodiputado de Vox\u00a0<a href=\"https:\/\/twitter.com\/hermanntertsch?ref_src=twsrc%5Etfw%7Ctwcamp%5Etweetembed%7Ctwterm%5E1718984015615774738%7Ctwgr%5E30a5e7d0bf931e65ead91e32a977f25530c0dbf1%7Ctwcon%5Es1_&amp;ref_url=https%3A%2F%2Ftheobjective.com%2Fespana%2Fpolitica%2F2023-10-31%2Fvox-revuelta-juvenil-renovar-partido%2F\" target=\"_blank\" data-mrf-recirculation=\"links-noticia\" class=\"link\" rel=\"nofollow noopener\">Hermann Tertsch celebr\u00f3 su llegada en la red social X<\/a>. El tambi\u00e9n eurodiputado Jorge Buxad\u00e9 \u2013y hombre fuerte del partido\u2013 ha sido otro de sus padrinos p\u00fablicos.\n    <\/p>\n<p class=\"article-text\">\n        El 5 de diciembre de este a\u00f1o, una bomba informativa en forma de comunicado ca\u00eda en la l\u00ednea de flotaci\u00f3n de la marca juvenil cercana al partido de ultraderecha. Su vicepresidente, Arturo Villarroya (conocido como Arturo Villa, asesor del europarlamentario de Jorge Buxad\u00e9 e hijo del condenado exalcalde de Boadilla del Monte por G\u00fcrtel) aseguraba que dejaba la formaci\u00f3n \u2013que es una simple marca, porque jur\u00eddicamente lo que hay detr\u00e1s es una asociaci\u00f3n de mayores llamada Asoma\u2013\u00a0ante la sospecha del desv\u00edo de fondos solidarios recaudados para afectados por la dana. Acusaba de opacidad al presidente y secretario y suger\u00eda que el dinero pod\u00eda haber acabado en sus salarios o en la empresa de uno de ellos. Adem\u00e1s, anunciaba que lo trasladaba a la Fiscal\u00eda.\n    <\/p>\n<p class=\"article-text\">\n        Todo esto ha puesto en apuros al partido Vox, que se ha querido desmarcar de Revuelta pero que ha dejado un reguero de apoyo p\u00fablico en el pasado, lo cual incluye la publicidad de ese n\u00famero de cuenta para la dana que est\u00e1 bajo sospecha. Unos audios revelados por El Mundo y El Plural han evidenciado, adem\u00e1s, que en el partido <a href=\"https:\/\/www.eldiario.es\/politica\/vox-conocia-presuntas-irregularidades-revuelta-donaciones-dana-adelantarnos-salga-titular_1_12845359.html\" data-mrf-recirculation=\"links-noticia\" class=\"link\" rel=\"nofollow noopener\" target=\"_blank\">conoc\u00edan desde octubre las posibles irregularidades y que se debati\u00f3 c\u00f3mo hacer para que no salpicara a los de Santiago Abascal<\/a>. Vox decidi\u00f3 unirse a la denuncia y romper con la que, hasta ese momento, hab\u00eda sido su pata joven.\n    <\/p>\n<blockquote class=\"twitter-tweet\" data-lang=\"es\" data-conversation=\"none\"><p><a href=\"https:\/\/twitter.com\/X\/status\/1996988350452957511?ref_src=twsrc%5Etfw\" rel=\"nofollow noopener\" target=\"_blank\"><\/p><\/blockquote>\n<p class=\"article-text\">\n        Sin embargo, un a\u00f1o antes, altos cargos de Vox, algunas cuentas oficiales y el propio Santiago Abascal alentaron el apoyo a Revuelta y, en algunos casos, publicitaron las donaciones a ese n\u00famero de cuenta para donativos tras la riada.\n    <\/p>\n<p class=\"article-text\">\n        El l\u00edder de Vox citaba el 1 de noviembre de 2024 a la asociaci\u00f3n juvenil y le daba difusi\u00f3n a un v\u00eddeo en el que se ve\u00eda a j\u00f3venes ayudar en Val\u00e8ncia, contraponi\u00e9ndolos a la labor administrativa y oficial: \u201cFrente a la inacci\u00f3n y la incapacidad pol\u00edtica de los que deben tomar las decisiones, la Espa\u00f1a que est\u00e1 en ayudar a los espa\u00f1oles\u201d. \u201cGracias por la difusi\u00f3n, Santiago\u201d, le contestaban sus &#8216;cachorros&#8217; pol\u00edticos.\n    <\/p>\n<blockquote class=\"twitter-tweet\" data-lang=\"es\" data-conversation=\"none\"><p><a href=\"https:\/\/twitter.com\/X\/status\/1852316928548737329?ref_src=twsrc%5Etfw\" rel=\"nofollow noopener\" target=\"_blank\"><\/p><\/blockquote>\n<p class=\"article-text\">\n        El eurodiputado Hermann Tertsch iba algo m\u00e1s all\u00e1 y, directamente, anunciaba el n\u00famero de cuenta, contraponiendo la labor de Revuelta a la de Cruz Roja, a la que acusaba de destinar el dinero de donaciones de la dana a fiestas para inmigrantes ilegales: \u201cSi van a donar presten atenci\u00f3n para que su dinero vaya directamente a la regi\u00f3n devastada por la DANA en Valencia y dem\u00e1s regiones espa\u00f1olas. No vayan a hacerlo a quienes pueden acabar derivando su dinero a fiestas para inmigrantes ilegales con las alegres chicas de la Cruz Roja. Por si alguien quiere ayudar a ASOMA para alquiler de material, furgonetas, camiones, gasolina, etc, que estos bichos van a mamar 200l cada uno\u201d. A\u00f1ad\u00eda los detalles de la cuenta bancaria, que ahora no se sabe en qu\u00e9 manos y para qu\u00e9 se ha podido gastar.\n    <\/p>\n<blockquote class=\"twitter-tweet\" data-lang=\"es\" data-conversation=\"none\"><p><a href=\"https:\/\/twitter.com\/X\/status\/1852473495348969653?ref_src=twsrc%5Etfw\" rel=\"nofollow noopener\" target=\"_blank\"><\/p><\/blockquote>\n<p class=\"article-text\">\n        El eurodiputado Jorge Buxad\u00e9 defendi\u00f3 desde su nacimiento a Revuelta. No en balde el vicepresidente ahora dimitido de la asociaci\u00f3n, Arturo Villa, ha sido su asesor y mano derecha en el Parlamento Europeo. Buxad\u00e9 fue m\u00e1s all\u00e1 e hizo proselitismo para difundir el n\u00famero entre todos los europarlamentarios, seg\u00fan anunci\u00f3 tras la tragedia. Lo recogi\u00f3 as\u00ed la web oficial de Vox, en una comunicaci\u00f3n de la que m\u00e1s tarde ha borrado el rastro, <a href=\"https:\/\/web.archive.org\/web\/20241103110709\/https:\/\/www.voxespana.es\/vox_europa\/vox-activa-una-peticion-de-ayuda-a-nivel-europeo-para-la-catastrofe-de-valencia-y-denuncia-las-graves-negligencias-en-las-administraciones-20241103\" data-mrf-recirculation=\"links-noticia\" class=\"link\" target=\"_blank\" rel=\"nofollow noopener\">que a\u00fan se puede consultar en la versi\u00f3n de archivo<\/a> de la web el 3 de noviembre: \u201cBuxad\u00e9 ha elogiado especialmente la labor de la asociaci\u00f3n juvenil Revuelta, que est\u00e1 coordinando ayuda humanitaria desde varias ciudades de Espa\u00f1a y ha logrado movilizar m\u00e1s de 100 furgonetas, 60 camiones y 36 tr\u00e1ileres llenos de material de primera necesidad hacia las zonas afectadas. VOX y el Sindicato Solidaridad est\u00e1n colaborando activamente con esta asociaci\u00f3n\u201d, admit\u00eda el escrito, que pasaba a dar los datos para colaborar con dinero en la cuenta. Vox se ha distanciado ahora de la actuaci\u00f3n de Revuelta en la gesti\u00f3n de la dana.\n    <\/p>\n<p class=\"article-text\">\n        Adem\u00e1s, grupos oficiales en redes sociales como Vox Burgos pidieron directamente dinero para esa cuenta bancaria. Vox en Barcelona, territorio del secretario general del partido, Ignacio Garriga, tambi\u00e9n cedi\u00f3 su espacio para las donaciones que estaba gestionando Revuelta, seg\u00fan anunci\u00f3 en X.\n    <\/p>\n<blockquote class=\"twitter-tweet\" data-lang=\"es\" data-conversation=\"none\"><p><a href=\"https:\/\/twitter.com\/X\/status\/1852081949826748591?ref_src=twsrc%5Etfw\" rel=\"nofollow noopener\" target=\"_blank\"><\/p><\/blockquote>\n<p class=\"article-text\">\n        Todo cambi\u00f3 hace unas semanas tras los rumores de posibles irregularidades en la gesti\u00f3n de fondos. El pasado 30 de noviembre, Vox inform\u00f3 de la presentaci\u00f3n de su denuncia ante la Autoridad Independiente de Protecci\u00f3n del Informante, un organismo impulsado por el Gobierno en el marco del Plan de Acci\u00f3n por la Democracia y que entr\u00f3 en funcionamiento el pasado 1 de septiembre. Fuentes del partido confirmaron a Efe que la denuncia fue registrada de forma simult\u00e1nea a la presentada ese d\u00eda ante la Fiscal\u00eda por el vicepresidente Revuelta, Arturo Villarroya, y otro miembro de la Junta Directiva, Javier Esteban Bejarano, hasta entonces vocal de la asociaci\u00f3n que le da cobertura legal, Asoma.\n    <\/p>\n<p>    <a href=\"https:\/\/www.eldiario.es\/politica\/acabo-amor-vox-revuelta-organizacion-juvenil-hunde-raices-yunque_1_12839623.html\" data-mrf-recirculation=\"saber-mas-abajo\" data-dl-event=\"saber-mas-abajo\" rel=\"nofollow noopener\" target=\"_blank\"><\/p>\n<p class=\"know-more__title\">Se acab\u00f3 el amor entre Vox y Revuelta, la organizaci\u00f3n juvenil que hunde sus ra\u00edces en El Yunque<\/p>\n<p>            <img decoding=\"async\" class=\"lazy\" loading=\"lazy\" data-src=\"https:\/\/static.eldiario.es\/clip\/b842a3ab-2092-4b73-aa4c-990e2c41dd90_16-9-aspect-ratio_default_0.jpg\" src=\"data:image\/svg+xml,%3Csvg xmlns=\" http:=\"\" viewbox=\"0 0 880 495\" alt=\"Se acab\u00f3 el amor entre Vox y Revuelta, la organizaci\u00f3n juvenil que hunde sus ra\u00edces en El Yunque\"\/><\/p>\n<p>                        <\/a><\/p>\n<p class=\"article-text\">\n        Ambos denunciaron al presidente de la organizaci\u00f3n, Jaime Hern\u00e1ndez Z\u00fa\u00f1iga; al secretario, Pablo Gonz\u00e1lez Gasca; y al vocal Santiago Aneiros por presuntas irregularidades graves y posible estafa en el destino de fondos y en el cobro de cuotas de afiliaci\u00f3n sin derechos asociados. Otra comunicaci\u00f3n en X de Revuelta este lunes acusa a Vox de querer controlar la marca y de haberse inventado irregularidades despu\u00e9s de no haber conseguido hacerse con el control. El idilio entre el partido y los j\u00f3venes que surgi\u00f3 en 2023, mientras se gestaba la amnist\u00eda, ha dado al traste dos a\u00f1os despu\u00e9s con denuncias cruzadas y la posibilidad de una investigaci\u00f3n que debe aclarar si las donaciones para la dana han beneficiado o no a los afectados de la riada.\n    <\/p>\n<blockquote class=\"twitter-tweet\" data-lang=\"es\" data-conversation=\"none\"><p><a href=\"https:\/\/twitter.com\/X\/status\/2000541296969093363?ref_src=twsrc%5Etfw\" rel=\"nofollow noopener\" target=\"_blank\"><\/p><\/blockquote>\n<p>                                    <script async src=\"https:\/\/platform.twitter.com\/widgets.js\" charset=\"utf-8\"><\/script><\/p>\n","protected":false},"excerpt":{"rendered":"Revuelta es una marca creada al calor de Vox, que pretend\u00eda representar a los m\u00e1s j\u00f3venes y dar&hellip;\n","protected":false},"author":2,"featured_media":291173,"comment_status":"","ping_status":"","sticky":false,"template":"","format":"standard","meta":{"footnotes":""},"categories":[5],"tags":[69781,17,18,2196,69783,12943,25,24,9701,13,14,11,19,20,19715,9,10,15,16,528,69782,23,12,21,22,624],"class_list":{"0":"post-291172","1":"post","2":"type-post","3":"status-publish","4":"format-standard","5":"has-post-thumbnail","7":"category-titulares","8":"tag-alentaron","9":"tag-breaking-news","10":"tag-breakingnews","11":"tag-cuenta","12":"tag-denunciada","13":"tag-donaciones","14":"tag-es","15":"tag-espana","16":"tag-estafa","17":"tag-featured-news","18":"tag-featurednews","19":"tag-headlines","20":"tag-latest-news","21":"tag-latestnews","22":"tag-lideres","23":"tag-news","24":"tag-noticias","25":"tag-noticias-destacadas","26":"tag-noticiasdestacadas","27":"tag-revuelta","28":"tag-solidarias","29":"tag-spain","30":"tag-titulares","31":"tag-ultimas-noticias","32":"tag-ultimasnoticias","33":"tag-vox"},"share_on_mastodon":{"url":"https:\/\/pubeurope.com\/@es\/115729257179394511","error":""},"_links":{"self":[{"href":"https:\/\/www.europesays.com\/es\/wp-json\/wp\/v2\/posts\/291172","targetHints":{"allow":["GET"]}}],"collection":[{"href":"https:\/\/www.europesays.com\/es\/wp-json\/wp\/v2\/posts"}],"about":[{"href":"https:\/\/www.europesays.com\/es\/wp-json\/wp\/v2\/types\/post"}],"author":[{"embeddable":true,"href":"https:\/\/www.europesays.com\/es\/wp-json\/wp\/v2\/users\/2"}],"replies":[{"embeddable":true,"href":"https:\/\/www.europesays.com\/es\/wp-json\/wp\/v2\/comments?post=291172"}],"version-history":[{"count":0,"href":"https:\/\/www.europesays.com\/es\/wp-json\/wp\/v2\/posts\/291172\/revisions"}],"wp:featuredmedia":[{"embeddable":true,"href":"https:\/\/www.europesays.com\/es\/wp-json\/wp\/v2\/media\/291173"}],"wp:attachment":[{"href":"https:\/\/www.europesays.com\/es\/wp-json\/wp\/v2\/media?parent=291172"}],"wp:term":[{"taxonomy":"category","embeddable":true,"href":"https:\/\/www.europesays.com\/es\/wp-json\/wp\/v2\/categories?post=291172"},{"taxonomy":"post_tag","embeddable":true,"href":"https:\/\/www.europesays.com\/es\/wp-json\/wp\/v2\/tags?post=291172"}],"curies":[{"name":"wp","href":"https:\/\/api.w.org\/{rel}","templated":true}]}}