{"id":291178,"date":"2025-12-16T12:39:23","date_gmt":"2025-12-16T12:39:23","guid":{"rendered":"https:\/\/www.europesays.com\/es\/291178\/"},"modified":"2025-12-16T12:39:23","modified_gmt":"2025-12-16T12:39:23","slug":"hifi-el-deseo-que-amenaza-al-barca-de-xavi-pascual","status":"publish","type":"post","link":"https:\/\/www.europesays.com\/es\/291178\/","title":{"rendered":"Hifi, el deseo que amenaza al Bar\u00e7a de Xavi Pascual"},"content":{"rendered":"<p class=\"ft-text\"><a class=\"ft-link ft-link--decoration\" href=\"https:\/\/www.sport.es\/es\/barca\/baloncesto\/\" rel=\"nofollow noopener\" target=\"_blank\"><strong>El Bar\u00e7a de Xavi Pascual<\/strong><\/a><strong> est\u00e1 encandilando a todos sus aficionados<\/strong> con el cambio de rumbo que ha protagonizado el equipo desde la llegada del t\u00e9cnico. M\u00e1s all\u00e1 de los resultados (que est\u00e1n siendo muy positivos), lo mejor es <strong>la sensaci\u00f3n de solidez, especialmente defensiva, que transmite el equipo<\/strong>. Desmontando el mantra de que en la plantilla no hay jugadores que sean capaces de defender a buen nivel, Pascual ha conseguido que el Bar\u00e7a haya <strong>rebajado much\u00edsimo los puntos concedidos por partido<\/strong>, si tenemos en cuenta los guarismos del primer tramo de temporada.<\/p>\n<p><img decoding=\"async\" src=\"https:\/\/www.europesays.com\/es\/wp-content\/uploads\/2025\/12\/42cb7c2b-7338-4b2e-a114-31112ca6dabf_alta-libre-aspect-ratio_default_0.jpg\" width=\"1200\" height=\"675\" alt=\"Nadir Hifi ya es una estrella del baloncesto\" class=\"ft-helper-img-rd\" loading=\"lazy\"\/><\/p>\n<p class=\"ft-helper-fontColor-quaternary ft-helper-fontSize-body-S ft-helper-spacer-t-xxs\">Nadir Hifi es el l\u00edder absoluto del Par\u00eds Basketball  \/ EFE<\/p>\n<p class=\"ft-text\">Sin embargo, <strong>el conjunto azulgrana afronta este martes (21 h) un nuevo examen<\/strong>, ante uno de los equipos m\u00e1s particulares de la Euroliga. Se trata del <strong>Par\u00eds Basketball de Francesco Tabellini<\/strong>. El italiano tom\u00f3 las riendas del equipo este pasado verano, tras <strong>la marcha de Tiago Splitter a la NBA<\/strong>. A pesar del cambio en el banquillo, <strong>la filosof\u00eda de correr y jugar a muchas posesiones se mantiene intacta<\/strong>. Los parisinos, m\u00e1s all\u00e1 de a su t\u00e9cnico, tambi\u00e9n perdieron a un bloque de jugadores que, ante sus grandes actuaciones del pasado curso, deslumbraron a media Europa. Sin duda, <strong>la p\u00e9rdida m\u00e1s sensible fue T.J. Shorts<\/strong>, que tras ser uno de los jugadores m\u00e1s valorados de la \u00faltima edici\u00f3n de la Euroliga, <strong>fich\u00f3 por el Panathinaikos de Ergin Ataman<\/strong>.<\/p>\n<p>Nadir Hifi decidi\u00f3 apostar por su continuidad<\/p>\n<p class=\"ft-text\">A pesar de la desbandada provocada por la marcha de grandes nombres como <strong>Shorts, Jantunen, Lo o Tyson Ward<\/strong>, entre otros, no todo fueron malas noticias para el cuadro franc\u00e9s. Nadir Hifi fue una de las grandes revelaciones de la pasada temporada, y a pesar de tener muchos pretendientes, <strong>tom\u00f3 la valiente decisi\u00f3n de seguir en Par\u00eds<\/strong>. El franc\u00e9s, que <strong>disput\u00f3 el pasado Eurobasket<\/strong> con su selecci\u00f3n, est\u00e1 siendo uno de los grandes atractivos del presente curso en la Euroliga, y <strong>ha dejado de ser una revelaci\u00f3n para convertirse en toda una realidad<\/strong>.<\/p>\n<p class=\"ft-text\">Es el <strong>m\u00e1ximo anotador en lo que va de temporada, y el \u00fanico jugador que supera los 20 puntos por partido (20,9)<\/strong>. Tambi\u00e9n <strong>lidera a su equipo en minutos (23:02), robos (1,5), faltas recibidas (5,6) y valoraci\u00f3n (18,4)<\/strong>.<\/p>\n<p>Anterior objeto de deseo del Bar\u00e7a<\/p>\n<p class=\"ft-text\">El pasado verano, <strong>Hifi despert\u00f3 el inter\u00e9s de muchos equipos de la Euroliga, entre ellos el Bar\u00e7a<\/strong>. Sin embargo, en las oficinas azulgranas acabaron apostando por otros fichajes. Una de las grandes caracter\u00edsticas de Hifi es su <strong>capacidad para poder alternar las posiciones de base y escolta<\/strong>. Con Splitter jug\u00f3 m\u00e1s minutos como &#8216;2&#8217;, pero esta temporada se est\u00e1 desempe\u00f1ando en la posici\u00f3n de &#8216;1&#8217;, ante la falta de un jugador m\u00e1s director, tambi\u00e9n limitado por su baja estatura (185 cent\u00edmetros). <strong>Acaba contrato el pr\u00f3ximo verano, as\u00ed que ser\u00e1 sin duda uno de los &#8216;caramelos&#8217; en el pr\u00f3ximo mercado de Euroliga<\/strong>.<\/p>\n<p class=\"ft-text\">Los de Xavi Pascual deber\u00e1n preparar un entramado defensivo que sea suficiente para frenar a un equipo totalmente desacomplejado y caracterizado por su valent\u00eda, anarqu\u00eda y descaro.<\/p>\n","protected":false},"excerpt":{"rendered":"El Bar\u00e7a de Xavi Pascual est\u00e1 encandilando a todos sus aficionados con el cambio de rumbo que ha&hellip;\n","protected":false},"author":2,"featured_media":291179,"comment_status":"","ping_status":"","sticky":false,"template":"","format":"standard","meta":{"footnotes":""},"categories":[269],"tags":[299,2296,298,168,25,24,833,55070,4759,23,167,4658],"class_list":{"0":"post-291178","1":"post","2":"type-post","3":"status-publish","4":"format-standard","5":"has-post-thumbnail","7":"category-baloncesto","8":"tag-baloncesto","9":"tag-barca","10":"tag-basketball","11":"tag-deportes","12":"tag-es","13":"tag-espana","14":"tag-euroliga","15":"tag-nadir-hifi","16":"tag-paris","17":"tag-spain","18":"tag-sports","19":"tag-xavi-pascual"},"share_on_mastodon":{"url":"https:\/\/pubeurope.com\/@es\/115729293154002846","error":""},"_links":{"self":[{"href":"https:\/\/www.europesays.com\/es\/wp-json\/wp\/v2\/posts\/291178","targetHints":{"allow":["GET"]}}],"collection":[{"href":"https:\/\/www.europesays.com\/es\/wp-json\/wp\/v2\/posts"}],"about":[{"href":"https:\/\/www.europesays.com\/es\/wp-json\/wp\/v2\/types\/post"}],"author":[{"embeddable":true,"href":"https:\/\/www.europesays.com\/es\/wp-json\/wp\/v2\/users\/2"}],"replies":[{"embeddable":true,"href":"https:\/\/www.europesays.com\/es\/wp-json\/wp\/v2\/comments?post=291178"}],"version-history":[{"count":0,"href":"https:\/\/www.europesays.com\/es\/wp-json\/wp\/v2\/posts\/291178\/revisions"}],"wp:featuredmedia":[{"embeddable":true,"href":"https:\/\/www.europesays.com\/es\/wp-json\/wp\/v2\/media\/291179"}],"wp:attachment":[{"href":"https:\/\/www.europesays.com\/es\/wp-json\/wp\/v2\/media?parent=291178"}],"wp:term":[{"taxonomy":"category","embeddable":true,"href":"https:\/\/www.europesays.com\/es\/wp-json\/wp\/v2\/categories?post=291178"},{"taxonomy":"post_tag","embeddable":true,"href":"https:\/\/www.europesays.com\/es\/wp-json\/wp\/v2\/tags?post=291178"}],"curies":[{"name":"wp","href":"https:\/\/api.w.org\/{rel}","templated":true}]}}