{"id":29118,"date":"2025-08-06T09:40:09","date_gmt":"2025-08-06T09:40:09","guid":{"rendered":"https:\/\/www.europesays.com\/es\/29118\/"},"modified":"2025-08-06T09:40:09","modified_gmt":"2025-08-06T09:40:09","slug":"evenepoel-ficha-por-red-bull-para-2026","status":"publish","type":"post","link":"https:\/\/www.europesays.com\/es\/29118\/","title":{"rendered":"Evenepoel ficha por Red Bull para 2026"},"content":{"rendered":"<p class=\"voc-p\" style=\"\">Lo que era un secreto a voces ya es una realidad, Remco Evenepoel corerr\u00e1 para el Red Bull-BORA a partir de 2026. El ciclista, que lleva en Soudal Quick-Step desde 2019, ten\u00eda contrato vigente hasta finales del pr\u00f3ximo a\u00f1o, pero tras no llegar a un acuerdo en las negociaciones, este se romper\u00e1 al concluir la presente temporada.<\/p>\n<p class=\"voc-p\" style=\"\">\u00abRepresentantes de Remco informaron a la direcci\u00f3n del equipo que no deseaba negociar una extensi\u00f3n de su contrato actual, que vence a finales de 2026. Tras consultar con nuestros patrocinadores y socios, la direcci\u00f3n y los propietarios del equipo han decidido, en beneficio de todos, acordar la marcha de Remco al final de la presente temporada 2025. Si bien lamentamos la decisi\u00f3n de Remco de marcharse, seguiremos compartiendo los recuerdos que hemos creado y seguiremos trabajando juntos para lograr resultados significativos durante el resto de la temporada\u00bb, se\u00f1al\u00f3 Soudal en el comunicado oficial.<\/p>\n<p class=\"voc-p\" style=\"\">Adem\u00e1s, aprovech\u00f3 para soltar un dardo a su ya ex-ciclista: \u00abCreemos firmemente en el esp\u00edritu de equipo que nos vali\u00f3 el sobrenombre de &#8216;Manada de lobos&#8217; y seguiremos esforz\u00e1ndonos por ser un equipo m\u00e1s fuerte que cualquier individuo\u00bb.<\/p>\n<p class=\"voc-p\" style=\"\">El doble campe\u00f3n ol\u00edmpico y el equipo belga separan sus caminos despu\u00e9s de 6 temporadas, en las que Evenepoel atesora 64 victorias, incluyendo el campeonato del mundo en ruta, dos campeonatos del mundo contrarreloj, dos Lieja-Basto\u00f1a-Lieja, una Vuelta a Espa\u00f1a, adem\u00e1s de cinco etapas, dos etapas del Tour de Francia, con podio en la general del a\u00f1o pasado, y dos oros ol\u00edmpicos en los Juegos de Par\u00eds, con victoria tanto en ruta como en contrarreloj.<\/p>\n<p class=\"voc-p\" style=\"\">\u00abNo solo aporta un talento atl\u00e9tico excepcional, sino tambi\u00e9n una mentalidad excepcional. Su determinaci\u00f3n, profesionalismo y su incansable af\u00e1n de superaci\u00f3n son verdaderamente inspiradores. Remco es sin\u00f3nimo de ambici\u00f3n. Quiere transformar el ciclismo\u00bb, afirma Ralph Denk, director ejecutivo de Red Bull-Bora-hansgrohe.<\/p>\n<p class=\"voc-p\" style=\"\">El ganador del V\u00e9lo d&#8217;Or 2022 corerr\u00e1 al lado de Primoz Roglic, que asumir\u00e1 el rol de l\u00edder, y Florian Lipowitz, que viene de ser tercero en el Dauphin\u00e9 y en el Tour de Francia.<\/p>\n<p>Reportar un error<\/p>\n","protected":false},"excerpt":{"rendered":"Lo que era un secreto a voces ya es una realidad, Remco Evenepoel corerr\u00e1 para el Red Bull-BORA&hellip;\n","protected":false},"author":2,"featured_media":29119,"comment_status":"","ping_status":"","sticky":false,"template":"","format":"standard","meta":{"footnotes":""},"categories":[273],"tags":[3076,7478,313,312,168,25,24,2680,1750,905,23,167],"class_list":{"0":"post-29118","1":"post","2":"type-post","3":"status-publish","4":"format-standard","5":"has-post-thumbnail","7":"category-ciclismo","8":"tag-3076","9":"tag-bull","10":"tag-ciclismo","11":"tag-cycling","12":"tag-deportes","13":"tag-es","14":"tag-espana","15":"tag-evenepoel","16":"tag-ficha","17":"tag-red","18":"tag-spain","19":"tag-sports"},"share_on_mastodon":{"url":"","error":""},"_links":{"self":[{"href":"https:\/\/www.europesays.com\/es\/wp-json\/wp\/v2\/posts\/29118","targetHints":{"allow":["GET"]}}],"collection":[{"href":"https:\/\/www.europesays.com\/es\/wp-json\/wp\/v2\/posts"}],"about":[{"href":"https:\/\/www.europesays.com\/es\/wp-json\/wp\/v2\/types\/post"}],"author":[{"embeddable":true,"href":"https:\/\/www.europesays.com\/es\/wp-json\/wp\/v2\/users\/2"}],"replies":[{"embeddable":true,"href":"https:\/\/www.europesays.com\/es\/wp-json\/wp\/v2\/comments?post=29118"}],"version-history":[{"count":0,"href":"https:\/\/www.europesays.com\/es\/wp-json\/wp\/v2\/posts\/29118\/revisions"}],"wp:featuredmedia":[{"embeddable":true,"href":"https:\/\/www.europesays.com\/es\/wp-json\/wp\/v2\/media\/29119"}],"wp:attachment":[{"href":"https:\/\/www.europesays.com\/es\/wp-json\/wp\/v2\/media?parent=29118"}],"wp:term":[{"taxonomy":"category","embeddable":true,"href":"https:\/\/www.europesays.com\/es\/wp-json\/wp\/v2\/categories?post=29118"},{"taxonomy":"post_tag","embeddable":true,"href":"https:\/\/www.europesays.com\/es\/wp-json\/wp\/v2\/tags?post=29118"}],"curies":[{"name":"wp","href":"https:\/\/api.w.org\/{rel}","templated":true}]}}