{"id":291188,"date":"2025-12-16T12:46:08","date_gmt":"2025-12-16T12:46:08","guid":{"rendered":"https:\/\/www.europesays.com\/es\/291188\/"},"modified":"2025-12-16T12:46:08","modified_gmt":"2025-12-16T12:46:08","slug":"el-villancico-de-mariah-carey-rompe-nuevo-record-al-mantenerse-20-semanas-en-el-numero-uno-cultura","status":"publish","type":"post","link":"https:\/\/www.europesays.com\/es\/291188\/","title":{"rendered":"El villancico de Mariah Carey rompe nuevo r\u00e9cord al mantenerse 20 semanas en el n\u00famero uno | Cultura"},"content":{"rendered":"<p class=\"\">La cantante <a href=\"https:\/\/elpais.com\/noticias\/mariah-carey\/\" target=\"_self\" rel=\"nofollow noopener\" title=\"https:\/\/elpais.com\/noticias\/mariah-carey\/\">Mariah Carey<\/a> ha vuelto a romper un r\u00e9cord musical en Navidad con su famoso villancico All I Want for Christmas Is You. Esta vez ha logrado que el tema se mantenga durante 20 semanas en el n\u00famero 1 de la lista Billboard Hot 100!, algo que ninguna otra canci\u00f3n hab\u00eda alcanzado antes. \u201cHumildemente retomando la antorcha. 20 semanas en el n\u00famero uno. Estoy tan agradecida\u201d, reaccion\u00f3 la artista en su cuenta de Instagram.<\/p>\n<p class=\"\">La canci\u00f3n, lanzada originalmente en 1994, supera el n\u00famero 1 de otros dos \u00e9xitos que lideraron el Hot 100 como A Bar Song (Tipsy) de Shaboozey, en 2024, y Old Town Road de Lil Nas X, con Billy Ray Cyrus, en 2019, recuerda la revista Billboard. De esta forma Carey se alza con el r\u00e9cord de longevidad del n\u00famero 1 del Hot 100 por segunda vez. En 1995-96, One Sweet Day, interpretada por ella y Boyz II Men, domin\u00f3 la lista durante 16 semanas. Esta marca se mantuvo hasta que fue igualada por Despacito de Luis Fonsi y Daddy Yankee, con Justin Bieber, en 2017. <\/p>\n<p class=\"\">Adem\u00e1s, All I Want for Christmas Is You lleva ya 77 semanas en el Hot 100, igualando a Levitating de Dua Lipa, como el tema con m\u00e1s tiempo en la lista de una artista femenina. El popular villancico pop de la cantante estadounidense se edit\u00f3 en el \u00e1lbum Merry Christmas, en noviembre de 1994 y, con el auge del streaming y la creciente presencia de la m\u00fasica navide\u00f1a en las listas de reproducci\u00f3n, lleg\u00f3 al top 10 por primera vez en diciembre de 2017 y al top 5 en la temporada navide\u00f1a de 2018, seg\u00fan la revista. Finalmente, lider\u00f3 la lista durante las fiestas de 2019 (tres semanas),2020 (dos), 2021 (tres), 2022 (cuatro), 2023 (dos) y 2024 (cuatro). <\/p>\n<p class=\"\">El Hot 100 combina datos de streaming de todos los g\u00e9neros en EE.UU. (audio y video oficiales), difusi\u00f3n en radio y ventas. Y Luminate, el proveedor independiente de datos de las listas de Billboard, realiza una revisi\u00f3n exhaustiva de todos los datos enviados para compilar las clasificaciones semanales. <\/p>\n<p>M\u00e1s informaci\u00f3n<\/p>\n<p class=\"\">En los \u00faltimos a\u00f1os, Carey hace su tradicional inauguraci\u00f3n de la temporada navide\u00f1a con su anuncio anual y su ya popular \u201cYa es hora\u201d que canta al ritmo de su canci\u00f3n m\u00e1s internacional. Este 2025 lo lanz\u00f3 el d\u00eda 1 de noviembre. <\/p>\n","protected":false},"excerpt":{"rendered":"La cantante Mariah Carey ha vuelto a romper un r\u00e9cord musical en Navidad con su famoso villancico All&hellip;\n","protected":false},"author":2,"featured_media":291189,"comment_status":"","ping_status":"","sticky":false,"template":"","format":"standard","meta":{"footnotes":""},"categories":[170],"tags":[218,3061,209,146,147,25,24,1836,184,185,2951,23,69784],"class_list":{"0":"post-291188","1":"post","2":"type-post","3":"status-publish","4":"format-standard","5":"has-post-thumbnail","7":"category-musica","8":"tag-canciones","9":"tag-cantantes","10":"tag-cultura","11":"tag-entertainment","12":"tag-entretenimiento","13":"tag-es","14":"tag-espana","15":"tag-mariah-carey","16":"tag-music","17":"tag-musica","18":"tag-navidad","19":"tag-spain","20":"tag-villancicos"},"share_on_mastodon":{"url":"https:\/\/pubeurope.com\/@es\/115729320328315511","error":""},"_links":{"self":[{"href":"https:\/\/www.europesays.com\/es\/wp-json\/wp\/v2\/posts\/291188","targetHints":{"allow":["GET"]}}],"collection":[{"href":"https:\/\/www.europesays.com\/es\/wp-json\/wp\/v2\/posts"}],"about":[{"href":"https:\/\/www.europesays.com\/es\/wp-json\/wp\/v2\/types\/post"}],"author":[{"embeddable":true,"href":"https:\/\/www.europesays.com\/es\/wp-json\/wp\/v2\/users\/2"}],"replies":[{"embeddable":true,"href":"https:\/\/www.europesays.com\/es\/wp-json\/wp\/v2\/comments?post=291188"}],"version-history":[{"count":0,"href":"https:\/\/www.europesays.com\/es\/wp-json\/wp\/v2\/posts\/291188\/revisions"}],"wp:featuredmedia":[{"embeddable":true,"href":"https:\/\/www.europesays.com\/es\/wp-json\/wp\/v2\/media\/291189"}],"wp:attachment":[{"href":"https:\/\/www.europesays.com\/es\/wp-json\/wp\/v2\/media?parent=291188"}],"wp:term":[{"taxonomy":"category","embeddable":true,"href":"https:\/\/www.europesays.com\/es\/wp-json\/wp\/v2\/categories?post=291188"},{"taxonomy":"post_tag","embeddable":true,"href":"https:\/\/www.europesays.com\/es\/wp-json\/wp\/v2\/tags?post=291188"}],"curies":[{"name":"wp","href":"https:\/\/api.w.org\/{rel}","templated":true}]}}