{"id":291194,"date":"2025-12-16T12:49:05","date_gmt":"2025-12-16T12:49:05","guid":{"rendered":"https:\/\/www.europesays.com\/es\/291194\/"},"modified":"2025-12-16T12:49:05","modified_gmt":"2025-12-16T12:49:05","slug":"noche-critica-en-las-urgencias-de-madrid-camas-improvisadas-en-salas-de-espera-personal-al-limite-y-hasta-pacientes-con-cancer-sin-medico-noticias-de-madrid","status":"publish","type":"post","link":"https:\/\/www.europesays.com\/es\/291194\/","title":{"rendered":"Noche cr\u00edtica en las Urgencias de Madrid: camas improvisadas en salas de espera, personal al l\u00edmite y hasta pacientes con c\u00e1ncer sin m\u00e9dico | Noticias de Madrid"},"content":{"rendered":"<p class=\"\">Esta madrugada ha sido cr\u00edtica en los centros sanitarios de Madrid, muy larga para los profesionales, <a href=\"https:\/\/elpais.com\/espana\/madrid\/2025-11-26\/la-gripe-se-dispara-y-la-falta-de-enfermeras-ahoga-a-los-hospitales-en-madrid-no-podemos-mas.html\" target=\"_self\" rel=\"nofollow noopener\" title=\"https:\/\/elpais.com\/espana\/madrid\/2025-11-26\/la-gripe-se-dispara-y-la-falta-de-enfermeras-ahoga-a-los-hospitales-en-madrid-no-podemos-mas.html\">que aseguran estar al l\u00edmite<\/a>. La gripe pone contra las cuerdas las Urgencias. El Hospital Cl\u00ednico San Carlos ha cambiado las sillas de la sala de espera por camas para dar cobijo al mayor n\u00famero de enfermos posible. \u201cA las 21.30 hab\u00eda 145 pacientes esperando a ser atendidos, m\u00e1s del doble de su capacidad. Solo en la unidad de agudos, en esos momentos 12 personas estaban pendientes de recibir una cama desde hac\u00eda m\u00e1s de cuatro horas\u201d, reporta el celador Santiago, que prefiere no revelar su apellido. Denuncia hacinamiento y alto riesgo de contagio entre usuarios, la mayor\u00eda de edad avanzada, con diferentes patolog\u00edas y problemas respiratorios. En La Princesa, un sanitario de 31 a\u00f1os, que no quiere ser identificado, reporta que<a href=\"https:\/\/elpais.com\/espana\/madrid\/2024-09-16\/los-pacientes-oncologicos-de-madrid-podran-elegir-ser-tratados-en-sus-casas-a-partir-de-2026.html\" target=\"_self\" rel=\"nofollow noopener\" title=\"https:\/\/elpais.com\/espana\/madrid\/2024-09-16\/los-pacientes-oncologicos-de-madrid-podran-elegir-ser-tratados-en-sus-casas-a-partir-de-2026.html\"> hab\u00eda pacientes oncol\u00f3gicos<\/a> \u201csin ser atendidos por un m\u00e9dico\u201d. <\/p>\n<p class=\"\"><a href=\"https:\/\/elpais.com\/espana\/madrid\/2025-02-15\/el-12-de-octubre-la-gran-obra-sanitaria-de-ayuso-es-un-compendio-de-incidencias-a-pocos-meses-de-su-puesta-en-marcha.html\" target=\"_self\" rel=\"nofollow noopener\" title=\"https:\/\/elpais.com\/espana\/madrid\/2025-02-15\/el-12-de-octubre-la-gran-obra-sanitaria-de-ayuso-es-un-compendio-de-incidencias-a-pocos-meses-de-su-puesta-en-marcha.html\">En el Hospital 12 de Octubre<\/a>, despu\u00e9s de m\u00e1s de dos d\u00e9cadas de servicio, Ana se plantea dejar de trabajar en Urgencias, donde hab\u00eda 257 pacientes a las 00.30. \u201cLa tarde fue horrible y la madrugada, muy mala. A medianoche todav\u00eda se atend\u00edan a los ciudadanos que hab\u00edan llegado a las 18.30. La cosa est\u00e1 peor que nunca desde la pandemia\u2033, comenta. Asegura que llegaron a ser 82 personas en una sala con capacidad para 40, una cifra r\u00e9cord. La mayor\u00eda, indica, es poblaci\u00f3n con patolog\u00eda psiqui\u00e1trica o con gripe. <\/p>\n<p class=\"\">\u201cNo hay camas para todos y <a href=\"https:\/\/elpais.com\/sociedad\/2025-01-16\/los-virus-invernales-desbordan-los-hospitales-mientras-los-contagios-se-disparan.html\" target=\"_self\" rel=\"nofollow noopener\" title=\"https:\/\/elpais.com\/sociedad\/2025-01-16\/los-virus-invernales-desbordan-los-hospitales-mientras-los-contagios-se-disparan.html\">mientras aguardan en el box se pueden infectar<\/a>. Los que est\u00e1n mejor se quedan en la sala de espera, pero muchos tienen fiebre alta y neumon\u00eda\u201d, explica esta enfermera, que tambi\u00e9n opta por no revelar su apellido. \u201cHay pacientes que llevan seis horas esperando a ser atendidos, cuando solo deber\u00edan aguardar una\u201d, expresa en referencia al triaje, el proceso de clasificaci\u00f3n que se utiliza en Urgencias para priorizar la atenci\u00f3n seg\u00fan la gravedad del estado de salud.<\/p>\n<p class=\"\">A medianoche, ella ten\u00eda 51 usuarios asignados en la zona de consultas, donde se encuentran los que est\u00e1n en mejor estado. \u201cSolo hab\u00eda un m\u00e9dico y una auxiliar de enfermer\u00eda conmigo. Una se\u00f1ora de 82 a\u00f1os llevaba esperando desde las 15.30 sentada en una silla\u201d, apunta. En los boxes donde suele haber cuatro camas, ahora hay seis. \u201cInventamos huecos, pero no se garantiza el aislamiento, es imposible\u201d, indica.<\/p>\n<p class=\"\">En el Hospital de La Princesa, a las 22.00 hab\u00eda 120 pacientes en Urgencias, cifra que baj\u00f3 a 78 de madrugada, cuando siete personas aguardaban una cama, varias de ellas ten\u00edan c\u00e1ncer. \u201cLlevan esperando 24 horas y tienen problemas de salud graves. Est\u00e1n en observaci\u00f3n porque la gerencia quiere que no se acumulen en el pasillo para evitar dar una imagen de colapso, pero esta es una zona destinada a procesos cortos de enfermedades no graves. Por ello, no hay m\u00e9dico, solo una enfermera y una auxiliar\u201d, explicaba pasada la medianoche el sanitario de 31 a\u00f1os.<\/p>\n<p class=\"\">Aseguraba que llevan sin camas destinadas a pacientes con <a href=\"https:\/\/elpais.com\/espana\/catalunya\/2025-12-14\/el-govern-recomienda-usar-mascarilla-en-el-transporte-publico-ante-el-auge-de-la-gripe.html\" target=\"_self\" rel=\"nofollow noopener\" title=\"https:\/\/elpais.com\/espana\/catalunya\/2025-12-14\/el-govern-recomienda-usar-mascarilla-en-el-transporte-publico-ante-el-auge-de-la-gripe.html\">gripe A <\/a>desde el pasado martes. \u201cMientras, hay plantas en este hospital cerradas desde el 30 de junio\u201d, denunciaba antes de seguir afrontando una noche cr\u00edtica con ocho enfermeras, siete auxiliares, 10 residentes y dos m\u00e9dicos adjuntos. \u201cEstamos agotados, trabajamos a destajo. La Atenci\u00f3n Primaria est\u00e1 abandonada y nosotros colapsamos\u201d, expresa su compa\u00f1era de 54 a\u00f1os.<\/p>\n<p class=\"\">Desde el Hospital Cl\u00ednico San Carlos, Santiago, que pertenece a la Plataforma Anticorrupci\u00f3n de este centro sanitario, denuncia que ante la falta de previsi\u00f3n se recurre a la improvisaci\u00f3n. \u201cUna planta de cirug\u00eda vascular, que suele estar cerrada durante todo el a\u00f1o excepto en periodos cr\u00edticos, ya se abri\u00f3 hace 10 d\u00edas. No tenemos m\u00e1s capacidad, ya hay muchos pacientes de diferentes especialidades mezclados. En traumatolog\u00eda <a href=\"https:\/\/elpais.com\/especiales\/coronavirus-covid-19\/asi-evolucionan-casos-ingresos-y-muertes-en-espana\/\" target=\"_self\" rel=\"nofollow noopener\" title=\"https:\/\/elpais.com\/especiales\/coronavirus-covid-19\/asi-evolucionan-casos-ingresos-y-muertes-en-espana\/\">hay personas con coronavirus<\/a> y en digestivo, con Gripe A\u201d, comenta.<\/p>\n<p class=\"\">Considera que no puede haber enfermos acostados en la sala de espera al no ser una zona habilitada para ello. \u201cNo deber\u00edan sacar camas de almacenes para amontonar pacientes\u201d, reflexiona. Mientras, los que mejor est\u00e1n y los acompa\u00f1antes, aguardan a ser atendidos en una sala contigua. \u201cEl hospital se abarrota, pero aqu\u00ed estamos los mismos de siempre, incluso menos, porque la sobrecarga de trabajo que sufrimos tambi\u00e9n se traduce en bajas\u201d, relata el celador. Recuerda que en verano ya se cerraron camas porque no hab\u00eda trabajadores suficientes.<\/p>\n<p>Plan de Invierno deficiente<\/p>\n<p class=\"\">La Consejer\u00eda de Sanidad habilit\u00f3 el 1 de diciembre el Plan de Invierno con refuerzo de personal y material sanitario para afrontar el aumento de la presi\u00f3n asistencial ante el repunte del fr\u00edo y las infecciones respiratorias. Pero este suscita numerosas cr\u00edticas. \u201cLlega tarde, muy tarde, y ha fracasado estrepitosamente. Hay que dise\u00f1arlo y aprobarlo antes de que se necesite, no cuando la epidemia de gripe ha comenzado o est\u00e1 en su punto \u00e1lgido como ha ocurrido este a\u00f1o\u201d, denuncian desde SATSE.<\/p>\n<p class=\"\">La informaci\u00f3n de la que dispone <a href=\"https:\/\/elpais.com\/sociedad\/2025-11-18\/la-mitad-de-las-enfermeras-sufre-acoso-sexual-en-su-trabajo-un-superior-intento-besarme-no-volvi-a-hacer-guardias-para-no-verlo.html\" target=\"_self\" rel=\"nofollow noopener\" title=\"https:\/\/elpais.com\/sociedad\/2025-11-18\/la-mitad-de-las-enfermeras-sufre-acoso-sexual-en-su-trabajo-un-superior-intento-besarme-no-volvi-a-hacer-guardias-para-no-verlo.html\">el sindicato de enfermer\u00eda<\/a> indica que los distintos hospitales y centros de salud de la Comunidad de Madrid han aprobado la contrataci\u00f3n de 615 enfermeras. Pero dicen que finalmente solo se ha reclutado el 48% de las profesionales previstas para el Plan de Invierno. <\/p>\n<p class=\"\">La consejera de Sanidad, F\u00e1tima Matute, comunica que la incidencia es de 307,5 por cada 100.000 habitantes, mucho mayor que la del a\u00f1o pasado. Son cifras aproximadas a las tasas de gripe de hace 15 a\u00f1os. \u201cEst\u00e1 pasando en todo el mundo porque circula un tipo de virus al que no est\u00e1bamos expuestos previamente\u201d, matiza. Asegura que mediante el Plan de Invierno su departament\u00f3 habilit\u00f3 la contrataci\u00f3n de 1.800 profesionales. <\/p>\n<p class=\"\">\u201cEl problema es que no se encuentran. Tenemos un grave d\u00e9ficit y no lo est\u00e1 paliando el Ministerio de Sanidad, que hace oposici\u00f3n a la Comunidad de Madrid\u201d, expresa tras advertir que en 2032 faltar\u00e1n en Espa\u00f1a 45.000 m\u00e9dicos. \u201cQue homologuen a nuestros extracomunitarios y que formen m\u00e1s, yo he ofrecido 69 plazas para Urgencias y Emergencias, pero solo me han cogido 11\u2033, apunta tras referir que en 2026 habr\u00e1 una partida presupuestaria espec\u00edfica para mejorar las condiciones laborales de las horas de guardia y atenci\u00f3n continuada. <\/p>\n<p class=\"\">\u201cHay picos puntuales de tensi\u00f3n hospitalaria pero se est\u00e1n resolviendo de manera satisfactoria y poco a poco\u201d, insisten desde la Consejer\u00eda de Sanidad. Mientras, Santiago comunica que en el Hospital Cl\u00ednico San Carlos esta madrugada lleg\u00f3 a haber una ratio de 15 pacientes por una enfermera en Urgencias. \u201cEsto es un desastre y nosotros solo doblamos turnos. Lo que hace un a\u00f1o era una excepci\u00f3n, ahora se ha convertido en norma. Este pico de gripe va a acabar con el poco personal que queda. Conozco a varios compa\u00f1eros que <a href=\"https:\/\/elpais.com\/sociedad\/2025-01-13\/espana-tiene-un-deficit-de-100000-enfermeras-y-una-de-cada-cuatro-se-plantea-dejarlo.html\" target=\"_self\" rel=\"nofollow noopener\" title=\"https:\/\/elpais.com\/sociedad\/2025-01-13\/espana-tiene-un-deficit-de-100000-enfermeras-y-una-de-cada-cuatro-se-plantea-dejarlo.html\">lo han dejado para ser camareros<\/a>, la presi\u00f3n es alt\u00edsima\u201d, cuenta el celador.<\/p>\n<p class=\"\">Los sanitarios del Hospital Gregorio Mara\u00f1\u00f3n han amanecido tensionados. \u201cAunque esta noche no ha sido de las peores, tenemos 88 registros en admisi\u00f3n de Urgencias de adultos y 73 pacientes pendientes de cama. Se resolver\u00e1 a lo largo de la ma\u00f1ana\u201d, indica Carmen Flores, delegada de Comisiones Obreras en este centro sanitario.<\/p>\n<p class=\"\"><a href=\"https:\/\/elpais.com\/espana\/madrid\/2025-08-26\/la-curiosa-huelga-del-hospital-la-paz-no-consigue-que-se-cubran-los-servicios-minimos-en-las-plantas.html\" target=\"_self\" rel=\"nofollow noopener\" title=\"https:\/\/elpais.com\/espana\/madrid\/2025-08-26\/la-curiosa-huelga-del-hospital-la-paz-no-consigue-que-se-cubran-los-servicios-minimos-en-las-plantas.html\">Las Urgencias de la Paz<\/a> est\u00e1n este martes congestionadas, algunas salas se encuentran al doble de la capacidad como la n\u00famero 3 que tiene 51 pacientes, cuando est\u00e1 habilitada para 32 camas. \u201cPor ello, algunas est\u00e1n en el pasillo, con el riesgo que esto supone ante una complicaci\u00f3n\u201d, advierten desde Comisiones Obreras tras reportar que la noche en algunas salas ha sido muy complicada por la bajada de efectivos.<\/p>\n<p class=\"\">Ana explica que, a veces, se cancelan operaciones para asegurar camas, pero esta t\u00e1ctica no es suficiente. Gracias al Plan de Invierno asegura que su centro sanitario ha conseguido tener dos enfermeras m\u00e1s en cada turno, lo que considera deficiente. \u201cSi no hacemos extras, esto no sale adelante\u201d, insiste. A muchos de sus compa\u00f1eros les deben 80 horas anuales: \u201cNo hay m\u00e1s manos para asistir a los pacientes. Esto es una bomba a punto de estallar\u201d.<\/p>\n","protected":false},"excerpt":{"rendered":"Esta madrugada ha sido cr\u00edtica en los centros sanitarios de Madrid, muy larga para los profesionales, que aseguran&hellip;\n","protected":false},"author":2,"featured_media":291195,"comment_status":"","ping_status":"","sticky":false,"template":"","format":"standard","meta":{"footnotes":""},"categories":[92],"tags":[68123,36590,1467,20372,5401,25074,25,24,4351,165,6138,205,6016,1817,15735,166,17109,23,12353],"class_list":{"0":"post-291194","1":"post","2":"type-post","3":"status-publish","4":"format-standard","5":"has-post-thumbnail","7":"category-salud","8":"tag-asistencia-sanitaria","9":"tag-atencion-al-paciente","10":"tag-comunidad-de-madrid","11":"tag-enfermeras","12":"tag-enfermeria","13":"tag-enfermos","14":"tag-es","15":"tag-espana","16":"tag-espera","17":"tag-health","18":"tag-hospitales","19":"tag-madrid","20":"tag-medicos","21":"tag-pacientes","22":"tag-politica-sanitaria","23":"tag-salud","24":"tag-sanidad-publica","25":"tag-spain","26":"tag-urgencias"},"share_on_mastodon":{"url":"https:\/\/pubeurope.com\/@es\/115729331927937115","error":""},"_links":{"self":[{"href":"https:\/\/www.europesays.com\/es\/wp-json\/wp\/v2\/posts\/291194","targetHints":{"allow":["GET"]}}],"collection":[{"href":"https:\/\/www.europesays.com\/es\/wp-json\/wp\/v2\/posts"}],"about":[{"href":"https:\/\/www.europesays.com\/es\/wp-json\/wp\/v2\/types\/post"}],"author":[{"embeddable":true,"href":"https:\/\/www.europesays.com\/es\/wp-json\/wp\/v2\/users\/2"}],"replies":[{"embeddable":true,"href":"https:\/\/www.europesays.com\/es\/wp-json\/wp\/v2\/comments?post=291194"}],"version-history":[{"count":0,"href":"https:\/\/www.europesays.com\/es\/wp-json\/wp\/v2\/posts\/291194\/revisions"}],"wp:featuredmedia":[{"embeddable":true,"href":"https:\/\/www.europesays.com\/es\/wp-json\/wp\/v2\/media\/291195"}],"wp:attachment":[{"href":"https:\/\/www.europesays.com\/es\/wp-json\/wp\/v2\/media?parent=291194"}],"wp:term":[{"taxonomy":"category","embeddable":true,"href":"https:\/\/www.europesays.com\/es\/wp-json\/wp\/v2\/categories?post=291194"},{"taxonomy":"post_tag","embeddable":true,"href":"https:\/\/www.europesays.com\/es\/wp-json\/wp\/v2\/tags?post=291194"}],"curies":[{"name":"wp","href":"https:\/\/api.w.org\/{rel}","templated":true}]}}