{"id":291200,"date":"2025-12-16T12:52:10","date_gmt":"2025-12-16T12:52:10","guid":{"rendered":"https:\/\/www.europesays.com\/es\/291200\/"},"modified":"2025-12-16T12:52:10","modified_gmt":"2025-12-16T12:52:10","slug":"los-etfs-de-solana-muestran-division-entre-inversores-institucionales","status":"publish","type":"post","link":"https:\/\/www.europesays.com\/es\/291200\/","title":{"rendered":"Los ETFs de Solana muestran divisi\u00f3n entre inversores institucionales"},"content":{"rendered":"<p>    <img fetchpriority=\"high\" decoding=\"async\" src=\"data:image\/gif;base64,R0lGODlhAQABAIAAAAAAAP\/\/\/ywAAAAAAQABAAACAUwAOw==\" alt=\"Los ETFs de Solana muestran divisi\u00f3n entre inversores institucionales\" loading=\"eager\" height=\"412\" width=\"750\" class=\"yf-lglytj loader\"\/> Los ETFs de Solana muestran divisi\u00f3n entre inversores institucionales      <\/p>\n<p class=\"yf-7hmkaz\">Los <b>ETFs de <\/b><a class=\"link \" href=\"https:\/\/www.estrategiasdeinversion.com\/cotizaciones\/criptomonedas\/solana\" rel=\"nofollow noopener\" target=\"_blank\" data-ylk=\"slk:Solana;elm:context_link;itc:0;sec:content-canvas\">Solana<\/a><b> (SOL)<\/b> han dejado una <b>se\u00f1al de divisi\u00f3n entre los inversores institucionales<\/b>, ya que la reciente <b>ola de ventas<\/b> sugiere una <b>disminuci\u00f3n del apetito del riesgo en lugar de una retirada masiva<\/b>. Viendo <b>como algunos fondos ven una salida de capital y otros siguen recibiendo nuevos aportes<\/b>, seg\u00fan <b>Alexander Zdravkov en Cryptodnes<\/b>.<\/p>\n<p class=\"yf-7hmkaz\">El avance m\u00e1s notable provino del <b>ETF de staking Solana de Bitwise<\/b>, que registr\u00f3 su primera salida neta desde su lanzamiento. Si bien la retirada fue modesta, rompi\u00f3 una racha de meses de entradas ininterrumpidas y coincidi\u00f3 con una actividad comercial inusualmente baja. En conjunto, estas se\u00f1ales sugieren que los inversores est\u00e1n pausando la exposici\u00f3n en lugar de apresurarse a salir.<\/p>\n<p>    <img decoding=\"async\" src=\"data:image\/gif;base64,R0lGODlhAQABAIAAAAAAAP\/\/\/ywAAAAAAQABAAACAUwAOw==\" alt=\"Los ETFs de Solana muestran divisi\u00f3n entre inversores institucionales\" loading=\"lazy\" height=\"475\" width=\"510\" class=\"yf-lglytj loader\"\/> Los ETFs de Solana muestran divisi\u00f3n entre inversores institucionales      <\/p>\n<p class=\"yf-7hmkaz\">Ese matiz es importante. El producto fue dise\u00f1ado para inversores a largo plazo que buscan tanto exposici\u00f3n al precio como rendimiento del staking. Una desaceleraci\u00f3n en la participaci\u00f3n implica que incluso las estructuras generadoras de rendimiento se enfrentan al escrutinio cuando se debilita la confianza del mercado en general.<\/p>\n<p class=\"yf-7hmkaz\">Crucialmente, la correcci\u00f3n no se reflej\u00f3 en todo el panorama de ETFs de Solana. Ese mismo d\u00eda, otros fondos vinculados a SOL atrajeron capital nuevo, y al menos uno registr\u00f3 una entrada destacada. Esta divergencia pone de manifiesto un patr\u00f3n institucional habitual: <b>reasignar la exposici\u00f3n entre instrumentos en lugar de abandonar el activo subyacente<\/b>.<\/p>\n<p class=\"yf-7hmkaz\">En condiciones de incertidumbre, los inversores suelen optar por veh\u00edculos que ofrecen mayor flexibilidad, liquidez o simplicidad operativa. La optimizaci\u00f3n del rendimiento puede quedar relegada a un segundo plano cuando la eficiencia del balance se convierte en la prioridad.<\/p>\n<p class=\"yf-7hmkaz\">El precio de Solana reaccion\u00f3 r\u00e1pidamente, desliz\u00e1ndose hacia el <b>l\u00edmite inferior de su rango de cotizaci\u00f3n reciente<\/b>. Sin embargo, el movimiento no mostr\u00f3 las se\u00f1ales de tensi\u00f3n t\u00edpicamente asociadas con la capitulaci\u00f3n. Los <b>vol\u00famenes del mercado al contado aumentaron<\/b>, lo que indica una participaci\u00f3n activa en lugar de una evaporaci\u00f3n de liquidez o ventas impulsadas por el p\u00e1nico.<\/p>\n<p class=\"yf-7hmkaz\">El ajuste m\u00e1s pronunciado se produjo en los mercados de derivados. El <b>inter\u00e9s abierto disminuy\u00f3<\/b> en las principales plataformas, lo que indica que las posiciones apalancadas se estaban liquidando. Hist\u00f3ricamente, este desapalancamiento puede <b>prolongar las ca\u00eddas o ayudar a restablecer las condiciones para la estabilizaci\u00f3n<\/b>, dependiendo de c\u00f3mo responda la demanda al contado.<\/p>\n<p class=\"yf-7hmkaz\">El entorno general proporciona un contexto importante. Los mercados globales son cada vez m\u00e1s sensibles a los <b>posibles cambios de pol\u00edtica del Banco de Jap\u00f3n<\/b>, acontecimientos que previamente han provocado ventas masivas en activos de riesgo, incluidas las criptomonedas. Los factores estacionales tambi\u00e9n influyen, con una menor liquidez a fin de a\u00f1o que magnifica las fluctuaciones de precios.<\/p>\n<p class=\"yf-7hmkaz\">En este contexto, incluso los activos con narrativas internas s\u00f3lidas luchan por escapar de la cautela impulsada por la macroeconom\u00eda.<\/p>\n<p class=\"yf-7hmkaz\">A pesar de la volatilidad del mercado, el desarrollo subyacente de Solana se mantiene activo. Nuevos productos derivados, iniciativas de tokenizaci\u00f3n y actualizaciones de la red contin\u00faan avanzando, lo que sugiere que el ecosistema en s\u00ed no est\u00e1 perdiendo impulso.<\/p>\n<p class=\"yf-7hmkaz\">Este contraste entre el avance de los fundamentos y la vacilaci\u00f3n en los flujos de capital resalta la naturaleza de la fase actual. Solana parece estar atravesando una <b>prueba de estr\u00e9s inducida por la macroeconom\u00eda<\/b> en lugar de enfrentarse a una ruptura de la confianza.<\/p>\n<p class=\"yf-7hmkaz\">Por ahora, la primera salida de capital del ETF de staking de Bitwise parece m\u00e1s una prueba de tolerancia al riesgo que una se\u00f1al de rendici\u00f3n. Que la presi\u00f3n aumente o disminuya a partir de ahora depender\u00e1 menos de los acontecimientos espec\u00edficos de Solana y m\u00e1s de c\u00f3mo evolucionen las condiciones de riesgo globales en las pr\u00f3ximas semanas.<\/p>\n<p>  <img decoding=\"async\" src=\"data:image\/gif;base64,R0lGODlhAQABAIAAAAAAAP\/\/\/ywAAAAAAQABAAACAUwAOw==\" alt=\"Los ETFs de Solana muestran divisi\u00f3n entre inversores institucionales\" loading=\"lazy\" height=\"367\" width=\"919\" class=\"yf-lglytj loader\"\/> Los ETFs de Solana muestran divisi\u00f3n entre inversores institucionales    <\/p>\n<p class=\"yf-7hmkaz\"><a class=\"link \" href=\"https:\/\/www.estrategiasdeinversion.com\/cotizaciones\/criptomonedas\/solana\" rel=\"nofollow noopener\" target=\"_blank\" data-ylk=\"slk:Solana;elm:context_link;itc:0;sec:content-canvas\">Solana<\/a> cotiza en rojo al mediod\u00eda del martes en los 126.92 d\u00f3lares. Las medias m\u00f3viles de 70 y 200 periodos se mantienen encima del precio, RSI a la baja en los 37 puntos y las l\u00edneas del MACD debajo del nivel de cero.<\/p>\n<p class=\"yf-7hmkaz\">El soporte a mediano plazo se encuentra en los 121.55 d\u00f3lares. Mientras, los indicadores de Ei se muestran mixtos.<\/p>\n","protected":false},"excerpt":{"rendered":"Los ETFs de Solana muestran divisi\u00f3n entre inversores institucionales Los ETFs de Solana (SOL) han dejado una se\u00f1al&hellip;\n","protected":false},"author":2,"featured_media":291201,"comment_status":"","ping_status":"","sticky":false,"template":"","format":"standard","meta":{"footnotes":""},"categories":[80],"tags":[69786,82,3496,95,94,25,24,51113,69785,23],"class_list":{"0":"post-291200","1":"post","2":"type-post","3":"status-publish","4":"format-standard","5":"has-post-thumbnail","7":"category-economia","8":"tag-alexander-zdravkov","9":"tag-business","10":"tag-division","11":"tag-economia","12":"tag-economy","13":"tag-es","14":"tag-espana","15":"tag-la-exposicion","16":"tag-solana","17":"tag-spain"},"share_on_mastodon":{"url":"https:\/\/pubeurope.com\/@es\/115729344062881305","error":""},"_links":{"self":[{"href":"https:\/\/www.europesays.com\/es\/wp-json\/wp\/v2\/posts\/291200","targetHints":{"allow":["GET"]}}],"collection":[{"href":"https:\/\/www.europesays.com\/es\/wp-json\/wp\/v2\/posts"}],"about":[{"href":"https:\/\/www.europesays.com\/es\/wp-json\/wp\/v2\/types\/post"}],"author":[{"embeddable":true,"href":"https:\/\/www.europesays.com\/es\/wp-json\/wp\/v2\/users\/2"}],"replies":[{"embeddable":true,"href":"https:\/\/www.europesays.com\/es\/wp-json\/wp\/v2\/comments?post=291200"}],"version-history":[{"count":0,"href":"https:\/\/www.europesays.com\/es\/wp-json\/wp\/v2\/posts\/291200\/revisions"}],"wp:featuredmedia":[{"embeddable":true,"href":"https:\/\/www.europesays.com\/es\/wp-json\/wp\/v2\/media\/291201"}],"wp:attachment":[{"href":"https:\/\/www.europesays.com\/es\/wp-json\/wp\/v2\/media?parent=291200"}],"wp:term":[{"taxonomy":"category","embeddable":true,"href":"https:\/\/www.europesays.com\/es\/wp-json\/wp\/v2\/categories?post=291200"},{"taxonomy":"post_tag","embeddable":true,"href":"https:\/\/www.europesays.com\/es\/wp-json\/wp\/v2\/tags?post=291200"}],"curies":[{"name":"wp","href":"https:\/\/api.w.org\/{rel}","templated":true}]}}