{"id":291215,"date":"2025-12-16T13:05:10","date_gmt":"2025-12-16T13:05:10","guid":{"rendered":"https:\/\/www.europesays.com\/es\/291215\/"},"modified":"2025-12-16T13:05:10","modified_gmt":"2025-12-16T13:05:10","slug":"de-nina-de-juan-y-medio-a-estudiante-de-periodismo","status":"publish","type":"post","link":"https:\/\/www.europesays.com\/es\/291215\/","title":{"rendered":"de ni\u00f1a de &#8216;Juan y Medio&#8217; a estudiante de Periodismo"},"content":{"rendered":"<p style=\"\">La sevillana <strong>Cristina Lora<\/strong> entra a formar parte de la historia de &#8216;Operaci\u00f3n Triunfo&#8217; al proclamarse ganadora de la decimotercera edici\u00f3n del <strong>talent show musical en Prime Video<\/strong>. La joven, fan\u00e1tica del formato desde los 7 a\u00f1os, ha logrado alzarse con la victoria  &#8230; y el premio de 100.000 euros frente a <strong>Olivia<\/strong>, con un 46,3% de los votos del p\u00fablico. <\/p>\n<p class=\"voc-p\" style=\"\">Completan el podio <strong>Tinho<\/strong>, en tercer lugar, mientras que<strong> Guille Toledano y Claudia Arenas<\/strong> acaban el concurso en cuarta y quinta posici\u00f3n, respectivamente. Las quinielas apuntaban casi desde los inicios a la posible victoria de la sevillana, que ha mostrado con creces su talento en el escenario y su val\u00eda como una artista completa, con una de las voces m\u00e1s carism\u00e1ticas. <\/p>\n<p class=\"voc-p\" style=\"\">Su juventud no le ha impedido arrasar y evolucionar en el formato, -tiene solo 19 a\u00f1os- pensado para buscar diamantes en bruto y apoyarles en su carrera musical. Natural de <strong>Mairena del Aljarafe<\/strong>, Cristina Lora ha ganado con una canci\u00f3n de su querido Eurovisi\u00f3n, &#8216;La Noia&#8217;, de Angelina Mango, un tema en italiano casi trabalenguas que se lo tom\u00f3 como un reto personal. <\/p>\n<p class=\"voc-p\" style=\"\">Desde peque\u00f1a demostr\u00f3 <strong>cualidades para la m\u00fasica, form\u00e1ndose en baile, teatro y piano<\/strong> y diez a\u00f1os de claqu\u00e9. La pudimos ver en el programa de<strong> Juan y Medio &#8216;Menuda Noche&#8217; <\/strong>durante dos temporadas, cuando ten\u00eda 8 a\u00f1os, demostrando sus dotes ante la c\u00e1mara, coincidiendo incluso con algunos &#8216;triunfitos&#8217; de la \u00e9poca como <strong>Pablo L\u00f3pez, Natalia <\/strong>e incluso la presentadora del actual programa,<strong> Chenoa.<\/strong> Tambi\u00e9n pas\u00f3 por &#8216;Mi familia es la mejor&#8217; y &#8216;Aqu\u00ed como en casa&#8217;, ambos de Canal Sur. <\/p>\n<p class=\"voc-p\" style=\"\">Igualmente, tambi\u00e9n particip\u00f3 en <strong>&#8216;Idol Kids&#8217;,<\/strong> de Telecinco y regres\u00f3 a Canal Sur para la tercera temporada de <strong>&#8216;Tierra de talento&#8217;<\/strong>, el talent show musical andaluz presentado por Manu S\u00e1nchez, acabando finalista en la categor\u00eda infantil. Tras esto, su pasi\u00f3n por el <strong>teatro musical <\/strong>la llev\u00f3 a representar m\u00e1s de 20 papeles diferentes en la compa\u00f1\u00eda sevillana La barbarie como<strong> Ariel de &#8216;La Sirenita&#8217; o Miguel de &#8216;Coco&#8217;. <\/strong>Actualmente, cursa segundo del doble grado de Periodismo y Comunicaci\u00f3n Audiovisual en la Universidad de Sevilla. <\/p>\n","protected":false},"excerpt":{"rendered":"La sevillana Cristina Lora entra a formar parte de la historia de &#8216;Operaci\u00f3n Triunfo&#8217; al proclamarse ganadora de&hellip;\n","protected":false},"author":2,"featured_media":291216,"comment_status":"","ping_status":"","sticky":false,"template":"","format":"standard","meta":{"footnotes":""},"categories":[174],"tags":[45,36328,255,7538,146,147,25,24,256,5241,63718,2885,45273,23,2886],"class_list":{"0":"post-291215","1":"post","2":"type-post","3":"status-publish","4":"format-standard","5":"has-post-thumbnail","7":"category-famosos","8":"tag-45","9":"tag-canta","10":"tag-celebrities","11":"tag-cristina","12":"tag-entertainment","13":"tag-entretenimiento","14":"tag-es","15":"tag-espana","16":"tag-famosos","17":"tag-ganadora","18":"tag-lora","19":"tag-operacion","20":"tag-sevillana","21":"tag-spain","22":"tag-triunfo"},"share_on_mastodon":{"url":"https:\/\/pubeurope.com\/@es\/115729394837707133","error":""},"_links":{"self":[{"href":"https:\/\/www.europesays.com\/es\/wp-json\/wp\/v2\/posts\/291215","targetHints":{"allow":["GET"]}}],"collection":[{"href":"https:\/\/www.europesays.com\/es\/wp-json\/wp\/v2\/posts"}],"about":[{"href":"https:\/\/www.europesays.com\/es\/wp-json\/wp\/v2\/types\/post"}],"author":[{"embeddable":true,"href":"https:\/\/www.europesays.com\/es\/wp-json\/wp\/v2\/users\/2"}],"replies":[{"embeddable":true,"href":"https:\/\/www.europesays.com\/es\/wp-json\/wp\/v2\/comments?post=291215"}],"version-history":[{"count":0,"href":"https:\/\/www.europesays.com\/es\/wp-json\/wp\/v2\/posts\/291215\/revisions"}],"wp:featuredmedia":[{"embeddable":true,"href":"https:\/\/www.europesays.com\/es\/wp-json\/wp\/v2\/media\/291216"}],"wp:attachment":[{"href":"https:\/\/www.europesays.com\/es\/wp-json\/wp\/v2\/media?parent=291215"}],"wp:term":[{"taxonomy":"category","embeddable":true,"href":"https:\/\/www.europesays.com\/es\/wp-json\/wp\/v2\/categories?post=291215"},{"taxonomy":"post_tag","embeddable":true,"href":"https:\/\/www.europesays.com\/es\/wp-json\/wp\/v2\/tags?post=291215"}],"curies":[{"name":"wp","href":"https:\/\/api.w.org\/{rel}","templated":true}]}}