{"id":291290,"date":"2025-12-16T13:57:18","date_gmt":"2025-12-16T13:57:18","guid":{"rendered":"https:\/\/www.europesays.com\/es\/291290\/"},"modified":"2025-12-16T13:57:18","modified_gmt":"2025-12-16T13:57:18","slug":"la-teniente-de-alcalde-gloria-prada-presenta-la-ii-calasancio-cup-que-convertira-monforte-en-el-epicentro-del-futbol-base-del-noroeste-peninsular","status":"publish","type":"post","link":"https:\/\/www.europesays.com\/es\/291290\/","title":{"rendered":"La Teniente de Alcalde, Gloria Prada, presenta la II Calasancio Cup, que convertir\u00e1 Monforte en el epicentro del f\u00fatbol base del noroeste peninsular"},"content":{"rendered":"<p><img loading=\"lazy\" decoding=\"async\" alt=\"\" height=\"264\" src=\"https:\/\/www.europesays.com\/es\/wp-content\/uploads\/2025\/12\/CartelCalasancioCup.jpg\" style=\"float:left\" width=\"211\"\/><\/p>\n<p class=\"rtejustify\"><strong>Monforte de Lemos, 16 de diciembre de 2025<\/strong>. Monforte de Lemos acoger\u00e1 esta Navidad la segunda edici\u00f3n de la Calasancio Cup, un torneo que reunir\u00e1 en nuestra ciudad a equipos de m\u00e1ximo nivel en el f\u00fatbol infantil sub-14 del noroeste peninsular. La competici\u00f3n, organizada por el CP Calasancio con la colaboraci\u00f3n del Ayuntamiento de Monforte, se celebrar\u00e1 en dos jornadas los d\u00edas 27 de diciembre y 3 de enero, con equipos de Galicia, Asturias, Castilla y Le\u00f3n y Portugal.<\/p>\n<p class=\"rtejustify\">El evento deportivo se dio a conocer este martes en el Ayuntamiento de Monforte, en una presentaci\u00f3n en la que participaron la Teniente de Alcalde, <strong>Gloria Prada<\/strong>, el Concejal de Deportes, <strong>Jos\u00e9 Manuel Moug\u00e1n<\/strong>, y el presidente del CP Calasancio de Monforte, <strong>Juan Carlos D\u00edaz<\/strong>.<\/p>\n<p class=\"rtejustify\">La Teniente de Alcalde record\u00f3 que el Ayuntamiento de Monforte ya colabor\u00f3 con este torneo en su primera edici\u00f3n y ratific\u00f3 nuevamente este apoyo a un evento que \u201csit\u00faa a nuestra ciudad en un lugar destacado dentro del f\u00fatbol base\u201d. Esta colaboraci\u00f3n, que se traduce en la cesi\u00f3n de espacios deportivos y trofeos, \u201ces reflejo del compromiso del Alcalde y de este Equipo de Gobierno con la promoci\u00f3n del deporte base monfortino y, en este caso, con el f\u00fatbol formativo y con nuestros jueves deportistas\u201d.<\/p>\n<p class=\"rtejustify\">La II Calasancio Cup se celebrar\u00e1 en los <strong>campos de f\u00fatbol \u00c1lex Blanco, Luis Bodegas y A Pinguela de Monforte<\/strong> en dos jornadas, el 27 de diciembre y el 3 de enero, y reunir\u00e1 en la ciudad del Cabe a grandes clubes deportivos de Galicia, Asturias, Castilla y Le\u00f3n y Portugal, \u201cofreciendo un cartel competitivo de mucho nivel y, por lo tanto, una oportunidad tambi\u00e9n para el p\u00fablico aficionado al deporte base, que podr\u00e1 disfrutar de un torneo exigente y educativo\u201d, apunt\u00f3 Gloria Prada. \u201cUn orgullo para Monforte\u201d, destac\u00f3 la Teniente de Alcalde, adem\u00e1s, de una excelente oportunidad a nivel de visibilidad, proyecci\u00f3n y dinamizaci\u00f3n de la actividad econ\u00f3mica de la ciudad\u201d.<\/p>\n<p class=\"rtejustify\">\n<strong>Una fase previa con 12 equipos y 250 deportistas<\/strong><\/p>\n<p class=\"rtejustify\">El presidente del club deportivo Calasancio, Juan Carlos D\u00edaz, ofreci\u00f3 los detalles de la competici\u00f3n, que consistir\u00e1 en una fase previa el 27 de diciembre y una fase final, el 3 de enero.\u00a0<\/p>\n<p class=\"rtejustify\">La fase previa se celebrar\u00e1 el 27 de diciembre en las instalaciones \u00c1lex Blanco con la participaci\u00f3n de 12 equipos sub-14 que suman alrededor de 250 deportistas. En esta fase, los doce conjuntos competir\u00e1n por una \u00fanica plaza clasificatoria para el cuadro final, en un formato que asegura intensidad, igualdad y emoci\u00f3n desde el primero partido.<\/p>\n<p class=\"rtejustify\">El equipo que resulte campe\u00f3n obtendr\u00e1 el billete para la fase final, en la que tendr\u00e1 la oportunidad de medirse con alguna de las mejores canteras de Galicia, Asturias, Castilla y Le\u00f3n y Norte de Portugal, un aut\u00e9ntico desaf\u00edo para clubes y deportistas en pleno crecimiento deportivo.<\/p>\n<p class=\"rtejustify\">Los equipos participantes de esta fase previa son los siguientes: <strong>CP Calasancio B, ED Calasancio, ED Val Mi\u00f1or B, CD Calasanz B, CA Arteixo, Pabell\u00f3n Promesas, ADC Sagrado Coraz\u00f3n, Rayo 21 CF, Ural CF B, EF Lal\u00edn, EDC Barbad\u00e1s y AD Piringalla<\/strong>.<\/p>\n<p class=\"rtejustify\">\n<strong>La fase final, escaparate del talento sub-14<\/strong><\/p>\n<p class=\"rtejustify\">El campe\u00f3n de la fase previa tendr\u00e1 la oportunidad de enfrentarse a las mejores canteras del noroeste peninsular en la fase final, en la que <strong>competir\u00e1n un total de 20 equipos<\/strong>. Esta fase se celebrar\u00e1 en las instalaciones \u00c1lex Blanco, Luis Bodegas y A Pinguela el 3 de enero y concentrar\u00e1 en Monforte a <strong>500 deportistas y t\u00e9cnicos<\/strong>. \u201cToda vez que la mayor\u00eda de los jugadores suelen venir acompa\u00f1ados de alg\u00fan familiar, hablamos de m\u00e1s de mil personas en Monforte\u201d, incidi\u00f3 Juan Carlos D\u00edaz, destacando la capacidad de este evento deportivo de atraer entidades, jugadores y familias de diferentes regiones.<\/p>\n<p class=\"rtejustify\">El presidente del CP Calasancio avanz\u00f3 que la fase final \u201creunir\u00e1 a las mejores canteras gallegas junto con invitados de Portugal, Asturias y Castilla y Le\u00f3n, conformando un cartel \u00fanico que sit\u00faa el torneo entre los m\u00e1s prestigiosos del f\u00fatbol base sub-14\u201d.<\/p>\n<p class=\"rtejustify\">Los equipos participantes a los que se enfrentar\u00e1 el ganador de la fase previa son:<\/p>\n<ul>\n<li class=\"rtejustify\">CP Calasancio<\/li>\n<li class=\"rtejustify\">RC Deportivo de La Coru\u00f1a<\/li>\n<li class=\"rtejustify\">RC Celta de Vigo<\/li>\n<li class=\"rtejustify\">SC Braga<\/li>\n<li class=\"rtejustify\">Vit\u00f3ria Guimar\u00e3es SC<\/li>\n<li class=\"rtejustify\">Famalic\u00e3o FC<\/li>\n<li class=\"rtejustify\">Real Oviedo<\/li>\n<li class=\"rtejustify\">CD Lugo<\/li>\n<li class=\"rtejustify\">SD Ponferradina<\/li>\n<li class=\"rtejustify\">Racing de Ferrol<\/li>\n<li class=\"rtejustify\">Pontevedra CF<\/li>\n<li class=\"rtejustify\">CD Covadonga<\/li>\n<li class=\"rtejustify\">CD Calasanz<\/li>\n<li class=\"rtejustify\">ED Val Mi\u00f1or<\/li>\n<li class=\"rtejustify\">Conxo Santiago<\/li>\n<li class=\"rtejustify\">Ural CF<\/li>\n<li class=\"rtejustify\">Pabell\u00f3n Ourense CF<\/li>\n<li class=\"rtejustify\">San Tirso SD<\/li>\n<li class=\"rtejustify\">AJ L\u00e9rez (campe\u00f3n de la primera edici\u00f3n)<\/li>\n<\/ul>\n<p class=\"rtejustify\">\nEl presidente del CP Calasancio destac\u00f3 la participaci\u00f3n de conjuntos que forman parte de las canteras de equipos de primera divisi\u00f3n, lo que garantiza \u201cuna fase final de alt\u00edsima exigencia\u201d.<\/p>\n<p class=\"rtejustify\">\u00a0<\/p>\n","protected":false},"excerpt":{"rendered":"Monforte de Lemos, 16 de diciembre de 2025. Monforte de Lemos acoger\u00e1 esta Navidad la segunda edici\u00f3n de&hellip;\n","protected":false},"author":2,"featured_media":291291,"comment_status":"","ping_status":"","sticky":false,"template":"","format":"standard","meta":{"footnotes":""},"categories":[93],"tags":[5063,209,168,25,24,7318,27284,38637,23,167,5067,4664],"class_list":{"0":"post-291290","1":"post","2":"type-post","3":"status-publish","4":"format-standard","5":"has-post-thumbnail","7":"category-deportes","8":"tag-administracion","9":"tag-cultura","10":"tag-deportes","11":"tag-es","12":"tag-espana","13":"tag-lugo","14":"tag-monforte","15":"tag-ribeira-sacra","16":"tag-spain","17":"tag-sports","18":"tag-tramites","19":"tag-turismo"},"share_on_mastodon":{"url":"https:\/\/pubeurope.com\/@es\/115729599640113425","error":""},"_links":{"self":[{"href":"https:\/\/www.europesays.com\/es\/wp-json\/wp\/v2\/posts\/291290","targetHints":{"allow":["GET"]}}],"collection":[{"href":"https:\/\/www.europesays.com\/es\/wp-json\/wp\/v2\/posts"}],"about":[{"href":"https:\/\/www.europesays.com\/es\/wp-json\/wp\/v2\/types\/post"}],"author":[{"embeddable":true,"href":"https:\/\/www.europesays.com\/es\/wp-json\/wp\/v2\/users\/2"}],"replies":[{"embeddable":true,"href":"https:\/\/www.europesays.com\/es\/wp-json\/wp\/v2\/comments?post=291290"}],"version-history":[{"count":0,"href":"https:\/\/www.europesays.com\/es\/wp-json\/wp\/v2\/posts\/291290\/revisions"}],"wp:featuredmedia":[{"embeddable":true,"href":"https:\/\/www.europesays.com\/es\/wp-json\/wp\/v2\/media\/291291"}],"wp:attachment":[{"href":"https:\/\/www.europesays.com\/es\/wp-json\/wp\/v2\/media?parent=291290"}],"wp:term":[{"taxonomy":"category","embeddable":true,"href":"https:\/\/www.europesays.com\/es\/wp-json\/wp\/v2\/categories?post=291290"},{"taxonomy":"post_tag","embeddable":true,"href":"https:\/\/www.europesays.com\/es\/wp-json\/wp\/v2\/tags?post=291290"}],"curies":[{"name":"wp","href":"https:\/\/api.w.org\/{rel}","templated":true}]}}