{"id":291309,"date":"2025-12-16T14:13:17","date_gmt":"2025-12-16T14:13:17","guid":{"rendered":"https:\/\/www.europesays.com\/es\/291309\/"},"modified":"2025-12-16T14:13:17","modified_gmt":"2025-12-16T14:13:17","slug":"duras-criticas-a-de-burgos-bengoetxea-por-una-decision-ante-el-rayo","status":"publish","type":"post","link":"https:\/\/www.europesays.com\/es\/291309\/","title":{"rendered":"Duras cr\u00edticas a De Burgos Bengoetxea por una decisi\u00f3n ante el Rayo"},"content":{"rendered":"<p>  <a class=\"_link_1blok_1\" href=\"https:\/\/www.eldesmarque.com\/autores\/angel-cotan\/#utm_source=autor\" rel=\"author nofollow noopener\" target=\"_blank\"><img decoding=\"async\" class=\"_authorImage_1opue_40\" src=\"https:\/\/www.europesays.com\/es\/wp-content\/uploads\/2025\/12\/1765894396_731_angel-cotan_da39-2.png\" alt=\"\u00c1ngel Cot\u00e1n\" loading=\"lazy\" width=\"100\" height=\"100\"\/><\/a>  Compartir  <\/p>\n<p class=\"_container_r6ld5_1 _container_1uguc_1 &#10;    color_eta\">SevillaEl <strong>Rayo Vallecano &#8211; Real Betis<\/strong> que cerr\u00f3 la decimosexta jornada en LALIGA EA Sports <a href=\"https:\/\/www.eldesmarque.com\/futbol\/liga-1a-division\/20251215\/rayo-betis-batalla-patada-deossa-suelo_18_017868842.html#utm_source=cuerpo&amp;utm_medium=articulo\" rel=\"nofollow noopener\" target=\"_blank\">tuvo de todo<\/a>&#8230; excepto goles. Los locales imprimieron al partido el ritmo que acostumbran en el Estadio de Vallecas, mientras que los de Manuel Pellegrini, <a href=\"https:\/\/www.eldesmarque.com\/futbol\/liga-1a-division\/20251215\/notas-betis-ante-rayo-jornada-16-aprobados-suspensos_18_017868275.html#utm_source=cuerpo&amp;utm_medium=articulo\" rel=\"nofollow noopener\" target=\"_blank\">efectivos en labores defensivas<\/a>, esperaban su oportunidad. En una <a href=\"https:\/\/www.eldesmarque.com\/futbol\/liga-1a-division\/20251215\/diego-llorente-lesion-rayo-vallecano-betis_18_017868498.html#utm_source=cuerpo&amp;utm_medium=articulo\" rel=\"nofollow noopener\" target=\"_blank\">primera mitad muy accidentada<\/a>, adem\u00e1s de lo citado, <strong>tambi\u00e9n hubo espacio para la pol\u00e9mica<\/strong>. Una decisi\u00f3n de Ricardo De Burgos Bengoetxea genera debate.<\/p>\n<p class=\"_container_r6ld5_1 _container_1uguc_1 &#10;    color_eta\">Dos lesionados, un carrusel de interrupciones y hasta seis minutos de tiempo a\u00f1adido. Ese fue el parte del primer acto en el verde madrile\u00f1o, aunque pudo haber sido mayor si el \u00e1rbitro altera su decisi\u00f3n en una <strong>acci\u00f3n entre Path\u00e9 Ciss y Nelson Deossa<\/strong>.<\/p>\n<p>PUEDE INTERESARTE<img decoding=\"async\" alt=\"Entrada de Path\u00e9 Ciss sobre Nelson Deossa\" class=\"_author_image__full_lbs33_12 _image_thjnc_1\" loading=\"lazy\" title=\"\" src=\"https:\/\/www.europesays.com\/es\/wp-content\/uploads\/2025\/12\/entrada-de-pathe-ciss-sobre-nelson-deossa-16-9-aspect-ratio-default-0_da39.jpg\" width=\"1920\" height=\"1080\"  \/>Entrada de Path\u00e9 Ciss sobre Nelson Deossa. Movistar Plus<\/p>\n<p class=\"_container_r6ld5_1 _container_1uguc_1 &#10;    color_eta\">A escasos minutos de mandar a los jugadores de ambos equipos a vestuarios, De Burgos Bengoetxea <strong>no percibi\u00f3 a pie de campo<\/strong> una dura entrada del citado centrocampista rayista sobre Deossa. Ciss, aunque previo impacto con el bal\u00f3n, plant\u00f3 los tacos de su bota derecha <strong>en la zona de la tibia<\/strong> del futbolista colombiano.<\/p>\n<p>PUEDE INTERESARTE<\/p>\n<p class=\"_container_r6ld5_1 _container_1uguc_1 &#10;    color_eta\">El trencilla no se\u00f1al\u00f3 falta y dio continuidad a la jugada. A rengl\u00f3n seguido, ya con el juego detenido, De Burgos Bengoetxea acudi\u00f3 a comprobar el estado en el que se encontraba Nelson Deossa. <strong>El VAR apost\u00f3 por no entrar <\/strong>a corregir la decisi\u00f3n inicial del colegiado.<\/p>\n<p class=\"_container_r6ld5_1 _container_1uguc_1 &#10;    color_eta\">La jugada no ha pasado desapercibida para un <strong>amplio sector de aficionados verdiblancos<\/strong>. Parte de la hinchada b\u00e9tica <strong>entiende que la Sala VOR debi\u00f3 avisar al \u00e1rbitro<\/strong> dada la peligrosidad de la entrada de Path\u00e9 Ciss. La posible expulsi\u00f3n podr\u00eda haber cambiado el guion de un partido que ni Rayo ni Betis lograron abrir con igualdad num\u00e9rica. Nelson Deossa, que va a m\u00e1s en los esquemas de Manuel Pellegrini, <strong>fue el primer cambio verdiblanco<\/strong> en el minuto 59 de partido.<\/p>\n<p>PUEDE INTERESARTE<\/p>\n<p class=\"_container_r6ld5_1 _container_1uguc_1 &#10;    color_eta\">Estas son algunas de las muchas quejas de la hinchada verdiblanca:<\/p>\n","protected":false},"excerpt":{"rendered":"Compartir SevillaEl Rayo Vallecano &#8211; Real Betis que cerr\u00f3 la decimosexta jornada en LALIGA EA Sports tuvo de&hellip;\n","protected":false},"author":2,"featured_media":291310,"comment_status":"","ping_status":"","sticky":false,"template":"","format":"standard","meta":{"footnotes":""},"categories":[268],"tags":[168,25,24,280,282,281,23,167],"class_list":{"0":"post-291309","1":"post","2":"type-post","3":"status-publish","4":"format-standard","5":"has-post-thumbnail","7":"category-futbol","8":"tag-deportes","9":"tag-es","10":"tag-espana","11":"tag-football","12":"tag-futbol","13":"tag-soccer","14":"tag-spain","15":"tag-sports"},"share_on_mastodon":{"url":"https:\/\/pubeurope.com\/@es\/115729663154266201","error":""},"_links":{"self":[{"href":"https:\/\/www.europesays.com\/es\/wp-json\/wp\/v2\/posts\/291309","targetHints":{"allow":["GET"]}}],"collection":[{"href":"https:\/\/www.europesays.com\/es\/wp-json\/wp\/v2\/posts"}],"about":[{"href":"https:\/\/www.europesays.com\/es\/wp-json\/wp\/v2\/types\/post"}],"author":[{"embeddable":true,"href":"https:\/\/www.europesays.com\/es\/wp-json\/wp\/v2\/users\/2"}],"replies":[{"embeddable":true,"href":"https:\/\/www.europesays.com\/es\/wp-json\/wp\/v2\/comments?post=291309"}],"version-history":[{"count":0,"href":"https:\/\/www.europesays.com\/es\/wp-json\/wp\/v2\/posts\/291309\/revisions"}],"wp:featuredmedia":[{"embeddable":true,"href":"https:\/\/www.europesays.com\/es\/wp-json\/wp\/v2\/media\/291310"}],"wp:attachment":[{"href":"https:\/\/www.europesays.com\/es\/wp-json\/wp\/v2\/media?parent=291309"}],"wp:term":[{"taxonomy":"category","embeddable":true,"href":"https:\/\/www.europesays.com\/es\/wp-json\/wp\/v2\/categories?post=291309"},{"taxonomy":"post_tag","embeddable":true,"href":"https:\/\/www.europesays.com\/es\/wp-json\/wp\/v2\/tags?post=291309"}],"curies":[{"name":"wp","href":"https:\/\/api.w.org\/{rel}","templated":true}]}}