{"id":291405,"date":"2025-12-16T15:34:13","date_gmt":"2025-12-16T15:34:13","guid":{"rendered":"https:\/\/www.europesays.com\/es\/291405\/"},"modified":"2025-12-16T15:34:13","modified_gmt":"2025-12-16T15:34:13","slug":"sydney-sweeney-brillo-en-la-premiere-internacional-de-la-empleada","status":"publish","type":"post","link":"https:\/\/www.europesays.com\/es\/291405\/","title":{"rendered":"Sydney Sweeney brill\u00f3 en la premiere internacional de La empleada"},"content":{"rendered":"<p>                                        \u00a1Este fue el d\u00fao m\u00e1s intenso del cine!<\/p>\n<p>Haz click para calificar esta publicaci\u00f3n<\/p>\n<p>[Votos totales: 0  Promedio: 0\/5]<\/p>\n<p>Despu\u00e9s de un a\u00f1o lleno de drama y acci\u00f3n, <strong>Sydney Sweeney<\/strong> regres\u00f3 a la pantalla con una \u00faltima sorpresa: <strong><a href=\"https:\/\/palomaynacho.com\/blog\/la-empleada-pelicula-trailer-estreno-reparto\/\" target=\"_blank\" rel=\"noreferrer noopener nofollow\">La empleada<\/a><\/strong>. Previo a su estreno, la actriz estadounidense brill\u00f3 en la premiere internacional junto a su coestrella, <strong>Amanda Seyfried<\/strong>.<\/p>\n<p>La pel\u00edcula, dirigida por Paul Feig, ha llamado mucho la atenci\u00f3n del p\u00fablico entre las buenas cr\u00edticas y la dupla de talento que las dos actrices presentaron. Entre el odio y la tensi\u00f3n, <strong>Sydney y Amanda mostraron su lado m\u00e1s letal<\/strong>.<\/p>\n<p>La empleada, adaptada del libro hom\u00f3nimo de Freida McFadden, cuenta la historia de una joven que, al intentar escapar de su pasado, entra a trabajar como mucama en la casa de una pareja. Sin embargo, lo que comienza como un trabajo de ensue\u00f1o se convierte en un juego peligroso con secretos, seducci\u00f3n y mucho poder.<\/p>\n<p>\u00a1As\u00ed se vivi\u00f3 la premiere!<\/p>\n<p><img fetchpriority=\"high\" decoding=\"async\" width=\"1920\" height=\"2399\" data-lazy-type=\"image\" src=\"https:\/\/www.europesays.com\/es\/wp-content\/uploads\/2025\/12\/Sydney-Sweeney-con-vestido.jpg\" alt=\"Sydney Sweeney con vestido\"  \/><\/p>\n<p>Foto: Jes\u00fas Elvira <\/p>\n<p><strong>Paloma &amp; Nacho<\/strong> estuvo presente en la alfombra internacional de <strong>Los \u00c1ngeles<\/strong>. La cita fue en punto de las 5 pm (horario local) en una ubicaci\u00f3n secreta. A lo largo de la alfombra caf\u00e9 desfilaron m\u00faltiples colegas de Sweeney y Seyfried. Y el evento se encendi\u00f3 de emoci\u00f3n cuando comenz\u00f3 a llegar el talento principal de la pel\u00edcula. \u00bfEntre ellos? Elizabeth Perkins, Michelle Morrone y <strong>Brandon Sklenar<\/strong>, el coprotagonista en este sucio juego de tres.<\/p>\n<p>Un par de minutos m\u00e1s tarde la premiere de La empleada dio la bienvenida a las dos estrellas de la noche: Amanda y Sydney, quienes desfilaron una a una por la gala.<\/p>\n<p>Seyfried visti\u00f3 un brillante vestido de color rub\u00ed que, entre brillos y un dise\u00f1o elegante le dieron todo el porte a la alfombra. Asimismo, luci\u00f3 un extravagante collar con cabeceras de ajolote.<\/p>\n<p><img loading=\"lazy\" decoding=\"async\" width=\"1920\" height=\"2399\" data-lazy-type=\"image\" src=\"https:\/\/www.europesays.com\/es\/wp-content\/uploads\/2025\/12\/Amanda-Seyfried.jpg\" alt=\"Amanda Seyfried\"  \/><\/p>\n<p>Foto: Jes\u00fas Elvira<\/p>\n<p>Por su parte, Sweeney brill\u00f3 con <strong>un vestido blanco de cuerpo completo<\/strong> que resalt\u00f3 su figura y combin\u00f3 junto a un caracter\u00edstico labial rojo y el maquillaje de Melissa Hern\u00e1ndez, su maquillista principal para eventos de gala.<\/p>\n<p>Tras posar cada una ante la prensa, las dos estrellas se reunieron con Sklenar para una foto grupal.<\/p>\n<p>La empleada cumpli\u00f3 un sue\u00f1o para Sydney<\/p>\n<p>A la par, sin contar muchos secretos sobre la pel\u00edcula, las estrellas revelaron c\u00f3mo fue su experiencia dentro del set. En especial, Sweeney destac\u00f3 <strong>el hito que es La empleada para su carrera<\/strong>. Adem\u00e1s de diversificar a\u00fan m\u00e1s su rango actoral, la pel\u00edcula le permiti\u00f3 trabajar junto a una de las colegas que m\u00e1s admira en la industria.<\/p>\n<p>La actriz afirm\u00f3 que compartir escenas con Amanda cambi\u00f3 su vida e, incluso, la hizo conectar a un nivel inesperado con ella:<\/p>\n<p><img loading=\"lazy\" decoding=\"async\" width=\"1920\" height=\"2400\" data-lazy-type=\"image\" src=\"https:\/\/www.europesays.com\/es\/wp-content\/uploads\/2025\/12\/Sydney-Sweeney-protagoniza-La-empleada.jpg\" alt=\"Sydney Sweeney\"  \/><\/p>\n<p>Foto: Jes\u00fas Elvira<\/p>\n<blockquote class=\"wp-block-quote is-layout-flow wp-block-quote-is-layout-flow\">\n<p>\u201cEs un sue\u00f1o hecho realidad. Crec\u00ed amando a Amanda, y claro que me encanta Mamma Mia. Nosotras tenemos procesos muy similares para trabajar, amamos las mismas cosas, tenemos personalidades similares, as\u00ed que, <strong>es como si conociera a mi hermana mayor<\/strong>. Casi pens\u00e9: \u00bfnos separaron al nacer? Porque conecto mucho contigo\u2019\u201d, dijo a <strong><a href=\"https:\/\/www.youtube.com\/watch?v=eSS-IkCfV3A\" target=\"_blank\" rel=\"noreferrer noopener nofollow\">Extra<\/a><\/strong>.<\/p>\n<\/blockquote>\n<p>La empleada llega a las salas de Cin\u00e9polis el pr\u00f3ximo <strong>25 de diciembre del 2025<\/strong>. \u00bfEst\u00e1s listo para ver a Sweeney en su versi\u00f3n m\u00e1s oscura?<\/p>\n<p>Galer\u00eda de fotos:<\/p>\n<p><img loading=\"lazy\" decoding=\"async\" width=\"1920\" height=\"2400\" data-lazy-type=\"image\" src=\"https:\/\/www.europesays.com\/es\/wp-content\/uploads\/2025\/12\/Coprotagonista-de-La-Empleada.jpg\" alt=\"Amanda Seyfried\"  \/><\/p>\n<p>Foto: Jes\u00fas Elvira<\/p>\n<p><img loading=\"lazy\" decoding=\"async\" width=\"1920\" height=\"2400\" data-lazy-type=\"image\" src=\"https:\/\/www.europesays.com\/es\/wp-content\/uploads\/2025\/12\/actriz-de-la-empleada.jpg\" alt=\"Actriz de La empleada\"  \/><\/p>\n<p>Foto: Jes\u00fas Elvira<\/p>\n<p><img loading=\"lazy\" decoding=\"async\" width=\"1920\" height=\"2400\" data-lazy-type=\"image\" src=\"https:\/\/www.europesays.com\/es\/wp-content\/uploads\/2025\/12\/Sydney-sweeney.jpg\" alt=\"Sydney Sweeney\"  \/><\/p>\n<p>Foto: Jes\u00fas Elvira<\/p>\n<p><img loading=\"lazy\" decoding=\"async\" width=\"1920\" height=\"2400\" data-lazy-type=\"image\" src=\"https:\/\/www.europesays.com\/es\/wp-content\/uploads\/2025\/12\/Amanda-Seyfried-foto.jpg\" alt=\"Amanda Seyfried\"  \/><\/p>\n<p>Foto: Jes\u00fas Elvira<\/p>\n<p><strong>Descarga la app de<\/strong><a href=\"https:\/\/cinepolis.com\/home\" target=\"_blank\" rel=\"noreferrer noopener nofollow\"><strong>\u00a0Cin\u00e9polis<\/strong><\/a><strong>\u00a0y consulta la cartelera, horarios, estrenos, preventas y promociones que tenemos para ti.<\/strong><\/p>\n<p>Haz click para calificar esta publicaci\u00f3n<\/p>\n<p>[Votos totales: 0  Promedio: 0\/5]<\/p>\n","protected":false},"excerpt":{"rendered":"\u00a1Este fue el d\u00fao m\u00e1s intenso del cine! Haz click para calificar esta publicaci\u00f3n [Votos totales: 0 Promedio:&hellip;\n","protected":false},"author":2,"featured_media":291406,"comment_status":"","ping_status":"","sticky":false,"template":"","format":"standard","meta":{"footnotes":""},"categories":[174],"tags":[255,59000,146,147,25,24,256,10,23],"class_list":{"0":"post-291405","1":"post","2":"type-post","3":"status-publish","4":"format-standard","5":"has-post-thumbnail","7":"category-famosos","8":"tag-celebrities","9":"tag-coberturas","10":"tag-entertainment","11":"tag-entretenimiento","12":"tag-es","13":"tag-espana","14":"tag-famosos","15":"tag-noticias","16":"tag-spain"},"share_on_mastodon":{"url":"https:\/\/pubeurope.com\/@es\/115729982415195092","error":""},"_links":{"self":[{"href":"https:\/\/www.europesays.com\/es\/wp-json\/wp\/v2\/posts\/291405","targetHints":{"allow":["GET"]}}],"collection":[{"href":"https:\/\/www.europesays.com\/es\/wp-json\/wp\/v2\/posts"}],"about":[{"href":"https:\/\/www.europesays.com\/es\/wp-json\/wp\/v2\/types\/post"}],"author":[{"embeddable":true,"href":"https:\/\/www.europesays.com\/es\/wp-json\/wp\/v2\/users\/2"}],"replies":[{"embeddable":true,"href":"https:\/\/www.europesays.com\/es\/wp-json\/wp\/v2\/comments?post=291405"}],"version-history":[{"count":0,"href":"https:\/\/www.europesays.com\/es\/wp-json\/wp\/v2\/posts\/291405\/revisions"}],"wp:featuredmedia":[{"embeddable":true,"href":"https:\/\/www.europesays.com\/es\/wp-json\/wp\/v2\/media\/291406"}],"wp:attachment":[{"href":"https:\/\/www.europesays.com\/es\/wp-json\/wp\/v2\/media?parent=291405"}],"wp:term":[{"taxonomy":"category","embeddable":true,"href":"https:\/\/www.europesays.com\/es\/wp-json\/wp\/v2\/categories?post=291405"},{"taxonomy":"post_tag","embeddable":true,"href":"https:\/\/www.europesays.com\/es\/wp-json\/wp\/v2\/tags?post=291405"}],"curies":[{"name":"wp","href":"https:\/\/api.w.org\/{rel}","templated":true}]}}