{"id":291447,"date":"2025-12-16T16:04:19","date_gmt":"2025-12-16T16:04:19","guid":{"rendered":"https:\/\/www.europesays.com\/es\/291447\/"},"modified":"2025-12-16T16:04:19","modified_gmt":"2025-12-16T16:04:19","slug":"el-sindicato-de-los-arbitros-responde-a-florentino-perez-el-arbitraje-no-puede-ser-utilizado-como-excusa-de-malos-resultados-deportivos-futbol-deportes","status":"publish","type":"post","link":"https:\/\/www.europesays.com\/es\/291447\/","title":{"rendered":"El sindicato de los \u00e1rbitros responde a Florentino P\u00e9rez: \u201cEl arbitraje no puede ser utilizado como excusa de malos resultados deportivos\u201d | F\u00fatbol | Deportes"},"content":{"rendered":"<p class=\"\">La Asociaci\u00f3n Espa\u00f1ola de \u00c1rbitros de F\u00fatbol (AESAF), considerado como el sindicato de los colegiados espa\u00f1oles, ha emitido un comunicado en el que se expresa con dureza ante las \u00faltimas declaraciones <a href=\"https:\/\/elpais.com\/deportes\/futbol\/2025-12-15\/florentino-perez-sostiene-la-guerra-del-real-madrid-al-barca-por-el-caso-negreira.html\" target=\"_self\" rel=\"nofollow noopener\" title=\"https:\/\/elpais.com\/deportes\/futbol\/2025-12-15\/florentino-perez-sostiene-la-guerra-del-real-madrid-al-barca-por-el-caso-negreira.html\">de Florentino P\u00e9rez<\/a>, el presidente del Madrid. En ellas, el m\u00e1ximo dirigente del conjunto blanco atac\u00f3 a los \u00e1rbitros por sus supuestas malas actuaciones contra su equipo, al mismo tiempo que asegur\u00f3 que el Caso Negreira \u201ces el mayor esc\u00e1ndalo de la historia del f\u00fatbol en el mundo\u201d. <\/p>\n<p class=\"\">\u201cEl colectivo arbitral espa\u00f1ol act\u00faa con independencia, rigor y profesionalidad, y no forma parte de ninguna trama ni connivencia con intereses de clubes o dirigentes\u201d, afirm\u00f3 el AESAF en su comunicado. \u201cEn el denominado <a href=\"https:\/\/elpais.com\/deportes\/futbol\/2025-12-16\/una-linea-de-puntos-entre-bosman-y-negreira.html\" target=\"_self\" rel=\"nofollow noopener\" title=\"https:\/\/elpais.com\/deportes\/futbol\/2025-12-16\/una-linea-de-puntos-entre-bosman-y-negreira.html\">Caso Negreira<\/a>, ning\u00fan \u00e1rbitro ha sido investigado ni imputado en todo el tiempo de instrucci\u00f3n. No podemos dar por v\u00e1lida la acusaci\u00f3n de corrupci\u00f3n sobre la figura de los \u00e1rbitros\u201d, a\u00f1ade el sindicato. <\/p>\n<p class=\"\">Al mismo tiempo, el representante de los colegiados espa\u00f1oles recuerda que el arbitraje no puede ser considerado como una excusa: \u201cEntendemos que el arbitraje no puede ser utilizado como excusa para justificar resultados deportivos. El f\u00fatbol se gana y se pierde en el terreno de juego\u201d. Al mismo tiempo, el sindicato ejerci\u00f3 una defensa de <a href=\"https:\/\/elpais.com\/deportes\/futbol\/2025-04-25\/el-arbitro-de-la-final-de-copa-del-rey-entre-lagrimas-es-jodido-cuando-tu-hijo-llega-llorando-porque-le-dicen-tu-padre-es-un-ladron.html\" target=\"_self\" rel=\"nofollow noopener\" title=\"https:\/\/elpais.com\/deportes\/futbol\/2025-04-25\/el-arbitro-de-la-final-de-copa-del-rey-entre-lagrimas-es-jodido-cuando-tu-hijo-llega-llorando-porque-le-dicen-tu-padre-es-un-ladron.html\">Pablo Gonz\u00e1lez Fuertes<\/a>, colegiado nombrado por nombre y apellidos por Florentino P\u00e9rez como responsable de una conspiraci\u00f3n arbitral contra el Madrid. \u201cAESAF expresa su apoyo al compa\u00f1ero Pablo Gonz\u00e1lez Fuertes y a todos los \u00e1rbitros y \u00e1rbitras de Espa\u00f1a, cuya labor profesional y personal merece respeto institucional y social. Rechazamos cualquier intento de personalizar ataques o deslegitimar p\u00fablicamente a colegiados sin fundamentos\u201d, se a\u00f1ade. <\/p>\n<p class=\"\">\u201cQueremos manifestar que la acusaci\u00f3n de amenazas en la rueda de prensa de la <a href=\"https:\/\/elpais.com\/deportes\/resultados\/futbol\/copa_del_rey\/\" target=\"_self\" rel=\"nofollow noopener\" title=\"https:\/\/elpais.com\/deportes\/resultados\/futbol\/copa_del_rey\/\">Final de la Copa del Rey<\/a> de la temporada 2024-25 no se ajusta a la realidad, y es, cuando menos, una falsedad\u201d, se aclara, para advertir que declaraciones como las efectuadas por el presidente del Madrid pueden ser muy perjudiciales en la cultura del f\u00fatbol. \u201cAESAF advierte de que cualquier manifestaci\u00f3n p\u00fablica realizada desde posiciones de influencia tiene un impacto directo en la cultura del f\u00fatbol y del arbitraje, y deriva \u2014de forma directa o indirecta\u2014 en episodios de violencia y agresi\u00f3n contra los colegiados en todos los niveles\u00bb, se aclara.<\/p>\n<p class=\"\">A mediod\u00eda, tambi\u00e9n ha hablado el presidente del FC Barcelona, que declar\u00f3 como testigo en el juicio del caso Negreira hace pocos d\u00edas. El mandatario azulgrana ha respondido a las declaraciones de Florentino P\u00e9rez: \u201cAntes era barcelonitis, pero ahora ya es barcelonitis aguda. Veo que la Barcelonitis est\u00e1 instalada en el coraz\u00f3n del madridismo\u201d, ironiz\u00f3, antes de la comida de representantes de las directivas del FC Barcelona y del Guadalajara previa al partido de Copa de esta noche a las 21.00. \u201cTodo eso a nosotros ya nos va bien\u201d, agreg\u00f3. \u201cQuiere decir que est\u00e1n m\u00e1s preocupados de nosotros que de lo que realmente se tienen que preocupar\u201d, insisti\u00f3 Laporta.<\/p>\n<p class=\"\">El presidente azulgrana considera que si Florentino P\u00e9rez ha cambiado de estrategia y de discurso en sus relaciones con el Barcelona, \u201cposiblemente es porque hace un a\u00f1o hab\u00eda ciertas coincidencias en algunos proyectos y ahora, a la vista de que ese proyecto no ha fructificado, no ha cuajado\u201d, en referencia a la Suprerliga. \u201cNosotros tenemos un posicionamiento claro de llegar a un acuerdo con la UEFA y creo que es lo mejor para nuestro club\u201d, concluy\u00f3 Laporta.<\/p>\n","protected":false},"excerpt":{"rendered":"La Asociaci\u00f3n Espa\u00f1ola de \u00c1rbitros de F\u00fatbol (AESAF), considerado como el sindicato de los colegiados espa\u00f1oles, ha emitido&hellip;\n","protected":false},"author":2,"featured_media":291448,"comment_status":"","ping_status":"","sticky":false,"template":"","format":"standard","meta":{"footnotes":""},"categories":[93],"tags":[69827,12572,40675,1540,168,1539,25,24,15510,282,1538,69826,3048,23,167],"class_list":{"0":"post-291447","1":"post","2":"type-post","3":"status-publish","4":"format-standard","5":"has-post-thumbnail","7":"category-deportes","8":"tag-aesaf","9":"tag-arbitros","10":"tag-caso-negreira","11":"tag-competiciones","12":"tag-deportes","13":"tag-entrenadores","14":"tag-es","15":"tag-espana","16":"tag-florentino-perez","17":"tag-futbol","18":"tag-futbolistas","19":"tag-pablo-gonzalez-fuertes","20":"tag-real-madrid","21":"tag-spain","22":"tag-sports"},"share_on_mastodon":{"url":"https:\/\/pubeurope.com\/@es\/115730098911924654","error":""},"_links":{"self":[{"href":"https:\/\/www.europesays.com\/es\/wp-json\/wp\/v2\/posts\/291447","targetHints":{"allow":["GET"]}}],"collection":[{"href":"https:\/\/www.europesays.com\/es\/wp-json\/wp\/v2\/posts"}],"about":[{"href":"https:\/\/www.europesays.com\/es\/wp-json\/wp\/v2\/types\/post"}],"author":[{"embeddable":true,"href":"https:\/\/www.europesays.com\/es\/wp-json\/wp\/v2\/users\/2"}],"replies":[{"embeddable":true,"href":"https:\/\/www.europesays.com\/es\/wp-json\/wp\/v2\/comments?post=291447"}],"version-history":[{"count":0,"href":"https:\/\/www.europesays.com\/es\/wp-json\/wp\/v2\/posts\/291447\/revisions"}],"wp:featuredmedia":[{"embeddable":true,"href":"https:\/\/www.europesays.com\/es\/wp-json\/wp\/v2\/media\/291448"}],"wp:attachment":[{"href":"https:\/\/www.europesays.com\/es\/wp-json\/wp\/v2\/media?parent=291447"}],"wp:term":[{"taxonomy":"category","embeddable":true,"href":"https:\/\/www.europesays.com\/es\/wp-json\/wp\/v2\/categories?post=291447"},{"taxonomy":"post_tag","embeddable":true,"href":"https:\/\/www.europesays.com\/es\/wp-json\/wp\/v2\/tags?post=291447"}],"curies":[{"name":"wp","href":"https:\/\/api.w.org\/{rel}","templated":true}]}}