{"id":291461,"date":"2025-12-16T16:11:09","date_gmt":"2025-12-16T16:11:09","guid":{"rendered":"https:\/\/www.europesays.com\/es\/291461\/"},"modified":"2025-12-16T16:11:09","modified_gmt":"2025-12-16T16:11:09","slug":"el-psoe-entrega-al-juez-la-documentacion-sobre-los-pagos-en-metalico-de-2017-a-2024","status":"publish","type":"post","link":"https:\/\/www.europesays.com\/es\/291461\/","title":{"rendered":"El PSOE entrega al juez la documentaci\u00f3n sobre los pagos en met\u00e1lico de 2017 a 2024"},"content":{"rendered":"<p>El <a href=\"https:\/\/theobjective.com\/etiqueta\/psoe\/\" rel=\"nofollow noopener\" target=\"_blank\">PSOE<\/a> ha entregado al juez de la <a href=\"https:\/\/theobjective.com\/etiqueta\/audiencia-nacional\/\" rel=\"nofollow noopener\" target=\"_blank\">Audiencia Nacional <\/a>que instruye el <a href=\"https:\/\/theobjective.com\/etiqueta\/caso-koldo\/\" rel=\"nofollow noopener\" target=\"_blank\">caso Koldo<\/a> un pendrive en el que se incluir\u00eda el listado y los justificantes de todos los pagos en <strong>met\u00e1lico efectuados entre 2017 y 2024<\/strong> a dirigentes, trabajadores y simpatizantes de la formaci\u00f3n.<\/p>\n<p>As\u00ed consta en una diligencia, a la que ha tenido acceso Europa Press, en la que el Juzgado Central de Instrucci\u00f3n N\u00famero 2 da constancia de que los socialistas han entregado al tribunal \u00abun sobre cerrado, el cual contiene <strong>escrito junto con la documentaci\u00f3n<\/strong>, en formato pendrive\u00bb, que fue requerida por el magistrado Ismael Moreno.<\/p>\n<p>El juez de la AN decidi\u00f3 en noviembre abrir una pieza separada para investigar esos<strong> pagos en efectivo.<\/strong> Lo hizo a instancias del magistrado del Tribunal Supremo que tambi\u00e9n instruye la causa, ante la sospecha de que el exministro Jos\u00e9 Luis \u00c1balos y su exasesor Koldo Garc\u00eda pudieron aprovechar la falta de controles en el PSOE a la hora de devolver gastos anticipados para blanquear el dinero obtenido de sus presuntas actividades ilegales.<\/p>\n<p>Adem\u00e1s, la Fiscal\u00eda Anticorrupci\u00f3n apunt\u00f3 a un posible delito de desfalco cometido contra la formaci\u00f3n pol\u00edtica, entre<strong> \u00abotras irregularidades\u00bb. <\/strong>Moreno reclam\u00f3 por esos motivos al PSOE la \u00abrelaci\u00f3n de pagos en met\u00e1lico efectuados y documentos en los que se soportan los mismos\u00bb de 2017 a 2024, sin hacer mayores precisiones.<\/p>\n<p>El PSOE asegur\u00f3 al juez que colaborar\u00eda con la Justicia en cualquier caso, pero alert\u00f3 de que, en el caso de entregar la documentaci\u00f3n \u00edntegra, habr\u00eda \u00abgraves <strong>derivaciones jur\u00eddicas, procesales, personales<\/strong> y de protecci\u00f3n de datos\u00bb porque implicar\u00eda aportar \u00abtodos los gastos adelantados a favor del partido por dirigentes, trabajadores, militantes y simples simpatizantes o voluntarios\u00bb.<\/p>\n<p>Los socialistas solicitaron al magistrado, adem\u00e1s, que guardase esa informaci\u00f3n que ya han aportado en una pieza secreta a la que solo accedan los <strong>investigadores, el juzgado y la Fiscal\u00eda<\/strong>, explicando que \u00abes notorio que el PP y el resto de acusaciones hacen caso omiso\u00bb a la obligaci\u00f3n legal de reserva.<a href=\"https:\/\/theobjective.com\/espana\/tribunales\/2025-12-16\/psoe-juez-documentacion-pagos-metalico\/javascript:AbrePopUp(\" rel=\"nofollow noopener\" target=\"_blank\"><\/p>\n","protected":false},"excerpt":{"rendered":"El PSOE ha entregado al juez de la Audiencia Nacional que instruye el caso Koldo un pendrive en&hellip;\n","protected":false},"author":2,"featured_media":291462,"comment_status":"","ping_status":"","sticky":false,"template":"","format":"standard","meta":{"footnotes":""},"categories":[5],"tags":[6543,17,18,4334,4781,25,24,13,14,11,19,20,9,10,15,16,46883,1699,23,12,21,22],"class_list":{"0":"post-291461","1":"post","2":"type-post","3":"status-publish","4":"format-standard","5":"has-post-thumbnail","7":"category-titulares","8":"tag-audiencia-nacional","9":"tag-breaking-news","10":"tag-breakingnews","11":"tag-caso-koldo","12":"tag-efectivo","13":"tag-es","14":"tag-espana","15":"tag-featured-news","16":"tag-featurednews","17":"tag-headlines","18":"tag-latest-news","19":"tag-latestnews","20":"tag-news","21":"tag-noticias","22":"tag-noticias-destacadas","23":"tag-noticiasdestacadas","24":"tag-pagos","25":"tag-psoe","26":"tag-spain","27":"tag-titulares","28":"tag-ultimas-noticias","29":"tag-ultimasnoticias"},"share_on_mastodon":{"url":"https:\/\/pubeurope.com\/@es\/115730126164482517","error":""},"_links":{"self":[{"href":"https:\/\/www.europesays.com\/es\/wp-json\/wp\/v2\/posts\/291461","targetHints":{"allow":["GET"]}}],"collection":[{"href":"https:\/\/www.europesays.com\/es\/wp-json\/wp\/v2\/posts"}],"about":[{"href":"https:\/\/www.europesays.com\/es\/wp-json\/wp\/v2\/types\/post"}],"author":[{"embeddable":true,"href":"https:\/\/www.europesays.com\/es\/wp-json\/wp\/v2\/users\/2"}],"replies":[{"embeddable":true,"href":"https:\/\/www.europesays.com\/es\/wp-json\/wp\/v2\/comments?post=291461"}],"version-history":[{"count":0,"href":"https:\/\/www.europesays.com\/es\/wp-json\/wp\/v2\/posts\/291461\/revisions"}],"wp:featuredmedia":[{"embeddable":true,"href":"https:\/\/www.europesays.com\/es\/wp-json\/wp\/v2\/media\/291462"}],"wp:attachment":[{"href":"https:\/\/www.europesays.com\/es\/wp-json\/wp\/v2\/media?parent=291461"}],"wp:term":[{"taxonomy":"category","embeddable":true,"href":"https:\/\/www.europesays.com\/es\/wp-json\/wp\/v2\/categories?post=291461"},{"taxonomy":"post_tag","embeddable":true,"href":"https:\/\/www.europesays.com\/es\/wp-json\/wp\/v2\/tags?post=291461"}],"curies":[{"name":"wp","href":"https:\/\/api.w.org\/{rel}","templated":true}]}}