{"id":291467,"date":"2025-12-16T16:20:20","date_gmt":"2025-12-16T16:20:20","guid":{"rendered":"https:\/\/www.europesays.com\/es\/291467\/"},"modified":"2025-12-16T16:20:20","modified_gmt":"2025-12-16T16:20:20","slug":"el-guadalajara-calienta-la-previa-contra-el-barca","status":"publish","type":"post","link":"https:\/\/www.europesays.com\/es\/291467\/","title":{"rendered":"El Guadalajara calienta la previa contra el Bar\u00e7a"},"content":{"rendered":"<p class=\"ft-text\">La m\u00edstica de la Copa del Rey va m\u00e1s all\u00e1 de lo que sucede sobre el terreno de juego. Clubes humildes viven una semana m\u00e1gica cuando reciben a un Primera, m\u00e1s a\u00fan si es el <strong>Bar\u00e7a.<\/strong> El <strong>Guadalajara<\/strong>, de Primera Federaci\u00f3n, <strong>ha aprovechado<\/strong> el tir\u00f3n medi\u00e1tico de la visita de los azulgranas <a class=\"ft-link ft-link--decoration\" href=\"https:\/\/www.sport.es\/es\/noticias\/barca\/cd-guadalajara-barcelona-copa-del-rey-124715998\" target=\"_blank\" rel=\"nofollow noopener\">para superar su r\u00e9cord de abonados<\/a> y, adem\u00e1s, <strong>para juguetear en sus redes sociales.<\/strong><\/p>\n<p class=\"ft-text\">El club alcarre\u00f1o ha subido <strong>tres publicaciones<\/strong> a su cuenta de X (Twitter) <strong>en tono sarc\u00e1stico<\/strong>. Los &#8216;posts&#8217;, que <strong>han girado en torno a las palancas<\/strong>, un t\u00e9rmino vinculado a la gesti\u00f3n econ\u00f3mica del Bar\u00e7a en los \u00faltimos a\u00f1os bajo el mandato de Joan Laporta, no han agradado a algunos aficionados catalanes. El \u00faltimo de ellos, el cartel online para anunciar el partido de dieciseisavos que se disputa este martes a las 21 horas, se titula: <strong>&#8216;Palanca rumbo a Octavos&#8217;<\/strong>.<\/p>\n<p class=\"ft-text\">Pese a las bromas del conjunto castellanomanchego, el Guadalajara, que ha anunciado que quedan<strong> menos de 100 entradas a la venta<\/strong> para el duelo, ha mostrado su admiraci\u00f3n al Bar\u00e7a con un nuevo p\u00f3ster.<strong> \u00ab\u00a1Todo un honor medirnos al Rey de Copas!\u00bb<\/strong>, reza el cartel publicado por el equipo dirigido por Pere Mart\u00ed.<\/p>\n<p class=\"ft-text\"><strong>La visita del FC Barcelona al Estadio Pedro Escart\u00edn<\/strong> no solo ha generado una mayor visibilidad a las redes sociales del club alcarre\u00f1o, sino que tambi\u00e9n <strong>ha permitido aumentar el apoyo de la ciudad con su equipo<\/strong>, pues se han alcanzado los <strong>4.700 abonados<\/strong>, una cifra r\u00e9cord en la historia del club. Adem\u00e1s, el campo ha pasado <strong>de los 6.000 asientos a los 8.500 <\/strong>con <a class=\"ft-link ft-link--decoration\" href=\"https:\/\/www.sport.es\/es\/noticias\/barca\/guadalajara-engalana-recibir-barca-barcelona-copa-del-rey-124795793\" target=\"_blank\" rel=\"nofollow noopener\">la instalaci\u00f3n de gradas supletorias<\/a> para recibir a los pupilos de Hansi Flick.<\/p>\n","protected":false},"excerpt":{"rendered":"La m\u00edstica de la Copa del Rey va m\u00e1s all\u00e1 de lo que sucede sobre el terreno de&hellip;\n","protected":false},"author":2,"featured_media":291468,"comment_status":"","ping_status":"","sticky":false,"template":"","format":"standard","meta":{"footnotes":""},"categories":[268],"tags":[2296,210,1941,168,25,24,280,282,439,22611,281,23,167],"class_list":{"0":"post-291467","1":"post","2":"type-post","3":"status-publish","4":"format-standard","5":"has-post-thumbnail","7":"category-futbol","8":"tag-barca","9":"tag-barcelona","10":"tag-copa-del-rey","11":"tag-deportes","12":"tag-es","13":"tag-espana","14":"tag-football","15":"tag-futbol","16":"tag-guadalajara","17":"tag-previa","18":"tag-soccer","19":"tag-spain","20":"tag-sports"},"share_on_mastodon":{"url":"https:\/\/pubeurope.com\/@es\/115730161719361365","error":""},"_links":{"self":[{"href":"https:\/\/www.europesays.com\/es\/wp-json\/wp\/v2\/posts\/291467","targetHints":{"allow":["GET"]}}],"collection":[{"href":"https:\/\/www.europesays.com\/es\/wp-json\/wp\/v2\/posts"}],"about":[{"href":"https:\/\/www.europesays.com\/es\/wp-json\/wp\/v2\/types\/post"}],"author":[{"embeddable":true,"href":"https:\/\/www.europesays.com\/es\/wp-json\/wp\/v2\/users\/2"}],"replies":[{"embeddable":true,"href":"https:\/\/www.europesays.com\/es\/wp-json\/wp\/v2\/comments?post=291467"}],"version-history":[{"count":0,"href":"https:\/\/www.europesays.com\/es\/wp-json\/wp\/v2\/posts\/291467\/revisions"}],"wp:featuredmedia":[{"embeddable":true,"href":"https:\/\/www.europesays.com\/es\/wp-json\/wp\/v2\/media\/291468"}],"wp:attachment":[{"href":"https:\/\/www.europesays.com\/es\/wp-json\/wp\/v2\/media?parent=291467"}],"wp:term":[{"taxonomy":"category","embeddable":true,"href":"https:\/\/www.europesays.com\/es\/wp-json\/wp\/v2\/categories?post=291467"},{"taxonomy":"post_tag","embeddable":true,"href":"https:\/\/www.europesays.com\/es\/wp-json\/wp\/v2\/tags?post=291467"}],"curies":[{"name":"wp","href":"https:\/\/api.w.org\/{rel}","templated":true}]}}