{"id":291477,"date":"2025-12-16T16:28:10","date_gmt":"2025-12-16T16:28:10","guid":{"rendered":"https:\/\/www.europesays.com\/es\/291477\/"},"modified":"2025-12-16T16:28:10","modified_gmt":"2025-12-16T16:28:10","slug":"salud-descarta-riesgos-por-la-supergripe-h3n2-tenemos-suficientes-vacunas","status":"publish","type":"post","link":"https:\/\/www.europesays.com\/es\/291477\/","title":{"rendered":"Salud descarta riesgos por la \u2018supergripe\u2019 H3N2: \u201cTenemos suficientes vacunas\u201d"},"content":{"rendered":"<p class=\"\">El secretario de Salud, David Kershenobich, ha apaciguado las alertas que hab\u00eda encendido en M\u00e9xico la influenza AH3N2, conocida como supergripe. Kershenobich ha insistido esta ma\u00f1ana desde Palacio Nacional, que la enfermedad no representa un riesgo para M\u00e9xico, pues <a href=\"https:\/\/elpais.com\/mexico\/2025-07-16\/mas-de-340000-ninos-en-mexico-no-recibieron-ninguna-vacuna-en-2024.html\" target=\"_self\" rel=\"nofollow noopener\" title=\"https:\/\/elpais.com\/mexico\/2025-07-16\/mas-de-340000-ninos-en-mexico-no-recibieron-ninguna-vacuna-en-2024.html\">el pa\u00eds cuenta con un abasto suficiente de vacunas y tratamientos para atender a la poblaci\u00f3n<\/a>. La afirmaci\u00f3n llega luego de que la Secretar\u00eda confirmase el viernes <a href=\"https:\/\/elpais.com\/mexico\/2025-12-12\/mexico-confirma-su-primer-caso-de-influenza-h3n2-subclado-k-conocida-como-super-gripe.html\" target=\"_self\" rel=\"nofollow noopener\" title=\"https:\/\/elpais.com\/mexico\/2025-12-12\/mexico-confirma-su-primer-caso-de-influenza-h3n2-subclado-k-conocida-como-super-gripe.html\">el primer caso de la variante K en Ciudad de M\u00e9xico, en un paciente ya recuperado<\/a>. El secretario ha descartado cualquier escenario de pandemia y enfatiz\u00f3 que la situaci\u00f3n del pa\u00eds est\u00e1 alineada con las recomendaciones de la Organizaci\u00f3n Mundial de la Salud.<\/p>\n<p class=\"\">\u201cNosotros tenemos suficiente vacuna y tenemos tambi\u00e9n, cuando alguien tiene influenza, la posibilidad y el abasto suficiente para el tratamiento de la influenza en general\u201d, <a href=\"https:\/\/elpais.com\/mexico\/2025-12-12\/mexico-confirma-su-primer-caso-de-influenza-h3n2-subclado-k-conocida-como-super-gripe.html\" target=\"_self\" rel=\"nofollow noopener\" title=\"https:\/\/elpais.com\/mexico\/2025-12-12\/mexico-confirma-su-primer-caso-de-influenza-h3n2-subclado-k-conocida-como-super-gripe.html\">ha afirmado Kershenobich<\/a>. El funcionario ha subrayado que, aunque no existe un problema sanitario en este momento, se mantendr\u00e1 la vigilancia epidemiol\u00f3gica para prevenir y controlar posibles contagios. En M\u00e9xico solo se ha registrado un caso de esta variante, detectado hace aproximadamente un mes en Ciudad de M\u00e9xico, en una mujer de 80 a\u00f1os, que no fue hospitalizado y fue dado de alta tras un tratamiento con oseltamivir. <\/p>\n<p class=\"\">La variante H3N2 subclado K <a href=\"https:\/\/elpais.com\/espana\/catalunya\/2025-12-09\/las-mascarillas-seran-obligatorias-en-centros-de-salud-y-residencias-ante-el-avance-de-la-gripe-en-cataluna.html\" target=\"_self\" rel=\"nofollow noopener\" title=\"https:\/\/elpais.com\/espana\/catalunya\/2025-12-09\/las-mascarillas-seran-obligatorias-en-centros-de-salud-y-residencias-ante-el-avance-de-la-gripe-en-cataluna.html\">ha generado alertas sanitarias en pa\u00edses de Europa<\/a> y en Estados Unidos debido a su mayor capacidad de contagio, lo que incluso ha llevado a recomendar el uso de cubrebocas en algunas regiones. Sin embargo, Kershenobich ha tranquilizado que no se trata de una variante nueva ni especial, ya que est\u00e1 contemplada dentro de la vacuna estacional contra la influenza que se aplica en M\u00e9xico.<\/p>\n<p class=\"\">\u201cLa vacuna de influenza Mexinvac aplicada en 2024 y 2025 es completamente producida en M\u00e9xico y disponemos de la cantidad suficiente para cubrir a la poblaci\u00f3n en riesgo\u201d, ha explicado. A\u00f1adi\u00f3 que la vacunaci\u00f3n es clave para prevenir casos graves y hospitalizaciones, y destac\u00f3 que responde adecuadamente al tratamiento antiviral habitual, incluido el oseltamivir.<\/p>\n<p><img decoding=\"auto\" class=\"_re lazyload a_m-h\" height=\"277\"  width=\"414\"  src=\"https:\/\/www.europesays.com\/es\/wp-content\/uploads\/2025\/12\/J34O2PJV25B3HGB347ECDX4QSY.jpg\" loading=\"lazy\"\/>Mega Jornada de Vacunaci\u00f3n en Toluca, Estado de M\u00e9xico, el 26 de noviembre.Crisanta Espinosa Aguilar (Cuartoscuro)<\/p>\n<p class=\"\">Kershenobich tambi\u00e9n ha insistido en que la estrategia de prevenci\u00f3n es fundamental y record\u00f3 que los niveles de influenza en el pa\u00eds se mantienen similares a los del a\u00f1o pasado, cuando lograron ser controlados. Actualmente, M\u00e9xico registra <a href=\"https:\/\/elpais.com\/mexico\/2025-09-17\/mega-centro-de-vacunacion-contra-el-sarampion-en-cdmx-ubicacion-horarios-y-quienes-pueden-asistir.html\" target=\"_self\" rel=\"nofollow noopener\" title=\"https:\/\/elpais.com\/mexico\/2025-09-17\/mega-centro-de-vacunacion-contra-el-sarampion-en-cdmx-ubicacion-horarios-y-quienes-pueden-asistir.html\">alrededor del 50% de cobertura de vacunaci\u00f3n<\/a>, por lo que llam\u00f3 a la poblaci\u00f3n a acudir a los centros de salud.<\/p>\n<p class=\"\">A finales de noviembre, aumentaron los casos de influenza a nivel global. En Canad\u00e1 y Estados Unidos, comparti\u00f3 la Organizaci\u00f3n Panamericana de la Salud, predominan el tipo A (H3N2), incluido el subclado K, ampliamente detectado tambi\u00e9n en Asia. Esta variante ha mostrado mayor capacidad de transmisi\u00f3n con los s\u00edntomas t\u00edpicos de este virus estacional. Entre ellos, la fiebre alta, dolor de cabeza y garganta, tos seca, dolor muscular, fatiga extrema, congesti\u00f3n nasal, malestar general y falta de apetito. Todas estas, manifestaciones que pueden ser m\u00e1s severas en ni\u00f1os peque\u00f1os, personas mayores o para quienes viven con enfermedades cr\u00f3nicas.<\/p>\n<p class=\"\">La vacuna est\u00e1 recomendada para ni\u00f1as y ni\u00f1os de entre seis meses y cinco a\u00f1os, personas mayores de 60 a\u00f1os y quienes presenten factores de riesgo como diabetes, hipertensi\u00f3n, enfermedad renal cr\u00f3nica, obesidad, asma o padecimientos que comprometan el sistema inmunol\u00f3gico. \u201cLa vacunaci\u00f3n previene los casos graves y la admisi\u00f3n a los hospitales, por eso hacemos un llamado a reforzarla\u201d, ha concluido.<\/p>\n","protected":false},"excerpt":{"rendered":"El secretario de Salud, David Kershenobich, ha apaciguado las alertas que hab\u00eda encendido en M\u00e9xico la influenza AH3N2,&hellip;\n","protected":false},"author":2,"featured_media":291478,"comment_status":"","ping_status":"","sticky":false,"template":"","format":"standard","meta":{"footnotes":""},"categories":[92],"tags":[889,3730,25,24,629,7749,165,1804,1906,3572,11334,166,1452,23],"class_list":{"0":"post-291477","1":"post","2":"type-post","3":"status-publish","4":"format-standard","5":"has-post-thumbnail","7":"category-salud","8":"tag-america","9":"tag-canada","10":"tag-es","11":"tag-espana","12":"tag-estados-unidos","13":"tag-gripe","14":"tag-health","15":"tag-latinoamerica","16":"tag-mexico","17":"tag-oms","18":"tag-ops","19":"tag-salud","20":"tag-salud-publica","21":"tag-spain"},"share_on_mastodon":{"url":"https:\/\/pubeurope.com\/@es\/115730193963640922","error":""},"_links":{"self":[{"href":"https:\/\/www.europesays.com\/es\/wp-json\/wp\/v2\/posts\/291477","targetHints":{"allow":["GET"]}}],"collection":[{"href":"https:\/\/www.europesays.com\/es\/wp-json\/wp\/v2\/posts"}],"about":[{"href":"https:\/\/www.europesays.com\/es\/wp-json\/wp\/v2\/types\/post"}],"author":[{"embeddable":true,"href":"https:\/\/www.europesays.com\/es\/wp-json\/wp\/v2\/users\/2"}],"replies":[{"embeddable":true,"href":"https:\/\/www.europesays.com\/es\/wp-json\/wp\/v2\/comments?post=291477"}],"version-history":[{"count":0,"href":"https:\/\/www.europesays.com\/es\/wp-json\/wp\/v2\/posts\/291477\/revisions"}],"wp:featuredmedia":[{"embeddable":true,"href":"https:\/\/www.europesays.com\/es\/wp-json\/wp\/v2\/media\/291478"}],"wp:attachment":[{"href":"https:\/\/www.europesays.com\/es\/wp-json\/wp\/v2\/media?parent=291477"}],"wp:term":[{"taxonomy":"category","embeddable":true,"href":"https:\/\/www.europesays.com\/es\/wp-json\/wp\/v2\/categories?post=291477"},{"taxonomy":"post_tag","embeddable":true,"href":"https:\/\/www.europesays.com\/es\/wp-json\/wp\/v2\/tags?post=291477"}],"curies":[{"name":"wp","href":"https:\/\/api.w.org\/{rel}","templated":true}]}}