{"id":291519,"date":"2025-12-16T16:56:43","date_gmt":"2025-12-16T16:56:43","guid":{"rendered":"https:\/\/www.europesays.com\/es\/291519\/"},"modified":"2025-12-16T16:56:43","modified_gmt":"2025-12-16T16:56:43","slug":"valdemorillo-abandera-la-puesta-en-marcha-de-la-red-espanola-de-piscinas-inteligentes-conectadas-alcanzando-un-importante-hito-deportivo-y-social","status":"publish","type":"post","link":"https:\/\/www.europesays.com\/es\/291519\/","title":{"rendered":"Valdemorillo abandera la puesta en marcha de la Red Espa\u00f1ola de Piscinas Inteligentes Conectadas alcanzando un importante hito deportivo y social"},"content":{"rendered":"<p>Con la puesta en marcha de su proyecto de digitalizaci\u00f3n de la piscina cubierta del Centro Deportivo Eras Cerradas, el Ayuntamiento de Valdemorillo ha activado este 16 de diciembre en la regi\u00f3n madrile\u00f1a la Red Espa\u00f1ola de Piscinas Inteligentes Conectadas (EPIC), convirti\u00e9ndose en el primer municipio de esta Comunidad que ofrece a los usuarios las ventajas de incorporar nuevas tecnolog\u00edas \u201cpara proporcionar estrategias y acciones que faciliten nuevas experiencias enmarcadas en un \u00e1mbito f\u00edsico deportivo\u201d. De este modo, la localidad se pone al frente de la transformaci\u00f3n digital del sector, ofreciendo una \u201coportunidad \u00fanica\u201d para disfrutar de la pr\u00e1ctica de la nataci\u00f3n en todas sus modalidades representando una oportunidad \u00fanica para conseguir los objetivos planteados a los Estados Miembros por parte de la Uni\u00f3n Europea, implement\u00e1ndola como una actividad atractiva para mejorar el bienestar y contribuir a una vida saludable.<\/p>\n<p>Consistente en un sistema de posicionamiento (geolocalizaci\u00f3n precisa) en tiempo real que permite monitorizar la actividad y seguridad de los usuarios en la piscina durante su pr\u00e1ctica deportiva en el vaso principal de la instalaci\u00f3n, con el objetivo de evitar cualquier tipo de incidente y ahogamiento, la instalaci\u00f3n de NAGI que desde este martes entra en funcionamiento constituye as\u00ed \u201ctodo un hito en el conjunto de la regi\u00f3n\u201d. As\u00ed lo ha puesto en valor el alcalde en el acto que abri\u00f3 la concejal de Deportes, Eva Ruiz, y que ha contado tambi\u00e9n con la intervenci\u00f3n del presidente de la Real Federaci\u00f3n Espa\u00f1ola de Nataci\u00f3n, Fernando Carpena, para quien \u201cla RED EPIC debe seguir creciendo\u201d, y con Aitor Canibe, director general de la Fundaci\u00f3n Deporte Joven del Consejo Superior de Deportes (CSD), que no ha dudado en afirmar que \u201cser pioneros en la Comunidad de Madrid ya posiciona a Valdemorillo en esta l\u00ednea de digitalizaci\u00f3n en la que estamos\u201d, felicitando expresamente al alcalde y a su equipo \u201cpor este paso\u201d.<\/p>\n<p>Junto al resto de autoridades ha estado igualmente presente, explicando los detalles del citado sistema de digitalizaci\u00f3n, el CEO de NAGI by ZONYX, Javier Bosch. Como se ha detallado en su presentaci\u00f3n oficial, esta nueva herramienta digital, que monitoriza todas las m\u00e9tricas (datos b\u00e1sicos) de la actividad de los nadadores, resulta necesaria para mejorar la pr\u00e1ctica y el rendimiento deportivo tanto de los deportistas que forman parte de los programas de tecnificaci\u00f3n, identificaci\u00f3n de talentos y rendimiento como de los propios usuarios que utilizan dicho espacio deportivo para mejorar su condici\u00f3n f\u00edsica y salud. Toda una soluci\u00f3n tecnol\u00f3gica que abre la puerta \u201ca seguir dando pasos en el proceso de transformaci\u00f3n digital de los servicios deportivos\u201d, facilitando el desarrollo de la Red EPIC, una red espa\u00f1ola de piscinas inteligentes conectadas en la que Valdemorillo es pionero y que se enmarca en el Plan de Recuperaci\u00f3n, Transformaci\u00f3n y Resiliencia,\u00a0 dentro de la convocatoria de las ayudas a las entidades p\u00fablicas titulares de infraestructuras para la mejora y optimizaci\u00f3n de instalaciones como la piscina cubierta del Edras Cerradas, desde las que fomentar el turismo deportivo sostenible, financiadas con fondos europeos.<\/p>\n<p>Este proyecto implica la instalaci\u00f3n de unos localizadores, as\u00ed como dispositivos de control, equipos electr\u00f3nicos y material de red en la piscina para que los usuarios visualicen sus entrenamientos en tiempo real, resultado tambi\u00e9n de ayuda a los socorristas en la prevenci\u00f3n de ahogamientos, aumentado la seguridad y facilitando el acceso a colectivos especiales que requieran de mayor vigilancia. Adem\u00e1s, esta tecnolog\u00eda se podr\u00e1 incorporar a los cursos de iniciaci\u00f3n, atrayendo a m\u00e1s j\u00f3venes a la pr\u00e1ctica de la nataci\u00f3n, y proporcionar\u00e1 informaci\u00f3n del uso de la piscina con el fin de optimizar y mejorar su explotaci\u00f3n.<\/p>\n","protected":false},"excerpt":{"rendered":"Con la puesta en marcha de su proyecto de digitalizaci\u00f3n de la piscina cubierta del Centro Deportivo Eras&hellip;\n","protected":false},"author":2,"featured_media":291520,"comment_status":"","ping_status":"","sticky":false,"template":"","format":"standard","meta":{"footnotes":""},"categories":[8],"tags":[17,18,25,24,13,14,11,19,20,9,10,15,16,23,12,21,22],"class_list":{"0":"post-291519","1":"post","2":"type-post","3":"status-publish","4":"format-standard","5":"has-post-thumbnail","7":"category-espana","8":"tag-breaking-news","9":"tag-breakingnews","10":"tag-es","11":"tag-espana","12":"tag-featured-news","13":"tag-featurednews","14":"tag-headlines","15":"tag-latest-news","16":"tag-latestnews","17":"tag-news","18":"tag-noticias","19":"tag-noticias-destacadas","20":"tag-noticiasdestacadas","21":"tag-spain","22":"tag-titulares","23":"tag-ultimas-noticias","24":"tag-ultimasnoticias"},"share_on_mastodon":{"url":"https:\/\/pubeurope.com\/@es\/115730303090713325","error":""},"_links":{"self":[{"href":"https:\/\/www.europesays.com\/es\/wp-json\/wp\/v2\/posts\/291519","targetHints":{"allow":["GET"]}}],"collection":[{"href":"https:\/\/www.europesays.com\/es\/wp-json\/wp\/v2\/posts"}],"about":[{"href":"https:\/\/www.europesays.com\/es\/wp-json\/wp\/v2\/types\/post"}],"author":[{"embeddable":true,"href":"https:\/\/www.europesays.com\/es\/wp-json\/wp\/v2\/users\/2"}],"replies":[{"embeddable":true,"href":"https:\/\/www.europesays.com\/es\/wp-json\/wp\/v2\/comments?post=291519"}],"version-history":[{"count":0,"href":"https:\/\/www.europesays.com\/es\/wp-json\/wp\/v2\/posts\/291519\/revisions"}],"wp:featuredmedia":[{"embeddable":true,"href":"https:\/\/www.europesays.com\/es\/wp-json\/wp\/v2\/media\/291520"}],"wp:attachment":[{"href":"https:\/\/www.europesays.com\/es\/wp-json\/wp\/v2\/media?parent=291519"}],"wp:term":[{"taxonomy":"category","embeddable":true,"href":"https:\/\/www.europesays.com\/es\/wp-json\/wp\/v2\/categories?post=291519"},{"taxonomy":"post_tag","embeddable":true,"href":"https:\/\/www.europesays.com\/es\/wp-json\/wp\/v2\/tags?post=291519"}],"curies":[{"name":"wp","href":"https:\/\/api.w.org\/{rel}","templated":true}]}}