{"id":291527,"date":"2025-12-16T17:07:18","date_gmt":"2025-12-16T17:07:18","guid":{"rendered":"https:\/\/www.europesays.com\/es\/291527\/"},"modified":"2025-12-16T17:07:18","modified_gmt":"2025-12-16T17:07:18","slug":"pellegrini-se-reafirma-tras-ser-criticado-por-martin-presa-e-inigo-perez-vallecas-es-un-campo-chico","status":"publish","type":"post","link":"https:\/\/www.europesays.com\/es\/291527\/","title":{"rendered":"Pellegrini se reafirma tras ser criticado por Mart\u00edn Presa e I\u00f1igo P\u00e9rez: \u00abVallecas es un campo chico\u00bb"},"content":{"rendered":"<p>El t\u00e9cnico y, sobre todo, el presidente del Rayo Vallecano criticaron que el entrenador del Real Betis mencionase las dimensiones reducidas que tiene el fort\u00edn franjirrojo; algo que ellos mismos admitieron en sus argumentos y opini\u00f3n que el chileno mantuvo tras el 0-0 de la jornada 16 de LaLiga EA Sports   <\/p>\n<p class=\"parrafo\">Hay que ver la que se ha liado con las palabras del entrenador del Real Betis, Manuel Pellegrini, acerca las dimensiones del Estadio de Vallecas. Como todo en la vida en esta era de posturas extremistas y de trincheras. Algunos aludir\u00e1n a su libertad de expresi\u00f3n e incluso considerar\u00e1n que en el Rayo se la cogen con papel de fumar, ya que el chileno no hizo una cr\u00edtica sino una menci\u00f3n a la preparaci\u00f3n especial que le merecen todos los duelos en ese estadio. Otros, seguramente con todo el derecho del mundo, lo considerar\u00e1n un menosprecio; pero al final y al cabo permanecer\u00e1 inalterable la opini\u00f3n de cada uno. <\/p>\n<p><a class=\"elementos-rel-t2\" href=\"https:\/\/www.estadiodeportivo.com\/futbol\/betis\/inigo-perez-responde-pellegrini-antes-del-rayo-betis-por-las-dimensiones-vallecas-tiene-razon-pero-una-absurdez-quejarse-20251214-523733.html\" title=\"I\u00f1igo P\u00e9rez responde a Pellegrini antes del Rayo - Betis por las dimensiones de Vallecas: &quot;Tiene raz\u00f3n, pero es una absurdez quejarse&quot;\" rel=\"nofollow noopener\" target=\"_blank\"><\/p>\n<p class=\"titular titulo-4\">I\u00f1igo P\u00e9rez responde a Pellegrini antes del Rayo &#8211; Betis por las dimensiones de Vallecas: \u00abTiene raz\u00f3n, pero es una absurdez quejarse\u00bb<\/p>\n<p><img decoding=\"async\" src=\"https:\/\/www.europesays.com\/es\/wp-content\/uploads\/2025\/12\/c22b4970-9662-4356-847f-3b2e0418f9af_320x180.jpeg\" alt=\"I\u00f1igo P\u00e9rez responde a Pellegrini antes del Rayo - Betis por las dimensiones de Vallecas: &quot;Tiene raz\u00f3n, pero es una absurdez quejarse&quot;\"\/><\/a><a class=\"elementos-rel-t2\" href=\"https:\/\/www.estadiodeportivo.com\/futbol\/betis\/suerte-del-rayo-con-los-arbitros-tiene-betis-mano-nobel-mendy-expulsion-perdonada-pathe-ciss-20251216-523890.html\" title=\"La suerte del Rayo con los \u00e1rbitros no la tiene el Betis: de la mano de Nobel Mendy a la expulsi\u00f3n perdonada a Path\u00e9 Ciss  \" rel=\"nofollow noopener\" target=\"_blank\"><\/p>\n<p class=\"titular titulo-4\">La suerte del Rayo con los \u00e1rbitros no la tiene el Betis: de la mano de Nobel Mendy a la expulsi\u00f3n perdonada a Path\u00e9 Ciss  <\/p>\n<p><img decoding=\"async\" src=\"https:\/\/www.europesays.com\/es\/wp-content\/uploads\/2025\/12\/a1a7509c-b8a7-4347-ae0e-777397a6b92d_320x180.jpeg\" alt=\"La suerte del Rayo con los \u00e1rbitros no la tiene el Betis: de la mano de Nobel Mendy a la expulsi\u00f3n perdonada a Path\u00e9 Ciss  \"\/><\/a><a class=\"elementos-rel-t2\" href=\"https:\/\/www.estadiodeportivo.com\/futbol\/betis\/las-primeras-sensaciones-betis-sobre-lesion-diego-llorente-una-pena-esta-siendo-buen-ano-para-20251216-523875.html\" title=\"Las primeras sensaciones en el Betis sobre la lesi\u00f3n de Diego Llorente: &quot;Una pena, no ha sido un buen a\u00f1o para \u00e9l&quot; \" rel=\"nofollow noopener\" target=\"_blank\"><\/p>\n<p class=\"titular titulo-4\">Las primeras sensaciones en el Betis sobre la lesi\u00f3n de Diego Llorente: \u00abUna pena, no ha sido un buen a\u00f1o para \u00e9l\u00bb <\/p>\n<p><img decoding=\"async\" src=\"https:\/\/www.europesays.com\/es\/wp-content\/uploads\/2025\/12\/fec73317-ddb9-4a30-9329-924ed912c53b_320x180.jpeg\" alt=\"Las primeras sensaciones en el Betis sobre la lesi\u00f3n de Diego Llorente: &quot;Una pena, no ha sido un buen a\u00f1o para \u00e9l&quot; \"\/><\/a><\/p>\n<p class=\"parrafo\">Justo \u00e9sa ha sido la sutil respuesta del t\u00e9cnico verdiblanco a las cr\u00edticas que ha recibido en las \u00faltimas horas por parte del presidente del club franjirrojo, Ra\u00fal Mart\u00edn Presa, y el entrenador, I\u00f1igo P\u00e9rez. Sin referirse directamente a las palabras de ambos, Pellegrini volvi\u00f3 a hacer alusi\u00f3n a esas particularidades que percibe en sus visitas a Vallecas y desliz\u00f3 adem\u00e1s que cree que son compartidas por la mayor\u00eda de los rivales que visitan a los madrile\u00f1os. <\/p>\n<p>Pellegrini se reafirma: \u00abVallecas es un campo chico\u00bb<\/p>\n<p class=\"parrafo\">\u00ab<strong>Creo que fue un empate justo para los dos equipos. <\/strong>Tuvieron un par de opciones y ellos, quiz\u00e1s, un dominio mayor de bal\u00f3n sin hacer da\u00f1o. Creo que es un campo peque\u00f1o en el que es dif\u00edcil de jugar. Aqu\u00ed empataron <strong>Barcelona<\/strong> y <strong>Real<\/strong> <strong>Madrid<\/strong>. Si no se puede ganar, no hay que perder. Estuvimos muy aplicados defensivamente\u00bb, <a href=\"https:\/\/www.estadiodeportivo.com\/futbol\/betis\/pellegrini-encuentra-recambio-bakambu-pablo-siempre-sido-una-opcion-20251215-523852.html\" target=\"_blank\" class=\"intext-link\" rel=\"nofollow noopener\">explic\u00f3 en la rueda de prensa posterior al 0-0<\/a> con el que Rayo y Betis cerraron la jornada 16 en LaLiga EA Sports. <\/p>\n<p class=\"parrafo\">Justo antes del inicio del choque, Pellegrini ya se hab\u00eda reafirmado en su opini\u00f3n del escenario ante las c\u00e1maras de Movistar+ LaLiga: \u00abJustamente es lo que dije, que una de las dificultades que tiene venir a jugar con el Rayo Vallecano es que el campo es m\u00e1s chico, dentro de las normas reglamentarias pero con menos espacios para salir. Eso lo hace m\u00e1s complicado\u00bb. <\/p>\n<p>Ra\u00fal Mart\u00edn Presa, presidente del Rayo Vallecano: \u00abLas palabras de Pellegrini no est\u00e1n a su altura como entrenador\u00bb<\/p>\n<p class=\"parrafo\">\u00abYo creo que es un grand\u00edsimo entrenador, muy bueno; pero (sus declaraciones) no est\u00e1n a la altura que tiene \u00e9l como entrenador. El buen entrenador sabe jugar al ataque, a la defensiva, en el campo con las mayores dimensiones como es el del Elche o <strong>en<\/strong> <strong>el que tiene menores dimensiones que es el de Vallecas<\/strong>, en un campo embarrado, mojado o seco. Es un gran entrenador, lo ha demostrado en LaLiga o la Premier League. Pero es poner unas excusas\u00bb, espet\u00f3 Mart\u00edn Presa en la previa del choque, visiblemente molesto, pero quiz\u00e1s sin darse cuenta de que acababa de darle la raz\u00f3n a Pellegrini reconociendo de manera expl\u00edcita que el Rayo tiene el terreno de juego m\u00e1s peque\u00f1o de LaLiga. Eso s\u00ed, dentro de los m\u00e1rgenes que permite la ley. <\/p>\n<p class=\"parrafo\">\u00ab<strong>Los campos admiten unas dimensiones de 90 metros de largo hasta 120 metros y de 45 de ancho a 90. Las dimensiones de Vallecas cumplen con las condiciones que marca la FIFA<\/strong>\u00ab, a\u00f1adi\u00f3 el presidente del Rayo, que consider\u00f3 que el Betis ten\u00eda armas suficientes para hacer frente a ese supuesto handicap: \u00ab\u00c9l (Pellegrini) sabr\u00e1 que es lo que tiene que hacer, el planteamiento o los jugadores que debe poner para adaptarse a las circunstancias del partido. El Betis tiene una plantilla que ya quisiera el Rayo, m\u00e1s que suficiente como para amoldarse a la situaci\u00f3n del campo. <strong>Tendr\u00e1 que poner una excusa previa por si el partido no sale bien<\/strong><strong>. Si el Betis no nos gana no ser\u00e1 por las dimensiones del campo, ser\u00e1 porque lo habr\u00e1n hecho peor que nosotros o nosotros mejor que ellos<\/strong>\u00ab. <\/p>\n<p><img decoding=\"async\" src=\"https:\/\/www.europesays.com\/es\/wp-content\/uploads\/2025\/12\/6554ca61-3870-4105-b6a9-70c82930558a_800x1200.jpeg\" loading=\"lazy\"\/>A I\u00f1igo P\u00e9rez le parece una absurdez y bromea: \u00abPues en la Conference lo estrechamos todav\u00eda m\u00e1s\u00bb<\/p>\n<p class=\"parrafo\">\u00abTiene raz\u00f3n Pellegrini, porque eso siempre <strong>te condiciona a la hora de jugar.<\/strong> Nosotros estamos m\u00e1s cerca, el rival debe ser m\u00e1s preciso\u2026 <strong>No son excusas<\/strong>. Ellos hacen una descripci\u00f3n del escenario\u00bb, se\u00f1al\u00f3 I\u00f1igo P\u00e9rez, quien, no obstante, expres\u00f3 que no entiende esa insistencia de muchos entrenadores cuando la legalidad les respalda. <\/p>\n<p class=\"parrafo\">Es m\u00e1s, incluso brome\u00f3 recordando que los l\u00edmites de la UEFA son distintos a los de LaLiga: \u00abImag\u00ednate qu\u00e9 dir\u00e1n los rivales que tenemos en la Conference, porque lo a\u00fan estrechamos m\u00e1s. <strong>Hay unas reglas del juego y est\u00e1 permitido.<\/strong> <strong>Quejarte una y otra vez es absurdo\u00bb<\/strong>, declar\u00f3, <a href=\"https:\/\/www.estadiodeportivo.com\/futbol\/betis\/inigo-perez-responde-pellegrini-antes-del-rayo-betis-por-las-dimensiones-vallecas-tiene-razon-pero-una-absurdez-quejarse-20251214-523733.html\" target=\"_blank\" class=\"intext-link\" rel=\"nofollow noopener\">en un tono m\u00e1s conciliador aunque igualmente contrariado<\/a>, el entrenador del Rayo Vallecano en rueda de prensa. <\/p>\n<p><img decoding=\"async\" src=\"https:\/\/www.europesays.com\/es\/wp-content\/uploads\/2025\/12\/ba765b46-24b3-404d-be55-af959db28569_800x453.jpeg\" loading=\"lazy\"\/><\/p>\n","protected":false},"excerpt":{"rendered":"El t\u00e9cnico y, sobre todo, el presidente del Rayo Vallecano criticaron que el entrenador del Real Betis mencionase&hellip;\n","protected":false},"author":2,"featured_media":291528,"comment_status":"","ping_status":"","sticky":false,"template":"","format":"standard","meta":{"footnotes":""},"categories":[268],"tags":[168,25,24,284,280,282,41702,2048,1945,69855,14382,286,281,23,167,23414],"class_list":{"0":"post-291527","1":"post","2":"type-post","3":"status-publish","4":"format-standard","5":"has-post-thumbnail","7":"category-futbol","8":"tag-deportes","9":"tag-es","10":"tag-espana","11":"tag-estadio-deportivo","12":"tag-football","13":"tag-futbol","14":"tag-inigo-perez","15":"tag-manuel-pellegrini","16":"tag-primera-division","17":"tag-raul-martin-presa","18":"tag-rayo-vallecano","19":"tag-real-betis-balompie","20":"tag-soccer","21":"tag-spain","22":"tag-sports","23":"tag-vallecas"},"share_on_mastodon":{"url":"https:\/\/pubeurope.com\/@es\/115730347183389569","error":""},"_links":{"self":[{"href":"https:\/\/www.europesays.com\/es\/wp-json\/wp\/v2\/posts\/291527","targetHints":{"allow":["GET"]}}],"collection":[{"href":"https:\/\/www.europesays.com\/es\/wp-json\/wp\/v2\/posts"}],"about":[{"href":"https:\/\/www.europesays.com\/es\/wp-json\/wp\/v2\/types\/post"}],"author":[{"embeddable":true,"href":"https:\/\/www.europesays.com\/es\/wp-json\/wp\/v2\/users\/2"}],"replies":[{"embeddable":true,"href":"https:\/\/www.europesays.com\/es\/wp-json\/wp\/v2\/comments?post=291527"}],"version-history":[{"count":0,"href":"https:\/\/www.europesays.com\/es\/wp-json\/wp\/v2\/posts\/291527\/revisions"}],"wp:featuredmedia":[{"embeddable":true,"href":"https:\/\/www.europesays.com\/es\/wp-json\/wp\/v2\/media\/291528"}],"wp:attachment":[{"href":"https:\/\/www.europesays.com\/es\/wp-json\/wp\/v2\/media?parent=291527"}],"wp:term":[{"taxonomy":"category","embeddable":true,"href":"https:\/\/www.europesays.com\/es\/wp-json\/wp\/v2\/categories?post=291527"},{"taxonomy":"post_tag","embeddable":true,"href":"https:\/\/www.europesays.com\/es\/wp-json\/wp\/v2\/tags?post=291527"}],"curies":[{"name":"wp","href":"https:\/\/api.w.org\/{rel}","templated":true}]}}