{"id":291549,"date":"2025-12-16T17:20:25","date_gmt":"2025-12-16T17:20:25","guid":{"rendered":"https:\/\/www.europesays.com\/es\/291549\/"},"modified":"2025-12-16T17:20:25","modified_gmt":"2025-12-16T17:20:25","slug":"zelensky-volvio-a-dejar-claro-que-no-renunciara-al-donbas-como-piden-los-rusos","status":"publish","type":"post","link":"https:\/\/www.europesays.com\/es\/291549\/","title":{"rendered":"Zelensky volvi\u00f3 a dejar claro que no renunciar\u00e1 al Donb\u00e1s como piden los rusos"},"content":{"rendered":"<p><img alt=\"Zelensky destaca que los &quot;resultados\" class=\"global-image\" decoding=\"async\" fetchpriority=\"high\" height=\"1280\" loading=\"eager\" src=\"https:\/\/www.europesays.com\/es\/wp-content\/uploads\/2025\/12\/N4VOOB5GKREAXEWLSSYTA54PRA.jpg\" width=\"1920\"\/>Zelensky destaca que los \u00abresultados en el frente\u00bb son \u00abcruciales\u00bb para las negociaciones de paz<\/p>\n<p class=\"paragraph\">El presidente ucraniano, Volod\u00edmir Zelensky, explic\u00f3 esta madrugada a medios ucranianos que el principal obst\u00e1culo para la paz es la exigencia rusa de que los ucranianos le entreguen toda la regi\u00f3n del Donb\u00e1s, incluidos los territorios de esta regi\u00f3n del este de Ucrania formada por las unidades administrativas de Lugansk y Donetsk que Mosc\u00fa no ha podido conquistar por la fuerza.<\/p>\n<p class=\"paragraph\">Zelensky se\u00f1al\u00f3 asimismo que los estadounidenses proponen crear en estos \u00faltimos territorios una zona libre econ\u00f3mica.<\/p>\n<p class=\"paragraph\">\u201cNuestra posici\u00f3n es pragm\u00e1tica, realista y justa, y nos mantenemos en ella. <b>No queremos entregar nuestro Donb\u00e1s. Los americanos buscan un compromiso, proponen crear una zona libre econ\u00f3mica. Lo subrayo una vez m\u00e1s, \u2018zona libre econ\u00f3mica\u2019 no significa que bajo el control de la Federaci\u00f3n Rusa\u201d,<\/b> dijo Zelensky.<\/p>\n<p class=\"paragraph\">El presidente ucraniano dijo que <b>\u201cno existe un consenso a\u00fan\u201d <\/b>con los estadounidenses a la hora de fijar una posici\u00f3n com\u00fan que presentar a la parte rusa.<\/p>\n<p class=\"paragraph\">Kiev espera apoyo de Washington a su posici\u00f3n sobre el Donb\u00e1s de cara a unas negociaciones con la Federaci\u00f3n Rusa en las que los estadounidenses han asumido el papel de \u00e1rbitro.<\/p>\n<p class=\"paragraph\">El presidente de EE.UU., <b>Donald Trump, considera sin embargo que Kiev est\u00e1 perdiendo la guerra y debe aceptar las demandas de Mosc\u00fa.<\/b><\/p>\n<p class=\"paragraph\">Zelensky mantuvo el domingo y el lunes en Berl\u00edn su primera reuni\u00f3n con los dos negociadores designados por Trump para buscar la paz en Ucrania, <b>Steve Witkoff y Jared Kushner.<\/b><\/p>\n<p class=\"paragraph\">En los contactos tambi\u00e9n participaron los principales l\u00edderes europeos alineados con Kiev, que apoyaron la postura ucraniana e hicieron sus propias aportaciones al acuerdo marco de paz que promueve la Casa Blanca.<\/p>\n<p><img alt=\"El presidente de Ucrania, Volodymyr\" class=\"global-image\" decoding=\"async\" fetchpriority=\"low\" height=\"2361\" loading=\"lazy\" src=\"https:\/\/www.europesays.com\/es\/wp-content\/uploads\/2025\/12\/C4SBCEDQRRFHZKVOBTT7GF3MVA.jpg\" width=\"3305\"\/>El presidente de Ucrania, Volodymyr Zelenskyy, y el enviado especial de Estados Unidos, Steve Witkof, se re\u00fanen para una foto familiar en la Canciller\u00eda de Berl\u00edn, el lunes 15 de diciembre de 2025. (Lisi Niesner\/Pool Foto via AP)<\/p>\n<p class=\"paragraph\">No est\u00e1 claro si los negociadores de EEUU se har\u00e1n eco de esas propuestas europeas para present\u00e1rselas a Mosc\u00fa, que rechaza de plano algunas de ellas como la que prev\u00e9 un despliegue de tropas de pa\u00edses europeos de la OTAN en Ucrania despu\u00e9s de la guerra para disuadir a Rusia de una nueva agresi\u00f3n armada. <\/p>\n<p class=\"paragraph\">Por su parte, <b>Francia exige \u201cs\u00f3lidas garant\u00edas de seguridad\u201d para Ucrania antes de cualquier negociaci\u00f3n sobre la cesi\u00f3n de territorio por parte de Kiev a Mosc\u00fa<\/b> para poner fin a la guerra con Rusia, declar\u00f3 el martes el equipo del presidente Emmanuel Macron.<\/p>\n<p class=\"paragraph\"><b>\u201cQueremos garant\u00edas de seguridad s\u00f3lidas primero, antes de cualquier negociaci\u00f3n sobre territorio\u201d,<\/b> declar\u00f3 un asesor de Macron, despu\u00e9s de que el presidente ucraniano, Volod\u00edmir Zelensky, mantuviera conversaciones con enviados estadounidenses y l\u00edderes europeos en Berl\u00edn con el objetivo de alcanzar un acuerdo para poner fin a la guerra que dura casi cuatro a\u00f1os.<\/p>\n<p class=\"paragraph\"><b>\u201cHemos avanzado en el tema de las garant\u00edas&#8230; gracias a una aclaraci\u00f3n sobre la forma del apoyo estadounidense\u201d<\/b>, a\u00f1adi\u00f3 la fuente.<\/p>\n<p class=\"paragraph\">Las conversaciones en Berl\u00edn se han basado en un plan estadounidense para Ucrania que inicialmente se consider\u00f3 muy favorable a Rusia. Kiev y sus aliados europeos han estado trabajando desde entonces para revisarlo, siendo las garant\u00edas de seguridad y la cuesti\u00f3n de los territorios puntos clave de fricci\u00f3n.<\/p>\n<p class=\"paragraph\">El presidente estadounidense, <b>Donald Trump, quien ha prometido reiteradamente asegurar una r\u00e1pida paz en Ucrania, declar\u00f3 el lunes que un acuerdo para poner fin a la guerra de Rusia en Ucrania estaba m\u00e1s cerca que nunca. <\/b>Ha mostrado crecientes signos de irritaci\u00f3n hacia Kiev, aunque Estados Unidos sigue siendo un aliado clave en la lucha contra la invasi\u00f3n rusa a gran escala que comenz\u00f3 en 2022.<\/p>\n<p><img alt=\"El presidente de Estados Unidos,\" class=\"global-image\" decoding=\"async\" fetchpriority=\"low\" height=\"2346\" loading=\"lazy\" src=\"https:\/\/www.europesays.com\/es\/wp-content\/uploads\/2025\/12\/XO22GP3RWFBGNKS62RCQDY3O4A.JPG\" width=\"3518\"\/>El presidente de Estados Unidos, Donald Trump, observa tras firmar \u00f3rdenes ejecutivas en el Capital One Arena el d\u00eda de la inauguraci\u00f3n de su segundo mandato presidencial, en Washington, EE. UU., el 20 de enero de 2025. REUTERS\/Brian Snyder<\/p>\n<p class=\"paragraph\">Los l\u00edderes europeos presentes en las conversaciones de Berl\u00edn han propuesto una fuerza como parte de las garant\u00edas de seguridad respaldadas por Estados Unidos, destinadas a asegurar que Rusia no viole el acuerdo para poner fin a la guerra.<\/p>\n<p class=\"paragraph\">Zelensky tambi\u00e9n ha elogiado las nuevas garant\u00edas de seguridad ofrecidas por Washington, pero afirm\u00f3 que persisten las diferencias sobre qu\u00e9 territorios tendr\u00eda que ceder Ucrania a Rusia.<\/p>\n<p class=\"paragraph\">Rusia reclama la anexi\u00f3n de varias regiones ucranianas, que no controla por completo.<\/p>\n<p class=\"paragraph\">Trump ha calificado de inevitable que Ucrania tenga que ceder territorio a Rusia, un resultado inaceptable para Zelensky.<\/p>\n<p class=\"paragraph\">(Con informaci\u00f3n de EFE y AFP)<\/p>\n","protected":false},"excerpt":{"rendered":"Zelensky destaca que los \u00abresultados en el frente\u00bb son \u00abcruciales\u00bb para las negociaciones de paz El presidente ucraniano,&hellip;\n","protected":false},"author":2,"featured_media":291550,"comment_status":"","ping_status":"","sticky":false,"template":"","format":"standard","meta":{"footnotes":""},"categories":[42],"tags":[17,18,45640,13,14,5638,11,61,62,63,64,19,20,9,3119,10,15,16,12,62681,21,22,758,65,66,67],"class_list":{"0":"post-291549","1":"post","2":"type-post","3":"status-publish","4":"format-standard","5":"has-post-thumbnail","7":"category-internacional","8":"tag-breaking-news","9":"tag-breakingnews","10":"tag-domestic-politics","11":"tag-featured-news","12":"tag-featurednews","13":"tag-government-politics","14":"tag-headlines","15":"tag-internacional","16":"tag-international","17":"tag-international-news","18":"tag-internationalnews","19":"tag-latest-news","20":"tag-latestnews","21":"tag-news","22":"tag-north-america","23":"tag-noticias","24":"tag-noticias-destacadas","25":"tag-noticiasdestacadas","26":"tag-titulares","27":"tag-top-picture","28":"tag-ultimas-noticias","29":"tag-ultimasnoticias","30":"tag-wider-image","31":"tag-world","32":"tag-world-news","33":"tag-worldnews"},"share_on_mastodon":{"url":"https:\/\/pubeurope.com\/@es\/115730398322312540","error":""},"_links":{"self":[{"href":"https:\/\/www.europesays.com\/es\/wp-json\/wp\/v2\/posts\/291549","targetHints":{"allow":["GET"]}}],"collection":[{"href":"https:\/\/www.europesays.com\/es\/wp-json\/wp\/v2\/posts"}],"about":[{"href":"https:\/\/www.europesays.com\/es\/wp-json\/wp\/v2\/types\/post"}],"author":[{"embeddable":true,"href":"https:\/\/www.europesays.com\/es\/wp-json\/wp\/v2\/users\/2"}],"replies":[{"embeddable":true,"href":"https:\/\/www.europesays.com\/es\/wp-json\/wp\/v2\/comments?post=291549"}],"version-history":[{"count":0,"href":"https:\/\/www.europesays.com\/es\/wp-json\/wp\/v2\/posts\/291549\/revisions"}],"wp:featuredmedia":[{"embeddable":true,"href":"https:\/\/www.europesays.com\/es\/wp-json\/wp\/v2\/media\/291550"}],"wp:attachment":[{"href":"https:\/\/www.europesays.com\/es\/wp-json\/wp\/v2\/media?parent=291549"}],"wp:term":[{"taxonomy":"category","embeddable":true,"href":"https:\/\/www.europesays.com\/es\/wp-json\/wp\/v2\/categories?post=291549"},{"taxonomy":"post_tag","embeddable":true,"href":"https:\/\/www.europesays.com\/es\/wp-json\/wp\/v2\/tags?post=291549"}],"curies":[{"name":"wp","href":"https:\/\/api.w.org\/{rel}","templated":true}]}}