{"id":291551,"date":"2025-12-16T17:21:22","date_gmt":"2025-12-16T17:21:22","guid":{"rendered":"https:\/\/www.europesays.com\/es\/291551\/"},"modified":"2025-12-16T17:21:22","modified_gmt":"2025-12-16T17:21:22","slug":"sanz-presenta-el-mayor-proyecto-de-colaboracion-publico-privada-en-materia-de-vivienda-en-toda-andalucia-y-uno-de-los-mas-importantes-de-espana","status":"publish","type":"post","link":"https:\/\/www.europesays.com\/es\/291551\/","title":{"rendered":"Sanz presenta el mayor proyecto de colaboraci\u00f3n p\u00fablico-privada en materia de vivienda en toda Andaluc\u00eda, y uno de los m\u00e1s importantes de Espa\u00f1a"},"content":{"rendered":"<ul>\n<li>130 millones de euros, que convierte lo que durante d\u00e9cadas fue un suelo p\u00fablico bald\u00edo, en una oportunidad de futuro para cientos de sevillanos. La previsi\u00f3n es que comiencen las obras durante el primer semestre de 2026.<\/li>\n<li>691 alojamientos en alquiler asequible.<\/li>\n<li>715 plazas de aparcamiento.<\/li>\n<li>Un proyecto que incorpora: zonas deportivas, salas de estudio, coworking, espacios infantiles y servicios compartidos que mejoran la vida cotidiana.<\/li>\n<\/ul>\n<p>Hoy damos un paso hist\u00f3rico para Sevilla. Otro hito m\u00e1s en materia de vivienda, que convierten a Sevilla en la capital de la vivienda Protegida. Esto no es solo la presentaci\u00f3n de un proyecto. Es la confirmaci\u00f3n de un camino que esta ciudad ha decidido emprender con decisi\u00f3n: un camino de colaboraci\u00f3n, de inversi\u00f3n, de oportunidades.<\/p>\n<p>Un camino que estamos construyendo juntos: administraciones, empresas y ciudadanos. Y quiero empezar agradeciendo esa colaboraci\u00f3n. A Lagoom Living, por creer en Sevilla, al materializar la colaboraci\u00f3n p\u00fablico-privada en este proyecto ejemplar. A la Junta de Andaluc\u00eda, al Gobierno de Espa\u00f1a y a la Uni\u00f3n Europea.<\/p>\n<p>Lo que hoy presentamos aqu\u00ed, en FIBES R1, es mucho m\u00e1s que un conjunto de viviendas.<\/p>\n<p>\u00a0<\/p>\n<p><strong>Es el mayor proyecto de colaboraci\u00f3n p\u00fablico-privada en materia de vivienda en toda Andaluc\u00eda, y uno de los m\u00e1s importantes de Espa\u00f1a.<\/strong><\/p>\n<p>Una inversi\u00f3n de 130 millones de euros, que convierte lo que durante d\u00e9cadas fue un suelo p\u00fablico bald\u00edo, sin uso y sin vida, en una oportunidad de futuro para cientos de sevillanos.<\/p>\n<p>Este proyecto demuestra que Sevilla ya no puede permitirse tener espacios estrat\u00e9gicos sin desarrollar. Y demuestra, tambi\u00e9n, que la vivienda es demasiado importante como para abordarla solo desde lo p\u00fablico o solo desde lo privado: tenemos que hacerlo juntos.<\/p>\n<p>El resultado est\u00e1 aqu\u00ed:<\/p>\n<ul>\n<li>691 alojamientos en alquiler asequible, que ayudar\u00e1n a cientos de familias a acceder a una vivienda digna.<\/li>\n<li>Un proyecto pensado para convivir mejor: con 715 plazas de aparcamiento, con amplios espacios libres, jardines y zonas comunes que favorecen la vida comunitaria.<\/li>\n<li>Un proyecto sostenible, con dise\u00f1o bioclim\u00e1tico, industrializado y con una notable reducci\u00f3n de la huella de carbono.<\/li>\n<li>Un proyecto que incorpora servicios modernos que responden a las necesidades reales de los vecinos de hoy: zonas deportivas, salas de estudio, coworking, espacios infantiles y servicios compartidos que mejoran la vida cotidiana.<\/li>\n<\/ul>\n<p>Este proyecto marca un antes y un despu\u00e9s. Marca un m\u00e9todo y demuestra que somos capaces de atraer inversi\u00f3n, de generar confianza, de utilizar\u00a0 nuestro patrimonio p\u00fablico para ponerlo al servicio de la ciudadan\u00eda.<\/p>\n<p>Y, sobre todo, demuestra que Sevilla est\u00e1 preparada para mirar al futuro con ambici\u00f3n.<\/p>\n<p>Este es un d\u00eda importante. Un d\u00eda que recordaremos como el inicio de algo mayor. Hoy no solo presentamos un proyecto.<\/p>\n","protected":false},"excerpt":{"rendered":"130 millones de euros, que convierte lo que durante d\u00e9cadas fue un suelo p\u00fablico bald\u00edo, en una oportunidad&hellip;\n","protected":false},"author":2,"featured_media":291552,"comment_status":"","ping_status":"","sticky":false,"template":"","format":"standard","meta":{"footnotes":""},"categories":[8],"tags":[17,18,25,24,13,14,11,19,20,9,10,15,16,23,12,21,22],"class_list":{"0":"post-291551","1":"post","2":"type-post","3":"status-publish","4":"format-standard","5":"has-post-thumbnail","7":"category-espana","8":"tag-breaking-news","9":"tag-breakingnews","10":"tag-es","11":"tag-espana","12":"tag-featured-news","13":"tag-featurednews","14":"tag-headlines","15":"tag-latest-news","16":"tag-latestnews","17":"tag-news","18":"tag-noticias","19":"tag-noticias-destacadas","20":"tag-noticiasdestacadas","21":"tag-spain","22":"tag-titulares","23":"tag-ultimas-noticias","24":"tag-ultimasnoticias"},"share_on_mastodon":{"url":"https:\/\/pubeurope.com\/@es\/115730401414747723","error":""},"_links":{"self":[{"href":"https:\/\/www.europesays.com\/es\/wp-json\/wp\/v2\/posts\/291551","targetHints":{"allow":["GET"]}}],"collection":[{"href":"https:\/\/www.europesays.com\/es\/wp-json\/wp\/v2\/posts"}],"about":[{"href":"https:\/\/www.europesays.com\/es\/wp-json\/wp\/v2\/types\/post"}],"author":[{"embeddable":true,"href":"https:\/\/www.europesays.com\/es\/wp-json\/wp\/v2\/users\/2"}],"replies":[{"embeddable":true,"href":"https:\/\/www.europesays.com\/es\/wp-json\/wp\/v2\/comments?post=291551"}],"version-history":[{"count":0,"href":"https:\/\/www.europesays.com\/es\/wp-json\/wp\/v2\/posts\/291551\/revisions"}],"wp:featuredmedia":[{"embeddable":true,"href":"https:\/\/www.europesays.com\/es\/wp-json\/wp\/v2\/media\/291552"}],"wp:attachment":[{"href":"https:\/\/www.europesays.com\/es\/wp-json\/wp\/v2\/media?parent=291551"}],"wp:term":[{"taxonomy":"category","embeddable":true,"href":"https:\/\/www.europesays.com\/es\/wp-json\/wp\/v2\/categories?post=291551"},{"taxonomy":"post_tag","embeddable":true,"href":"https:\/\/www.europesays.com\/es\/wp-json\/wp\/v2\/tags?post=291551"}],"curies":[{"name":"wp","href":"https:\/\/api.w.org\/{rel}","templated":true}]}}