{"id":291566,"date":"2025-12-16T17:36:13","date_gmt":"2025-12-16T17:36:13","guid":{"rendered":"https:\/\/www.europesays.com\/es\/291566\/"},"modified":"2025-12-16T17:36:13","modified_gmt":"2025-12-16T17:36:13","slug":"el-villancico-segoviano-que-conquisto-la-radio","status":"publish","type":"post","link":"https:\/\/www.europesays.com\/es\/291566\/","title":{"rendered":"El villancico segoviano que conquist\u00f3 la radio"},"content":{"rendered":"<p>La m\u00fasica nacida en un aula de Segovia ha cruzado fronteras esta Navidad. El Colegio Madres Concepcionistas de Segovia se ha alzado con el primer premio del Concurso Nacional de Villancicos del programa \u00a1Buenos d\u00edas, Javi y Mar!, de CADENA 100, imponi\u00e9ndose a cerca de 200 colegios de toda Espa\u00f1a con su villancico \u00abBusca una estrella\u00bb, interpretado por el coro de Primaria del centro.<\/p>\n<p>La noticia lleg\u00f3 por sorpresa y en directo. Alumnos y profesores vivieron un momento dif\u00edcil de olvidar cuando Javi Nieves y Mar Amate conectaron con el colegio para anunciarles que su villancico hab\u00eda sido elegido como el mejor del a\u00f1o. La reacci\u00f3n espont\u00e1nea -aplausos, gritos de alegr\u00eda y emoci\u00f3n contenida- reflej\u00f3 el trabajo colectivo y la ilusi\u00f3n depositada en un proyecto que ha unido a toda la comunidad educativa.<\/p>\n<p>\u00abBusca una estrella\u00bb es una composici\u00f3n original que pone en el centro los valores m\u00e1s genuinos de la Navidad: la paz, el amor, la esperanza y el sentido de comunidad. A trav\u00e9s de una letra cercana y luminosa, la canci\u00f3n invita a prepararse para la celebraci\u00f3n del nacimiento del Rey de los Cielos y a dejar una huella positiva en quienes nos rodean, un mensaje que ha logrado conectar tanto con el p\u00fablico infantil como con el adulto.<\/p>\n<p>Detr\u00e1s de esta propuesta musical est\u00e1 Cristina Ortiz, profesora de M\u00fasica del Colegio Madres Concepcionistas, quien compuso el villancico a finales del mes de diciembre. El trabajo se desarroll\u00f3 junto al coro de Primaria, con quienes fue dando forma a la letra y a la melod\u00eda hasta convertirla en una pieza coral que refleja la identidad del centro. \u00abHa sido un proceso muy bonito, en el que los ni\u00f1os han participado con mucha ilusi\u00f3n desde el primer momento\u00bb, explican desde el colegio.<\/p>\n<p>La grabaci\u00f3n se llev\u00f3 a cabo en Valseca, en el estudio del productor \u00d3scar Velasco, donde los alumnos pudieron vivir una experiencia poco habitual: grabar una canci\u00f3n en un entorno profesional. Micr\u00f3fonos, auriculares y varias tomas formaron parte de un proceso creativo que los ni\u00f1os disfrutaron intensamente y que convirti\u00f3 el proyecto en una aut\u00e9ntica vivencia educativa que los llev\u00f3 a obtener un reconocimiento sobre 200 propuestas que fueron enviadas a la radio.\u00a0<\/p>\n<p>El \u00e9xito del villancico ha coincidido, adem\u00e1s, con un momento especialmente significativo para el centro: la inauguraci\u00f3n de nuevas instalaciones en La Lastrilla. Este contexto ha a\u00f1adido un valor simb\u00f3lico al proyecto, que se ha convertido en una celebraci\u00f3n compartida del crecimiento del colegio y del trabajo conjunto entre alumnado y profesorado.<\/p>\n<p>Desde la direcci\u00f3n del centro destacan que la m\u00fasica ocupa un lugar fundamental en su propuesta educativa, no solo como disciplina art\u00edstica, sino como herramienta para fomentar valores, cohesi\u00f3n y felicidad entre los alumnos. La experiencia del concurso ha reforzado ese enfoque, demostrando el impacto positivo que tienen este tipo de iniciativas en la vida escolar.<\/p>\n<p>Como parte del premio, el pr\u00f3ximo mi\u00e9rcoles, los locutores de &#8216;Cadena 100&#8217; trasladar\u00e1n su programa \u00a1Buenos d\u00edas, Javi y Mar! al Colegio Madres Concepcionistas de Segovia. Durante la emisi\u00f3n, entrevistar\u00e1n a los alumnos y a los profesores implicados en el proyecto y escuchar\u00e1n el villancico en directo, convirtiendo al centro educativo en el epicentro radiof\u00f3nico deprevio a la Navidad.<\/p>\n<p>Para los ni\u00f1os del coro de primaria, esta experiencia ya es inolvidable. No solo han aprendido sobre m\u00fasica, trabajo en equipo y esfuerzo compartido, sino que han vivido la emoci\u00f3n de ver c\u00f3mo una canci\u00f3n nacida en su colegio se ha convertido en el villancico del a\u00f1o a nivel nacional. Un logro que, esta Navidad, sit\u00faa a Segovia en el mapa musical de toda Espa\u00f1a donde las voces infantiles han hecho eco a un mensaje de solididad.\u00a0<\/p>\n","protected":false},"excerpt":{"rendered":"La m\u00fasica nacida en un aula de Segovia ha cruzado fronteras esta Navidad. El Colegio Madres Concepcionistas de&hellip;\n","protected":false},"author":2,"featured_media":291567,"comment_status":"","ping_status":"","sticky":false,"template":"","format":"standard","meta":{"footnotes":""},"categories":[170],"tags":[146,147,25,24,69858,184,185,2951,2029,1448,1406,23,69784],"class_list":{"0":"post-291566","1":"post","2":"type-post","3":"status-publish","4":"format-standard","5":"has-post-thumbnail","7":"category-musica","8":"tag-entertainment","9":"tag-entretenimiento","10":"tag-es","11":"tag-espana","12":"tag-la-lastrilla","13":"tag-music","14":"tag-musica","15":"tag-navidad","16":"tag-profesores","17":"tag-radio","18":"tag-segovia","19":"tag-spain","20":"tag-villancicos"},"share_on_mastodon":{"url":"https:\/\/pubeurope.com\/@es\/115730460515604768","error":""},"_links":{"self":[{"href":"https:\/\/www.europesays.com\/es\/wp-json\/wp\/v2\/posts\/291566","targetHints":{"allow":["GET"]}}],"collection":[{"href":"https:\/\/www.europesays.com\/es\/wp-json\/wp\/v2\/posts"}],"about":[{"href":"https:\/\/www.europesays.com\/es\/wp-json\/wp\/v2\/types\/post"}],"author":[{"embeddable":true,"href":"https:\/\/www.europesays.com\/es\/wp-json\/wp\/v2\/users\/2"}],"replies":[{"embeddable":true,"href":"https:\/\/www.europesays.com\/es\/wp-json\/wp\/v2\/comments?post=291566"}],"version-history":[{"count":0,"href":"https:\/\/www.europesays.com\/es\/wp-json\/wp\/v2\/posts\/291566\/revisions"}],"wp:featuredmedia":[{"embeddable":true,"href":"https:\/\/www.europesays.com\/es\/wp-json\/wp\/v2\/media\/291567"}],"wp:attachment":[{"href":"https:\/\/www.europesays.com\/es\/wp-json\/wp\/v2\/media?parent=291566"}],"wp:term":[{"taxonomy":"category","embeddable":true,"href":"https:\/\/www.europesays.com\/es\/wp-json\/wp\/v2\/categories?post=291566"},{"taxonomy":"post_tag","embeddable":true,"href":"https:\/\/www.europesays.com\/es\/wp-json\/wp\/v2\/tags?post=291566"}],"curies":[{"name":"wp","href":"https:\/\/api.w.org\/{rel}","templated":true}]}}