{"id":291568,"date":"2025-12-16T17:37:25","date_gmt":"2025-12-16T17:37:25","guid":{"rendered":"https:\/\/www.europesays.com\/es\/291568\/"},"modified":"2025-12-16T17:37:25","modified_gmt":"2025-12-16T17:37:25","slug":"el-documental-de-la-fundacion-disenso-sobre-maria-corina-machado","status":"publish","type":"post","link":"https:\/\/www.europesays.com\/es\/291568\/","title":{"rendered":"El documental de la Fundaci\u00f3n Disenso sobre Mar\u00eda Corina Machado"},"content":{"rendered":"<p><img src=\"data:image\/png;base64,iVBORw0KGgoAAAANSUhEUgAABQAAAAOEAQAAAADWbqGuAAAAAnRSTlMAAHaTzTgAAACjSURBVHja7cExAQAAAMKg9U9tDQ+gAAAAAAAAAAAAAAAAAAAAAAAAAAAAAAAAAAAAAAAAAAAAAAAAAAAAAAAAAAAAAAAAAAAAAAAAAAAAAAAAAAAAAAAAAAAAAAAAAAAAAAAAAAAAAAAAAAAAAAAAAAAAAAAAAAAAAAAAAAAAAAAAAAAAAAAAAAAAAAAAAAAAAAAAAAAAAAAAAAAAAAAAAAB4NzYiAAEO6z8yAAAAAElFTkSuQmCC\" alt=\"En Venezuela &quot;construiremos un escudo de seguridad, sacaremos a los agentes de reg\u00edmenes autoritarios como Rusia, Ir\u00e1n o Hezbol\u00e1&quot;: entrevista completa de Mar\u00eda Corina Machado con la BBC\" data-src=\"https:\/\/www.europesays.com\/es\/wp-content\/uploads\/2025\/12\/maria-corina-machado-oslo-nobel--1280x900.jpg\" decoding=\"async\" class=\"lazyload\" data-eio-rwidth=\"1280\" data-eio-rheight=\"900\"\/>Getty Images<\/p>\n<p>La Fundaci\u00f3n Disenso present\u00f3 en Oslo el documental\u00a0Mar\u00eda Corina: La Conquista de la Libertad.\u00a0La producci\u00f3n inaugur\u00f3 los actos previos a la entrega del Premio Nobel de la Paz a Mar\u00eda Corina Machado. En menos de una semana, el documental ya registr\u00f3 m\u00e1s de 100.000 reproducciones en YouTube.<\/p>\n<p>El acto de presentaci\u00f3n fue inaugurado por el director de la Fundaci\u00f3n Disenso y eurodiputado de VOX, Jorge Mart\u00edn Fr\u00edas. Al estreno asistieron los venezolanos que se trasladaron a Oslo para asistir a las actividades oficiales en el marco de la entrega del Premio N\u00f3bel de la Paz a Mar\u00eda Corina Machado.\u00a0<strong>Hermann Tertsch, eurodiputado y vicepresidente de Patriotas por Europa fue el encargado de cerrar el estreno.+<\/strong><\/p>\n<p>El documental, filmado en B\u00e9lgica, Francia, Espa\u00f1a, Italia, Panam\u00e1 y Estados Unidos, relata los or\u00edgenes de Machado, su trayectoria pol\u00edtica y las razones que la han convertido \u00aben el referente moral y democr\u00e1tico de mayor proyecci\u00f3n internacional frente al r\u00e9gimen de Nicol\u00e1s Maduro\u00bb. En el cortometraje participan adem\u00e1s destacadas figuras como Magall\u00ed Meda, Claudia Macero, Orlando Avenda\u00f1o, David Smolansky y Alejandro Pe\u00f1a Esclusa. As\u00ed como el presidente de VOX, Patriots y la propia Fundaci\u00f3n Disenso,\u00a0<strong>Santiago Abascal.<\/strong><\/p>\n<p>Durante la presentaci\u00f3n, el eurodiputado Jorge Mart\u00edn Fr\u00edas subray\u00f3 que \u201cla lucha de Mar\u00eda Corina Machado no fue solo contra el r\u00e9gimen criminal de Ch\u00e1vez y Maduro, sino tambi\u00e9n contra quienes, dentro y fuera de Venezuela, actuaron como sus c\u00f3mplices,\u00a0<strong>incluyendo al PSOE\u201d.<\/strong><\/p>\n<p>Fr\u00edas record\u00f3 adem\u00e1s que\u00a0<strong>\u201cMar\u00eda Corina nunca se movi\u00f3 de su pa\u00eds, nunca renunci\u00f3.<\/strong>\u00a0Y nos deja una lecci\u00f3n que en Disenso siempre hemos defendido: el mal no admite caminos intermedios. A los criminales se les trata como criminales, no como pol\u00edticos\u201d.<\/p>\n","protected":false},"excerpt":{"rendered":"Getty Images La Fundaci\u00f3n Disenso present\u00f3 en Oslo el documental\u00a0Mar\u00eda Corina: La Conquista de la Libertad.\u00a0La producci\u00f3n inaugur\u00f3&hellip;\n","protected":false},"author":2,"featured_media":291569,"comment_status":"","ping_status":"","sticky":false,"template":"","format":"standard","meta":{"footnotes":""},"categories":[169],"tags":[177,146,147,25,24,176,11576,175,952,23,1192],"class_list":{"0":"post-291568","1":"post","2":"type-post","3":"status-publish","4":"format-standard","5":"has-post-thumbnail","7":"category-cine","8":"tag-cine","9":"tag-entertainment","10":"tag-entretenimiento","11":"tag-es","12":"tag-espana","13":"tag-film","14":"tag-machado","15":"tag-movies","16":"tag-politica","17":"tag-spain","18":"tag-venezuela"},"share_on_mastodon":{"url":"https:\/\/pubeurope.com\/@es\/115730464478664026","error":""},"_links":{"self":[{"href":"https:\/\/www.europesays.com\/es\/wp-json\/wp\/v2\/posts\/291568","targetHints":{"allow":["GET"]}}],"collection":[{"href":"https:\/\/www.europesays.com\/es\/wp-json\/wp\/v2\/posts"}],"about":[{"href":"https:\/\/www.europesays.com\/es\/wp-json\/wp\/v2\/types\/post"}],"author":[{"embeddable":true,"href":"https:\/\/www.europesays.com\/es\/wp-json\/wp\/v2\/users\/2"}],"replies":[{"embeddable":true,"href":"https:\/\/www.europesays.com\/es\/wp-json\/wp\/v2\/comments?post=291568"}],"version-history":[{"count":0,"href":"https:\/\/www.europesays.com\/es\/wp-json\/wp\/v2\/posts\/291568\/revisions"}],"wp:featuredmedia":[{"embeddable":true,"href":"https:\/\/www.europesays.com\/es\/wp-json\/wp\/v2\/media\/291569"}],"wp:attachment":[{"href":"https:\/\/www.europesays.com\/es\/wp-json\/wp\/v2\/media?parent=291568"}],"wp:term":[{"taxonomy":"category","embeddable":true,"href":"https:\/\/www.europesays.com\/es\/wp-json\/wp\/v2\/categories?post=291568"},{"taxonomy":"post_tag","embeddable":true,"href":"https:\/\/www.europesays.com\/es\/wp-json\/wp\/v2\/tags?post=291568"}],"curies":[{"name":"wp","href":"https:\/\/api.w.org\/{rel}","templated":true}]}}