{"id":291581,"date":"2025-12-16T17:44:09","date_gmt":"2025-12-16T17:44:09","guid":{"rendered":"https:\/\/www.europesays.com\/es\/291581\/"},"modified":"2025-12-16T17:44:09","modified_gmt":"2025-12-16T17:44:09","slug":"la-comision-toma-medidas-para-lograr-una-vivienda-mas-asequible-en-toda-europa","status":"publish","type":"post","link":"https:\/\/www.europesays.com\/es\/291581\/","title":{"rendered":"La Comisi\u00f3n toma medidas para lograr una vivienda m\u00e1s asequible en toda Europa"},"content":{"rendered":"<p>Con el primer <strong>Plan Europeo de Vivienda Asequible\u00a0<\/strong>presentado hoy, la Comisi\u00f3n aborda una de las necesidades m\u00e1s acuciantes de los ciudadanos europeos: el acceso a una vivienda asequible, sostenible y de buena calidad.<\/p>\n<p>Millones de europeos tienen dificultades para encontrar un hogar que puedan permitirse, ya que los precios de la vivienda han aumentado en m\u00e1s del 60\u00a0% y los alquileres en m\u00e1s del 20\u00a0% de media en los \u00faltimos diez a\u00f1os. La crisis de la vivienda perjudica la movilidad laboral, el acceso a la educaci\u00f3n y la formaci\u00f3n de familias, y est\u00e1 obstaculizando tambi\u00e9n la <strong>competitividad <\/strong>de la econom\u00eda de la UE y la <strong>cohesi\u00f3n social<\/strong>. Para hacer frente a esta crisis se requiere un <strong>esfuerzo verdaderamente europeo, pero centrado en las realidades locales<\/strong>.<\/p>\n<p>Por lo tanto, la Comisi\u00f3n apoyar\u00e1 a los Estados miembros, las regiones y las ciudades adoptando medidas all\u00ed donde puedan aportar valor a\u00f1adido de la UE. Este Plan se centra en <strong>aumentar la oferta de vivienda, impulsar la inversi\u00f3n y las reformas<\/strong>, abordar los <strong>alquileres de corta duraci\u00f3n\u00a0<\/strong>en zonas de vivienda tensionada y <strong>apoyar a las personas m\u00e1s afectadas<\/strong>.<\/p>\n<p>El Plan propone medidas para un sector de la construcci\u00f3n y la renovaci\u00f3n m\u00e1s productivo e innovador que aborde el desajuste entre la <strong>oferta y la demanda de vivienda\u00a0<\/strong>a trav\u00e9s de la <strong>Estrategia Europea para la Construcci\u00f3n de Viviendas<\/strong>.<strong>\u00a0<\/strong>El paquete tambi\u00e9n incluye una Comunicaci\u00f3n y una Recomendaci\u00f3n del Consejo sobre <strong>la Nueva Bauhaus Europea<\/strong>.<strong>\u00a0<\/strong>La Nueva Bauhaus Europea apoya proyectos sostenibles, asequibles y de alta calidad \u2014principalmente en el entorno ya construido\u2014 para facilitar la transici\u00f3n limpia, la innovaci\u00f3n y la bioeconom\u00eda. La Academia de la Nueva Bauhaus Europea renueva y mejora las competencias del ecosistema de la construcci\u00f3n para lograr una construcci\u00f3n sostenible y circular y apoya la innovaci\u00f3n y la investigaci\u00f3n en el sector.<\/p>\n<p><strong>La revisi\u00f3n de las normas de la UE sobre ayudas estatales\u00a0<\/strong>facilitar\u00e1 a los Estados miembros el apoyo financiero a viviendas asequibles y sociales. La Comisi\u00f3n colaborar\u00e1 con las autoridades nacionales, regionales y locales para <strong>simplificar las normas y los procedimientos que restringen la oferta de vivienda<\/strong>, prestando especial atenci\u00f3n a la planificaci\u00f3n y la concesi\u00f3n de permisos. Una nueva <strong>iniciativa legislativa sobre los alquileres a corto plazo\u00a0<\/strong>apoyar\u00e1 a las zonas tensionadas.<\/p>\n<p>Hasta la fecha, la Comisi\u00f3n ha <strong>movilizado inversiones significativas \u201443\u00a0000 millones de euros\u2014\u00a0<\/strong>en vivienda, y seguir\u00e1 haci\u00e9ndolo en el pr\u00f3ximo presupuesto a largo plazo de la UE. Tambi\u00e9n est\u00e1 desarrollando una nueva <strong>plataforma paneuropea de inversi\u00f3n,\u00a0<\/strong>en cooperaci\u00f3n con el Banco Europeo de Inversiones, los bancos nacionales y regionales de fomento y otras instituciones financieras internacionales.<\/p>\n<p>Al abordar las causas subyacentes de la crisis de manera hol\u00edstica, este plan ser\u00e1 especialmente beneficioso para <strong>los m\u00e1s afectados<\/strong>: j\u00f3venes, estudiantes, trabajadores esenciales, personas con bajos ingresos y otros grupos desfavorecidos. La Comisi\u00f3n movilizar\u00e1 nuevas inversiones en vivienda social y para estudiantes, y ayudar\u00e1 a los Estados miembros a concebir soluciones mejores para las personas sin hogar sobre la base del principio de \u00abla vivienda primero\u00bb.<\/p>\n<p>\u00a0<\/p>\n<p><strong>Siguientes pasos<\/strong><\/p>\n<p>El Plan Europeo de Vivienda Asequible es el primer paso para ayudar a los Estados miembros a ofrecer viviendas m\u00e1s asequibles, sostenibles y de calidad en toda Europa. La Comisi\u00f3n se va a centrar ahora en la implementaci\u00f3n. Una nueva <strong>Alianza Europea de la Vivienda\u00a0<\/strong>entre los Estados miembros, las ciudades, las regiones, las instituciones de la UE, los proveedores de vivienda, las asociaciones, los interlocutores sociales, la industria y la sociedad civil impulsar\u00e1 la aplicaci\u00f3n del Plan. La Comisi\u00f3n presentar\u00e1 un <strong>informe de situaci\u00f3n<\/strong> antes de que finalice el presente mandato. Es fundamental mantener el impulso pol\u00edtico para resolver esta crisis, por lo que la Comisi\u00f3n ha anunciado la primera <strong>Cumbre de la Vivienda de la UE\u00a0<\/strong>para 2026.<\/p>\n<p>\u00a0<\/p>\n<p><strong>Contexto<\/strong><\/p>\n<p>Abordar la crisis europea de la vivienda es una prioridad de las <a href=\"https:\/\/commission.europa.eu\/document\/download\/e6cd4328-673c-4e7a-8683-f63ffb2cf648_es?filename=Political%20Guidelines%202024-2029_ES.pdf\" rel=\"nofollow noopener\" target=\"_blank\">orientaciones pol\u00edticas<\/a> de la <strong>presidenta Von der Leyen<\/strong>. Con el nombramiento del <strong>primer comisario de Vivienda\u00a0<\/strong>en diciembre de 2024, la UE asumi\u00f3 una mayor responsabilidad a la hora de ayudar a los Estados miembros y a los entes regionales y locales a encontrar soluciones concretas. El compromiso de hacer que la vivienda sea m\u00e1s asequible y sostenible se reiter\u00f3 durante el discurso sobre el <a href=\"https:\/\/commission.europa.eu\/strategy-and-policy\/state-union\/state-union-2025_es\" rel=\"nofollow noopener\" target=\"_blank\">estado de la Uni\u00f3n de 2025<\/a>.<\/p>\n<p>En octubre de 2025, el Consejo Europeo <a href=\"https:\/\/www.consilium.europa.eu\/media\/d2nhnqso\/20251023-european-council-conclusions-en.pdf\" rel=\"nofollow noopener\" target=\"_blank\">pidi\u00f3 a la Comisi\u00f3n que presentara<\/a> <a href=\"https:\/\/www.consilium.europa.eu\/media\/d2nhnqso\/20251023-european-council-conclusions-en.pdf\" rel=\"nofollow noopener\" target=\"_blank\">un ambicioso plan de vivienda asequible<\/a> que respetase la subsidiariedad y las competencias nacionales, seguido de\u00a0 unas <a href=\"https:\/\/data.consilium.europa.eu\/doc\/document\/ST-15709-2025-INIT\/es\/pdf\" rel=\"nofollow noopener\" target=\"_blank\">Conclusiones de la Presidencia<\/a> en diciembre de 2025. La Comisi\u00f3n tambi\u00e9n ha colaborado estrechamente con la Comisi\u00f3n Especial HOUS del Parlamento Europeo.<\/p>\n<p>\u00a0<\/p>\n<p><strong>M\u00e1s informaci\u00f3n<\/strong><\/p>\n<p><a href=\"https:\/\/ec.europa.eu\/commission\/presscorner\/detail\/en\/qanda_25_3049\" rel=\"nofollow noopener\" target=\"_blank\">Preguntas y respuestas sobre el Plan Europeo de Vivienda Asequible<\/a><\/p>\n<p><a href=\"https:\/\/ec.europa.eu\/commission\/presscorner\/detail\/en\/fs_25_3050\" rel=\"nofollow noopener\" target=\"_blank\">Ficha informativa sobre el Plan Europeo de Vivienda Asequible<\/a><\/p>\n<p><a href=\"https:\/\/housing.ec.europa.eu\/document\/756915b5-d1b1-4bde-ac82-03532d2d3d90_en\" rel=\"nofollow noopener\" target=\"_blank\">Plan Europeo de Vivienda Asequible |<\/a> <a href=\"https:\/\/housing.ec.europa.eu\/document\/756915b5-d1b1-4bde-ac82-03532d2d3d90_en\" rel=\"nofollow noopener\" target=\"_blank\">Vivienda<\/a><\/p>\n<p><a href=\"https:\/\/housing.ec.europa.eu\/document\/2ad4c9f2-602b-43ba-9ed9-ef2ee059cf97_en\" rel=\"nofollow noopener\" target=\"_blank\">Plan Europeo de Vivienda Asequible &#8211; Documento de trabajo de los servicios de la Comisi\u00f3n<\/a><\/p>\n<p><a href=\"https:\/\/competition-policy.ec.europa.eu\/document\/download\/280dc846-026e-46a7-8af1-0ee2625cb196_en?filename=empty_file_en.pdf\" rel=\"nofollow noopener\" target=\"_blank\">Nueva Decisi\u00f3n SIEG<\/a><\/p>\n<p><a href=\"https:\/\/single-market-economy.ec.europa.eu\/document\/download\/8e22818b-71f7-4e68-921c-2c65d458c6c6_en\" rel=\"nofollow noopener\" target=\"_blank\">Estrategia Europea para la Construcci\u00f3n de Viviendas<\/a><\/p>\n<p><a href=\"https:\/\/single-market-economy.ec.europa.eu\/document\/download\/cad28304-4b49-4396-81a8-6a816d8f1a93_en\" rel=\"nofollow noopener\" target=\"_blank\">Plan de trabajo para la aplicaci\u00f3n del Reglamento sobre Productos de Construcci\u00f3n (RPC)<\/a><\/p>\n<p><a href=\"https:\/\/single-market-economy.ec.europa.eu\/document\/download\/f4696673-b234-4502-b654-cdaa445953c1_en\" rel=\"nofollow noopener\" target=\"_blank\">Informe del Observatorio Europeo de la Construcci\u00f3n en el que se describen las necesidades actuales en materia de capacidades<\/a>\u00a0<\/p>\n<p><a href=\"https:\/\/new-european-bauhaus.europa.eu\/document\/1561035f-1348-4ebf-8463-6798fd6cb828_en\" rel=\"nofollow noopener\" target=\"_blank\">Comunicaci\u00f3n sobre la Nueva Bauhaus Europea<\/a><\/p>\n<p><a href=\"https:\/\/new-european-bauhaus.europa.eu\/document\/030554ea-77c2-4b5c-9d0b-d1cfff50809e_en\" rel=\"nofollow noopener\" target=\"_blank\">Propuesta de Recomendaci\u00f3n del Consejo sobre la Nueva Bauhaus Europea<\/a>\u00a0<\/p>\n<p><a href=\"https:\/\/new-european-bauhaus.europa.eu\/selection-your-contributions\/future-new-european-bauhaus-enabler-clean-transition-and-innovation-2025-12-16_en\" rel=\"nofollow noopener\" target=\"_blank\">Nueva Bauhaus para la transici\u00f3n limpia y la innovaci\u00f3n<\/a><\/p>\n<p><a href=\"https:\/\/euc-word-edit.officeapps.live.com\/we\/%5Bhttps:\/publications.jrc.ec.europa.eu\/repository\/handle\/JRC144703%5D\" rel=\"nofollow noopener\" target=\"_blank\">Informe cient\u00edfico para la formulaci\u00f3n de pol\u00edticas sobre las necesidades de inversi\u00f3n en vivienda en la UE<\/a><\/p>\n<p>\u00a0<\/p>\n<p><strong>Citas<\/strong><\/p>\n<blockquote>\n<p><strong>Teresa Ribera, vicepresidenta ejecutiva para una Transici\u00f3n Limpia, Justa y Competitiva, ha declarado:<\/strong><\/p>\n<p>\u00abEl acceso a una vivienda asequible es una preocupaci\u00f3n importante para muchos en toda Europa. Para abordar esta cuesti\u00f3n, necesitamos una amplia gama de medidas y tenemos que actuar conjuntamente en diferentes frentes. Estamos tomando medidas para ayudar a los Estados miembros a abordar las necesidades de los ciudadanos y de los alcaldes, y solventar las deficiencias del mercado. Garantizar que haya suficientes viviendas disponibles requiere inversiones a largo plazo. En t\u00e9rminos de pol\u00edtica de competencia, nuestra revisi\u00f3n de las normas sobre ayudas estatales facilita a las autoridades p\u00fablicas la inversi\u00f3n en viviendas sociales y asequibles\u00bb.<\/p>\n<\/blockquote>\n<p>\u00a0<\/p>\n<blockquote>\n<p><strong>El vicepresidente ejecutivo de Prosperidad y Estrategia Industrial, St\u00e9phane S\u00e9journ\u00e9, ha declarado:<\/strong><\/p>\n<p>\u00abLa crisis de la vivienda no es una realidad europea inevitable. Con esta nueva estrategia, Europa est\u00e1 tomando una decisi\u00f3n clara: simplificar, invertir e innovar para construir de manera m\u00e1s r\u00e1pida, sostenible y a menor coste. Modernizando el sector de la construcci\u00f3n, eliminando los cuellos de botella administrativos y convirtiendo el mercado \u00fanico en un verdadero acelerador industrial, transformaremos, junto con los Estados miembros, un sector fragmentado en un motor de competitividad, cohesi\u00f3n social y soberan\u00eda europea. Construir m\u00e1s hogares tambi\u00e9n significa reforzar la confianza en la capacidad de Europa de ofrecer soluciones concretas a sus ciudadanos\u00bb.<\/p>\n<\/blockquote>\n<p>\u00a0<\/p>\n<blockquote>\n<p><strong>Dan J\u00f8rgensen, comisario de Energ\u00eda y Vivienda, ha declarado:<\/strong><\/p>\n<p>\u00abEuropa debe asumir colectivamente la responsabilidad de la crisis de la vivienda que afecta a millones de nuestros ciudadanos y actuar en consecuencia. No se trata solo de los techos que nos cobijan: lo que est\u00e1 en juego es nuestra democracia. Si no resolvemos este problema, corremos el riesgo de dejar un vac\u00edo que aprovechar\u00e1n las fuerzas pol\u00edticas extremistas. Este Plan establece medidas concretas para conseguir que la vivienda sea m\u00e1s asequible mediante la activaci\u00f3n de inversiones, la regulaci\u00f3n de los alquileres de corta duraci\u00f3n, la reducci\u00f3n de la burocracia y el apoyo a los m\u00e1s afectados de nuestra sociedad. Porque la vivienda no es solo una mercanc\u00eda. Es un derecho fundamental. Debemos movilizar cada euro y hacer todo lo que est\u00e9 en nuestra mano para garantizar que en Europa todos puedan permitirse un lugar digno al que llamar hogar\u00bb.<\/p>\n<\/blockquote>\n<p>\u00a0<\/p>\n<blockquote>\n<p><strong>Jessika Roswall, comisaria de Medio Ambiente, Resiliencia H\u00eddrica y Econom\u00eda Circular Competitiva, ha declarado:<\/strong><\/p>\n<p>\u00abLa Nueva Bauhaus Europea est\u00e1 enfocada a reforzar la sostenibilidad, la circularidad y la innovaci\u00f3n en los lugares que construimos, renovamos y reconvertimos. Estamos ampliando el conjunto de herramientas existentes para expandir la Nueva Bauhaus Europea, especialmente all\u00ed donde la necesidad de viviendas asequibles y sostenibles es mayor\u00bb.<\/p>\n<\/blockquote>\n","protected":false},"excerpt":{"rendered":"Con el primer Plan Europeo de Vivienda Asequible\u00a0presentado hoy, la Comisi\u00f3n aborda una de las necesidades m\u00e1s acuciantes&hellip;\n","protected":false},"author":2,"featured_media":291582,"comment_status":"","ping_status":"","sticky":false,"template":"","format":"standard","meta":{"footnotes":""},"categories":[8],"tags":[17,18,1708,25,24,13,14,11,19,20,9,10,15,16,23,12,21,22,3633],"class_list":{"0":"post-291581","1":"post","2":"type-post","3":"status-publish","4":"format-standard","5":"has-post-thumbnail","7":"category-espana","8":"tag-breaking-news","9":"tag-breakingnews","10":"tag-comision-europea","11":"tag-es","12":"tag-espana","13":"tag-featured-news","14":"tag-featurednews","15":"tag-headlines","16":"tag-latest-news","17":"tag-latestnews","18":"tag-news","19":"tag-noticias","20":"tag-noticias-destacadas","21":"tag-noticiasdestacadas","22":"tag-spain","23":"tag-titulares","24":"tag-ultimas-noticias","25":"tag-ultimasnoticias","26":"tag-vivienda"},"share_on_mastodon":{"url":"https:\/\/pubeurope.com\/@es\/115730491945012000","error":""},"_links":{"self":[{"href":"https:\/\/www.europesays.com\/es\/wp-json\/wp\/v2\/posts\/291581","targetHints":{"allow":["GET"]}}],"collection":[{"href":"https:\/\/www.europesays.com\/es\/wp-json\/wp\/v2\/posts"}],"about":[{"href":"https:\/\/www.europesays.com\/es\/wp-json\/wp\/v2\/types\/post"}],"author":[{"embeddable":true,"href":"https:\/\/www.europesays.com\/es\/wp-json\/wp\/v2\/users\/2"}],"replies":[{"embeddable":true,"href":"https:\/\/www.europesays.com\/es\/wp-json\/wp\/v2\/comments?post=291581"}],"version-history":[{"count":0,"href":"https:\/\/www.europesays.com\/es\/wp-json\/wp\/v2\/posts\/291581\/revisions"}],"wp:featuredmedia":[{"embeddable":true,"href":"https:\/\/www.europesays.com\/es\/wp-json\/wp\/v2\/media\/291582"}],"wp:attachment":[{"href":"https:\/\/www.europesays.com\/es\/wp-json\/wp\/v2\/media?parent=291581"}],"wp:term":[{"taxonomy":"category","embeddable":true,"href":"https:\/\/www.europesays.com\/es\/wp-json\/wp\/v2\/categories?post=291581"},{"taxonomy":"post_tag","embeddable":true,"href":"https:\/\/www.europesays.com\/es\/wp-json\/wp\/v2\/tags?post=291581"}],"curies":[{"name":"wp","href":"https:\/\/api.w.org\/{rel}","templated":true}]}}