{"id":291589,"date":"2025-12-16T17:54:09","date_gmt":"2025-12-16T17:54:09","guid":{"rendered":"https:\/\/www.europesays.com\/es\/291589\/"},"modified":"2025-12-16T17:54:09","modified_gmt":"2025-12-16T17:54:09","slug":"la-fecha-de-la-finalissima-destroza-al-atletico-de-madrid","status":"publish","type":"post","link":"https:\/\/www.europesays.com\/es\/291589\/","title":{"rendered":"La fecha de la &#8216;Finalissima&#8217; destroza al Atl\u00e9tico de Madrid"},"content":{"rendered":"<p data-gtm-element-container=\"modulo-texto-link\" class=\"paragraph\">El <strong>Atl\u00e9tico de Madrid<\/strong> no est\u00e1 muy feliz con la fecha que se pretende seleccionar para el partido que debe dirimir al campe\u00f3n de campeones, en el \u00e1mbito de las selecciones.<\/p>\n<p>        Lee tambi\u00e9n<\/p>\n<p>    Chema G. Fuente<\/p>\n<p>             <img loading=\"lazy\" decoding=\"async\" data-full-src=\"https:\/\/www.mundodeportivo.com\/uploads\/2025\/12\/15\/69402387f2abe.jpeg\" alt=\"El ex capit\u00e1n rojiblanco estuvo presente en el entrenamiento del Atl\u00e9tico en Majadahonda y salud\u00f3 a Simeone, al cuerpo t\u00e9cnico y a varios jugadores.\" width=\"334\" height=\"164\" src=\"https:\/\/www.europesays.com\/es\/wp-content\/uploads\/2025\/12\/69402387f2abe.jpeg\" class=\"lazy\"\/><\/p>\n<p data-gtm-element-container=\"modulo-texto-link\" class=\"paragraph\">En un a\u00f1o ya complicado de por s\u00ed, la fecha designada para \u2018<strong>Finalissima<\/strong>\u2019 entre <strong>Argentina <\/strong>y <strong>Espa\u00f1a<\/strong>, ha sentado a cuerno quemado en las oficinas del <strong>Metropolitano<\/strong>. Recordemos que esta temporada acaba con e<strong>l Mundial de Estados Unidos, Canad\u00e1<\/strong> y <strong>M\u00e9xico<\/strong>. Y eso hace que se sature, a\u00fan m\u00e1s, un calendario al l\u00edmite.<\/p>\n<p data-gtm-element-container=\"modulo-texto-link\" class=\"paragraph\">Pues bien. A falta de oficializaci\u00f3n por parte de las, que son la <strong>CONMEBOL <\/strong>y <strong>UEFA<\/strong>, todo indica que el choque se disputar\u00e1 el 27 de marzo de 2026, en <strong>Qatar<\/strong>, una fecha muy complicada, en la que el <strong>Atl\u00e9tico de Madrid<\/strong> puede estar jug\u00e1ndose buena parte del \u00e9xito de la temporada. Por ejemplo, la final de la <strong>Copa del Rey<\/strong> se disputar\u00e1 en abril de 2026, a\u00fan sin ficha concreta. La final de la <strong>Champions<\/strong> <strong>League<\/strong>, el 20 de mayo, en <strong>Budapest<\/strong>.<\/p>\n<p>        Lee tambi\u00e9n<\/p>\n<p>    Javier G. G\u00f3mara<\/p>\n<p>             <img loading=\"lazy\" decoding=\"async\" data-full-src=\"https:\/\/www.mundodeportivo.com\/uploads\/2021\/10\/31\/617e8df7945b6.jpeg\" alt=\"El \u00e1rbitro Alejandro Hern\u00e1ndez Hern\u00e1ndez.\" width=\"334\" height=\"164\" src=\"https:\/\/www.europesays.com\/es\/wp-content\/uploads\/2025\/12\/617e8df7945b6.jpeg\" class=\"lazy\"\/><\/p>\n<p data-gtm-element-container=\"modulo-texto-link\" class=\"paragraph\">Y en ese final del mes de marzo, en <strong>LaLiga <\/strong>se estar\u00e1 ya en torno a la jornada 30\u00aa (se juega el primer fin de semana de abril), fase en la que el <strong>Atl\u00e9tico <\/strong>se estar\u00e1 jugando todo lo importante, deportivamente hablando.<\/p>\n<p data-gtm-element-container=\"modulo-texto-link\" class=\"paragraph\">Exist\u00eda, en el seno del <strong>Atl\u00e9tico de Madrid<\/strong>, la esperanza de que se fuese razonable y se dejase esta \u2018<strong>Finalissima<\/strong>\u2019 entre el campe\u00f3n de <strong>Am\u00e9rica <\/strong>y de la <strong>Eurocopa<\/strong>, para despu\u00e9s del <strong>Mundial<\/strong>. Pero tanto la <strong>AFA <\/strong>como la <strong>RFEF<\/strong> quieren que sea antes.<\/p>\n<p data-gtm-element-container=\"modulo-texto-link\" class=\"paragraph\">De hecho, el presidente de la <strong>RFEF, Rafael Louz\u00e1n<\/strong>, anticip\u00f3 que hay un acuerdo para la disputa de dicho partido, con la mencionada fecha que destroza por completo al <strong>Atl\u00e9tico de Madrid.<\/strong> \u00bfPor qu\u00e9? Porque si no pasa nada raro, <strong>Simeone <\/strong>podr\u00eda quedarse sin hasta diez jugadores, en el peor de los casos.<\/p>\n<p data-gtm-element-container=\"modulo-texto-link\" class=\"paragraph\">En Argentina, son cinco los que vienen siendo llamados por Lionel Scaloni asiduamente. <strong>Juli\u00e1n \u00c1lvarez, Giuliano Simeone, Nahuel Molina, Nico Gonz\u00e1lez<\/strong> y <strong>Thiago<\/strong> <strong>Almada<\/strong>. Mientras, en <strong>Espa\u00f1a<\/strong>, en las convocatorias recientes, han sido cuatro los seleccionados. <strong>Robin Le Normand, Pablo Barrios, \u00c1lex Baena<\/strong> y <strong>Marcos Llorente<\/strong>. A esos se les podr\u00eda unir, si se cumple la previsi\u00f3n de <strong>Diego Simeone<\/strong>, un <strong>Marc Pubill <\/strong>que est\u00e1 dando pasos agigantados en su progresi\u00f3n.<\/p>\n<p>        Lee tambi\u00e9n<\/p>\n<p>    Javier G. G\u00f3mara<\/p>\n<p>             <img loading=\"lazy\" decoding=\"async\" data-full-src=\"https:\/\/www.mundodeportivo.com\/uploads\/2025\/12\/16\/6941424424558.jpeg\" alt=\"Horizontal\" width=\"334\" height=\"164\" src=\"https:\/\/www.europesays.com\/es\/wp-content\/uploads\/2025\/12\/6941424424558.r_d.1083-722.jpeg\" class=\"lazy\"\/><\/p>\n<p data-gtm-element-container=\"modulo-texto-link\" class=\"paragraph\">Y eso, en un contexto en el que al <strong>Atl\u00e9tico de Madrid<\/strong> le coger\u00eda el partido internacional entre los encuentros ligueros contra el <strong>Real<\/strong> <strong>Madrid <\/strong>y el <strong>FC Barcelona, <\/strong>casi nada. Adem\u00e1s de estar cerca de los octavos de final de la <strong>Liga de Campeones.<\/strong> En el <strong>Metropolitano <\/strong>quieren esperar a que se haga oficial la fecha, pero, de cumplirse, alzar\u00e1n la voz.\u00a0<\/p>\n","protected":false},"excerpt":{"rendered":"El Atl\u00e9tico de Madrid no est\u00e1 muy feliz con la fecha que se pretende seleccionar para el partido&hellip;\n","protected":false},"author":2,"featured_media":222807,"comment_status":"","ping_status":"","sticky":false,"template":"","format":"standard","meta":{"footnotes":""},"categories":[268],"tags":[168,25,24,280,282,281,23,167],"class_list":{"0":"post-291589","1":"post","2":"type-post","3":"status-publish","4":"format-standard","5":"has-post-thumbnail","7":"category-futbol","8":"tag-deportes","9":"tag-es","10":"tag-espana","11":"tag-football","12":"tag-futbol","13":"tag-soccer","14":"tag-spain","15":"tag-sports"},"share_on_mastodon":{"url":"https:\/\/pubeurope.com\/@es\/115730531894698824","error":""},"_links":{"self":[{"href":"https:\/\/www.europesays.com\/es\/wp-json\/wp\/v2\/posts\/291589","targetHints":{"allow":["GET"]}}],"collection":[{"href":"https:\/\/www.europesays.com\/es\/wp-json\/wp\/v2\/posts"}],"about":[{"href":"https:\/\/www.europesays.com\/es\/wp-json\/wp\/v2\/types\/post"}],"author":[{"embeddable":true,"href":"https:\/\/www.europesays.com\/es\/wp-json\/wp\/v2\/users\/2"}],"replies":[{"embeddable":true,"href":"https:\/\/www.europesays.com\/es\/wp-json\/wp\/v2\/comments?post=291589"}],"version-history":[{"count":0,"href":"https:\/\/www.europesays.com\/es\/wp-json\/wp\/v2\/posts\/291589\/revisions"}],"wp:featuredmedia":[{"embeddable":true,"href":"https:\/\/www.europesays.com\/es\/wp-json\/wp\/v2\/media\/222807"}],"wp:attachment":[{"href":"https:\/\/www.europesays.com\/es\/wp-json\/wp\/v2\/media?parent=291589"}],"wp:term":[{"taxonomy":"category","embeddable":true,"href":"https:\/\/www.europesays.com\/es\/wp-json\/wp\/v2\/categories?post=291589"},{"taxonomy":"post_tag","embeddable":true,"href":"https:\/\/www.europesays.com\/es\/wp-json\/wp\/v2\/tags?post=291589"}],"curies":[{"name":"wp","href":"https:\/\/api.w.org\/{rel}","templated":true}]}}