{"id":291594,"date":"2025-12-16T17:58:10","date_gmt":"2025-12-16T17:58:10","guid":{"rendered":"https:\/\/www.europesays.com\/es\/291594\/"},"modified":"2025-12-16T17:58:10","modified_gmt":"2025-12-16T17:58:10","slug":"rtve-tambien-emitira-unas-precampanadas-el-30-de-diciembre-con-estos-tres-reconocidos-presentadores","status":"publish","type":"post","link":"https:\/\/www.europesays.com\/es\/291594\/","title":{"rendered":"RTVE tambi\u00e9n emitir\u00e1 unas precampanadas el 30 de diciembre con estos tres reconocidos presentadores"},"content":{"rendered":"<p class=\"ft-text\">La batalla televisiva por despedir el a\u00f1o se adelanta a la pen\u00faltima noche de diciembre. RTVE ha confirmado que tambi\u00e9n emitir\u00e1 unas precampanadas el pr\u00f3ximo 30 de diciembre, entrando de lleno en un terreno que hasta ahora dominaba Atresmedia a trav\u00e9s de Neox y su tradicional cita previa a Nochevieja.<\/p>\n<p class=\"ft-text\">La cadena p\u00fablica apostar\u00e1 por una propuesta marcada por el humor y el tono desenfadado. In\u00e9s Hernand, Aitor Albizua y Miguel Maldonado ser\u00e1n los encargados de conducir esta celebraci\u00f3n especial, que se emitir\u00e1 a partir de las 23:30 horas en La 2 y en RTVE Play. El tr\u00edo despedir\u00e1 2025 desde la Puerta del Sol, recreando las populares preuvas con iron\u00eda, surrealismo y un enfoque claramente alternativo.<\/p>\n<p class=\"ft-text\">Con esta decisi\u00f3n, RTVE competir\u00e1 directamente con Neox, que ya tiene lista su oferta para esa misma noche. El canal de Atresmedia volver\u00e1 a emitir su habitual especial &#8216;Feliz A\u00f1o Neox&#8217;, que en esta ocasi\u00f3n servir\u00e1 adem\u00e1s para conmemorar el vig\u00e9simo aniversario de la cadena. Dani Mateo, Pilar Vidal y Lola Lolita estar\u00e1n al frente de un programa que promete humor, nostalgia y sorpresas.<\/p>\n<p class=\"ft-text\">Como marca la tradici\u00f3n desde 2011, Neox culminar\u00e1 su especial con las pre\u00favas en directo desde la Puerta del Sol, que comenzar\u00e1n a las 23:45 horas. De este modo, ambas cadenas coincidir\u00e1n pr\u00e1cticamente en franja y escenario, intensificando la competencia por captar la atenci\u00f3n del p\u00fablico en una de las noches m\u00e1s festivas del calendario televisivo.<\/p>\n","protected":false},"excerpt":{"rendered":"La batalla televisiva por despedir el a\u00f1o se adelanta a la pen\u00faltima noche de diciembre. RTVE ha confirmado&hellip;\n","protected":false},"author":2,"featured_media":291595,"comment_status":"","ping_status":"","sticky":false,"template":"","format":"standard","meta":{"footnotes":""},"categories":[171],"tags":[1881,1611,151,35329,8430,3569,146,147,25,24,193,4356,69654,10852,45268,6260,518,23,214],"class_list":{"0":"post-291594","1":"post","2":"type-post","3":"status-publish","4":"format-standard","5":"has-post-thumbnail","7":"category-tv","8":"tag-1881","9":"tag-ano","10":"tag-atresmedia","11":"tag-diciembre","12":"tag-emitira","13":"tag-encuentra","14":"tag-entertainment","15":"tag-entretenimiento","16":"tag-es","17":"tag-espana","18":"tag-noche","19":"tag-penultima","20":"tag-precampanadas","21":"tag-presentadores","22":"tag-reconocidos","23":"tag-rival","24":"tag-rtve","25":"tag-spain","26":"tag-tv"},"share_on_mastodon":{"url":"https:\/\/pubeurope.com\/@es\/115730547215774491","error":""},"_links":{"self":[{"href":"https:\/\/www.europesays.com\/es\/wp-json\/wp\/v2\/posts\/291594","targetHints":{"allow":["GET"]}}],"collection":[{"href":"https:\/\/www.europesays.com\/es\/wp-json\/wp\/v2\/posts"}],"about":[{"href":"https:\/\/www.europesays.com\/es\/wp-json\/wp\/v2\/types\/post"}],"author":[{"embeddable":true,"href":"https:\/\/www.europesays.com\/es\/wp-json\/wp\/v2\/users\/2"}],"replies":[{"embeddable":true,"href":"https:\/\/www.europesays.com\/es\/wp-json\/wp\/v2\/comments?post=291594"}],"version-history":[{"count":0,"href":"https:\/\/www.europesays.com\/es\/wp-json\/wp\/v2\/posts\/291594\/revisions"}],"wp:featuredmedia":[{"embeddable":true,"href":"https:\/\/www.europesays.com\/es\/wp-json\/wp\/v2\/media\/291595"}],"wp:attachment":[{"href":"https:\/\/www.europesays.com\/es\/wp-json\/wp\/v2\/media?parent=291594"}],"wp:term":[{"taxonomy":"category","embeddable":true,"href":"https:\/\/www.europesays.com\/es\/wp-json\/wp\/v2\/categories?post=291594"},{"taxonomy":"post_tag","embeddable":true,"href":"https:\/\/www.europesays.com\/es\/wp-json\/wp\/v2\/tags?post=291594"}],"curies":[{"name":"wp","href":"https:\/\/api.w.org\/{rel}","templated":true}]}}