{"id":291611,"date":"2025-12-16T18:13:10","date_gmt":"2025-12-16T18:13:10","guid":{"rendered":"https:\/\/www.europesays.com\/es\/291611\/"},"modified":"2025-12-16T18:13:10","modified_gmt":"2025-12-16T18:13:10","slug":"miercoles-17-12-25-0700-a-1000-h-san-carlos-y-zonas-de-influencia-dpec","status":"publish","type":"post","link":"https:\/\/www.europesays.com\/es\/291611\/","title":{"rendered":"MI\u00c9RCOLES 17\/12\/25 | 07:00 a 10:00 h | SAN CARLOS y zonas de influencia. | DPEC"},"content":{"rendered":"<p style=\"text-align: justify;\">La Direcci\u00f3n Provincial de Energ\u00eda de Corrientes (DPEC) informa que con motivo de realizar mejoras en el servicio, se ejecutar\u00e1n tareas de mantenimiento de L\u00edneas de Media Tensi\u00f3n, por lo cual se interrumpir\u00e1 el suministro de energ\u00eda el\u00e9ctrica en la localidad de <strong>SAN CARLOS y zonas de influencia<\/strong>, de acuerdo al siguiente cronograma:<\/p>\n<p>&#13;<br \/>\n&#13;<\/p>\n<p style=\"text-align: justify;\">FECHA: MI\u00c9RCOLES 17\/12\/25<br \/>&#13;<br \/>\nHORARIO: 07:00 a 10:00 h<\/p>\n<p>&#13;<\/p>\n","protected":false},"excerpt":{"rendered":"La Direcci\u00f3n Provincial de Energ\u00eda de Corrientes (DPEC) informa que con motivo de realizar mejoras en el servicio,&hellip;\n","protected":false},"author":2,"featured_media":291612,"comment_status":"","ping_status":"","sticky":false,"template":"","format":"standard","meta":{"footnotes":""},"categories":[5],"tags":[69865,17,18,69864,5220,25,24,5848,13,14,11,19,20,9,10,15,16,23,12,21,22],"class_list":{"0":"post-291611","1":"post","2":"type-post","3":"status-publish","4":"format-standard","5":"has-post-thumbnail","7":"category-titulares","8":"tag-autogestion","9":"tag-breaking-news","10":"tag-breakingnews","11":"tag-corrientes","12":"tag-energia","13":"tag-es","14":"tag-espana","15":"tag-factura","16":"tag-featured-news","17":"tag-featurednews","18":"tag-headlines","19":"tag-latest-news","20":"tag-latestnews","21":"tag-news","22":"tag-noticias","23":"tag-noticias-destacadas","24":"tag-noticiasdestacadas","25":"tag-spain","26":"tag-titulares","27":"tag-ultimas-noticias","28":"tag-ultimasnoticias"},"share_on_mastodon":{"url":"https:\/\/pubeurope.com\/@es\/115730605856171215","error":""},"_links":{"self":[{"href":"https:\/\/www.europesays.com\/es\/wp-json\/wp\/v2\/posts\/291611","targetHints":{"allow":["GET"]}}],"collection":[{"href":"https:\/\/www.europesays.com\/es\/wp-json\/wp\/v2\/posts"}],"about":[{"href":"https:\/\/www.europesays.com\/es\/wp-json\/wp\/v2\/types\/post"}],"author":[{"embeddable":true,"href":"https:\/\/www.europesays.com\/es\/wp-json\/wp\/v2\/users\/2"}],"replies":[{"embeddable":true,"href":"https:\/\/www.europesays.com\/es\/wp-json\/wp\/v2\/comments?post=291611"}],"version-history":[{"count":0,"href":"https:\/\/www.europesays.com\/es\/wp-json\/wp\/v2\/posts\/291611\/revisions"}],"wp:featuredmedia":[{"embeddable":true,"href":"https:\/\/www.europesays.com\/es\/wp-json\/wp\/v2\/media\/291612"}],"wp:attachment":[{"href":"https:\/\/www.europesays.com\/es\/wp-json\/wp\/v2\/media?parent=291611"}],"wp:term":[{"taxonomy":"category","embeddable":true,"href":"https:\/\/www.europesays.com\/es\/wp-json\/wp\/v2\/categories?post=291611"},{"taxonomy":"post_tag","embeddable":true,"href":"https:\/\/www.europesays.com\/es\/wp-json\/wp\/v2\/tags?post=291611"}],"curies":[{"name":"wp","href":"https:\/\/api.w.org\/{rel}","templated":true}]}}