{"id":291617,"date":"2025-12-16T18:21:11","date_gmt":"2025-12-16T18:21:11","guid":{"rendered":"https:\/\/www.europesays.com\/es\/291617\/"},"modified":"2025-12-16T18:21:11","modified_gmt":"2025-12-16T18:21:11","slug":"presentacion-de-eugene-omoruyi-como-jugador-del-baskonia-2","status":"publish","type":"post","link":"https:\/\/www.europesays.com\/es\/291617\/","title":{"rendered":"Presentaci\u00f3n de Eugene Omoruyi como jugador del Baskonia"},"content":{"rendered":"<p class=\"article-body__text \">\n        \u00abEstoy contento de estar aqu\u00ed, <strong>es una bendici\u00f3n poder jugar a baloncesto cada d\u00eda<\/strong>. Este es un paso que quer\u00eda dar y estoy feliz de que haya llegado\u00bb, argument\u00f3 el alero nigeriano.\n<\/p>\n<p class=\"article-body__text \">\n        Aunque no conoc\u00eda la ciudad antes de llegar, s\u00ed que hab\u00eda visto v\u00eddeos del equipo y sus primeras impresiones han sido por lo general positivas. \u00abHe visto un poco del Baskonia,<strong> me gustan las ciudades tranquilas y mi familia seguro que lo va a agradecer.<\/strong> Tambi\u00e9n me han dicho que<strong> los aficionados son fant\u00e1sticos, as\u00ed que tengo ganas de jugar frente a ellos\u00bb.<\/strong>\n<\/p>\n<p>            <a href=\"https:\/\/www.noticiasdealava.eus\/baskonia\/2025\/12\/16\/felix-fernandez-fichaje-pivot-sumamente-10477994.html\" title=\"F\u00e9lix Fern\u00e1ndez: &quot;El fichaje del p\u00edvot es sumamente complicado en este momento&quot;\" class=\"new__media\" rel=\"nofollow noopener\" target=\"_blank\"><\/p>\n<p>                <img alt=\"F\u00e9lix Fern\u00e1ndez: &quot;El fichaje del p\u00edvot es sumamente complicado en este momento&quot;\" data-src=\"https:\/\/www.europesays.com\/es\/wp-content\/uploads\/2025\/12\/53f7bc9d-551f-456c-a827-8f3083c7a7e0_16-9-aspect-ratio_default_0.jpg\" class=\"lozad\"\/><\/p>\n<p>        <\/a><\/p>\n<p>        <a href=\"https:\/\/www.noticiasdealava.eus\/baskonia\/2025\/12\/16\/felix-fernandez-fichaje-pivot-sumamente-10477994.html\" title=\"F\u00e9lix Fern\u00e1ndez: &quot;El fichaje del p\u00edvot es sumamente complicado en este momento&quot;\" class=\"new__headline\" rel=\"nofollow noopener\" target=\"_blank\"><br \/>\n            F\u00e9lix Fern\u00e1ndez: \u00abEl fichaje del p\u00edvot es sumamente complicado en este momento\u00bb<br \/>\n        <\/a><\/p>\n<p class=\"article-body__text \">\n        Tambi\u00e9n est\u00e1 satisfecho con el \u00abgran grupo\u00bb que se ha encontrado en el vestuario.<strong> \u00abTodos me han aceptado y me han recibido con los brazos abiertos.<\/strong> No puedo esperar a empezar a jugar partidos. Tambi\u00e9n me han explicado los aspectos t\u00e1cticos\u00bb, dijo.\n<\/p>\n<blockquote class=\"twitter-tweet\" data-lang=\"es\" wp_automatic_readability=\"6.9029126213592\">\n<p lang=\"es\" dir=\"ltr\">\ud83d\udd35\ud83d\udd34 \u00abEstoy contento de estar aqu\u00ed. Quiero decirles a los fans que he venido para darlo todo y competir al m\u00e1ximo nivel.\u00bb<\/p>\n<p>Eugene Omoruyi en su presentaci\u00f3n como nuevo jugador de Kosner Baskonia \ud83d\udcfc<a href=\"https:\/\/t.co\/yLg5Asqo5O\" rel=\"nofollow\">https:\/\/t.co\/yLg5Asqo5O<\/a> <a href=\"https:\/\/t.co\/WVVWSXEef7\" rel=\"nofollow\">pic.twitter.com\/WVVWSXEef7<\/a><\/p>\n<p>\u2014 Kosner Baskonia (@Baskonia) <a href=\"https:\/\/twitter.com\/Baskonia\/status\/2000943710763409604?ref_src=twsrc%5Etfw\" rel=\"nofollow noopener\" target=\"_blank\">16 de diciembre de 2025<\/a><\/p><\/blockquote>\n<p class=\"article-body__text \">\n        En cuanto a sus caracter\u00edsticas, se describi\u00f3 como<strong> \u00abun jugador vers\u00e1til, que puede defender, rebotear, lanzar y penetrar hacia el aro\u00bb<\/strong>. Adem\u00e1s, destac\u00f3 que cuenta \u00abcon la misma energ\u00eda que el entrenador Paolo Galbiati\u00bb, por lo que<strong> cree que encajar\u00e1 bien en su estilo de juego.<\/strong>\n<\/p>\n<p>            <a href=\"https:\/\/www.noticiasdealava.eus\/baskonia\/2025\/12\/16\/paolo-galbiati-club-quiero-kobi-10476995.html\" title=\"Paolo Galbiati: &quot;El club sabe lo que quiero con Kobi Simmons&quot;\" class=\"new__media\" rel=\"nofollow noopener\" target=\"_blank\"><\/p>\n<p>                <img alt=\"Paolo Galbiati: &quot;El club sabe lo que quiero con Kobi Simmons&quot;\" data-src=\"https:\/\/www.europesays.com\/es\/wp-content\/uploads\/2025\/12\/a8dd1df6-5045-413c-9a69-5fe35db86e78_16-9-aspect-ratio_default_0_x1069y298.jpg\" class=\"lozad\"\/><\/p>\n<p>        <\/a><\/p>\n<p>        <a href=\"https:\/\/www.noticiasdealava.eus\/baskonia\/2025\/12\/16\/paolo-galbiati-club-quiero-kobi-10476995.html\" title=\"Paolo Galbiati: &quot;El club sabe lo que quiero con Kobi Simmons&quot;\" class=\"new__headline\" rel=\"nofollow noopener\" target=\"_blank\"><br \/>\n            Paolo Galbiati: \u00abEl club sabe lo que quiero con Kobi Simmons\u00bb<br \/>\n        <\/a><\/p>\n<p class=\"article-body__text \">\n        Sus mayores<strong> virtudes son \u00abdefinitivamente el rebote y la defensa\u00bb<\/strong>: \u00abMe gusta ganar y hago todo lo posible para ganar. <strong>Siempre doy mi cien por cien en cada posesi\u00f3n,<\/strong> es lo que he hecho toda mi carrera y eso es lo que van a poder ver los aficionados\u00bb.\n<\/p>\n<p class=\"article-body__text \">\n        Esta ser\u00e1 <strong>la primera experiencia en la Euroliga del nigeriano<\/strong>, que, si bien pudo haber llegado antes, no se dio por diversas circunstancias.\n<\/p>\n<p class=\"article-body__text \">\n        \u00abHe tenido distintas ofertas, pero <strong>en aquel tiempo s\u00f3lo pensaba en la NBA. <\/strong>Ahora, se ha dado y el Baskonia es un buen equipo con el que llegar a la Euroliga, estoy feliz por estar aqu\u00ed\u00bb, afirm\u00f3.\n<\/p>\n<p>  Contrato temporal<\/p>\n<p class=\"article-body__text \">\n        Aunque haya llegado a Vitoria-Gasteiz con un contrato de s\u00f3lo dos meses,<strong> Omoruyi, a quien le gustar\u00eda asentarse en Europa, no piensa por ahora a largo plazo.<\/strong>\n<\/p>\n<p class=\"article-body__text \">\n        \u00abVer partidos de Euroliga me ha ayudado mucho y <strong>creo que mi juego se adapta bien a la competici\u00f3n por esa versatilidad que puedo aportar.<\/strong> Mi objetivo es dar el m\u00e1ximo cada d\u00eda. Dios dir\u00e1 a d\u00f3nde me llevan estos dos meses, yo vengo a competir y a hacer un buen papel\u00bb, replic\u00f3.\n<\/p>\n<p class=\"article-body__text \">\n        En su adaptaci\u00f3n le ayudar\u00e1 contar con <strong>un viejo conocido en la plantilla de su etapa en la NBA como Markquis Nowell <\/strong>-\u00abme ha alegrado reunirme con \u00e9l y conversar\u00bb- y motivaci\u00f3n no le faltar\u00e1. <strong>\u00abVoy a llevar el <\/strong><strong>cinco<\/strong><strong>, que tiene un valor importante para m\u00ed.<\/strong> Mi hermana peque\u00f1a naci\u00f3 en 2005 y esta aventura la quiero hacer por ella y para ayudar a mi familia\u00bb, concluy\u00f3.\n<\/p>\n<p>            <script async src=\"https:\/\/platform.twitter.com\/widgets.js\" charset=\"utf-8\"><\/script><\/p>\n","protected":false},"excerpt":{"rendered":"\u00abEstoy contento de estar aqu\u00ed, es una bendici\u00f3n poder jugar a baloncesto cada d\u00eda. Este es un paso&hellip;\n","protected":false},"author":2,"featured_media":291526,"comment_status":"","ping_status":"","sticky":false,"template":"","format":"standard","meta":{"footnotes":""},"categories":[269],"tags":[2984,299,298,168,22913,25,24,68807,68808,2436,23,167,809],"class_list":{"0":"post-291617","1":"post","2":"type-post","3":"status-publish","4":"format-standard","5":"has-post-thumbnail","7":"category-baloncesto","8":"tag-aficionados","9":"tag-baloncesto","10":"tag-basketball","11":"tag-deportes","12":"tag-doy","13":"tag-es","14":"tag-espana","15":"tag-eugene","16":"tag-omoruyi","17":"tag-presentacion","18":"tag-spain","19":"tag-sports","20":"tag-ver"},"share_on_mastodon":{"url":"https:\/\/pubeurope.com\/@es\/115730637444629407","error":""},"_links":{"self":[{"href":"https:\/\/www.europesays.com\/es\/wp-json\/wp\/v2\/posts\/291617","targetHints":{"allow":["GET"]}}],"collection":[{"href":"https:\/\/www.europesays.com\/es\/wp-json\/wp\/v2\/posts"}],"about":[{"href":"https:\/\/www.europesays.com\/es\/wp-json\/wp\/v2\/types\/post"}],"author":[{"embeddable":true,"href":"https:\/\/www.europesays.com\/es\/wp-json\/wp\/v2\/users\/2"}],"replies":[{"embeddable":true,"href":"https:\/\/www.europesays.com\/es\/wp-json\/wp\/v2\/comments?post=291617"}],"version-history":[{"count":0,"href":"https:\/\/www.europesays.com\/es\/wp-json\/wp\/v2\/posts\/291617\/revisions"}],"wp:featuredmedia":[{"embeddable":true,"href":"https:\/\/www.europesays.com\/es\/wp-json\/wp\/v2\/media\/291526"}],"wp:attachment":[{"href":"https:\/\/www.europesays.com\/es\/wp-json\/wp\/v2\/media?parent=291617"}],"wp:term":[{"taxonomy":"category","embeddable":true,"href":"https:\/\/www.europesays.com\/es\/wp-json\/wp\/v2\/categories?post=291617"},{"taxonomy":"post_tag","embeddable":true,"href":"https:\/\/www.europesays.com\/es\/wp-json\/wp\/v2\/tags?post=291617"}],"curies":[{"name":"wp","href":"https:\/\/api.w.org\/{rel}","templated":true}]}}