{"id":291631,"date":"2025-12-16T18:30:12","date_gmt":"2025-12-16T18:30:12","guid":{"rendered":"https:\/\/www.europesays.com\/es\/291631\/"},"modified":"2025-12-16T18:30:12","modified_gmt":"2025-12-16T18:30:12","slug":"el-cav-aep-plantea-pautas-mas-flexibles-de-vacunacion-covid-en-ninos-inmunodeprimidos","status":"publish","type":"post","link":"https:\/\/www.europesays.com\/es\/291631\/","title":{"rendered":"El CAV-AEP plantea pautas m\u00e1s flexibles de vacunaci\u00f3n covid en ni\u00f1os inmunodeprimidos"},"content":{"rendered":"<p>El <strong>Comit\u00e9 Asesor de <a href=\"https:\/\/diariofarma.com\/tag\/vacunas?utm_source=diariofarma&amp;utm_medium=web&amp;utm_campaign=smartlink\" rel=\"nofollow noopener\" target=\"_blank\">Vacunas<\/a> de la <a href=\"http:\/\/www.aeped.es\/?utm_source=diariofarma&amp;utm_medium=web&amp;utm_campaign=smartlink\" rel=\"nofollow noopener\" target=\"_blank\">Asociaci\u00f3n Espa\u00f1ola de Pediatr\u00eda<\/a> (CAV-AEP)<\/strong> considera conveniente valorar <strong>pautas vacunales frente a la <a href=\"https:\/\/diariofarma.com\/tag\/covid-19?utm_source=diariofarma&amp;utm_medium=web&amp;utm_campaign=smartlink\" rel=\"nofollow noopener\" target=\"_blank\">covid-19<\/a> m\u00e1s flexibles<\/strong>, incluidos refuerzos adicionales <strong>en ni\u00f1os y adolescentes con inmunosupresi\u00f3n grave<\/strong>, en un contexto marcado por la estabilizaci\u00f3n de la circulaci\u00f3n del SARS-CoV-2 y la experiencia acumulada tras m\u00e1s de tres a\u00f1os de vacunaci\u00f3n pedi\u00e1trica.<\/p>\n<p>La reflexi\u00f3n del comit\u00e9 se enmarca en la evoluci\u00f3n de la estrategia vacunal en Espa\u00f1a, que comenz\u00f3 en <strong>junio de 2021<\/strong> en adolescentes y se ampli\u00f3 en <strong>diciembre de ese mismo a\u00f1o<\/strong> a la poblaci\u00f3n infantil de entre 5 y 11 a\u00f1os. Posteriormente, las recomendaciones se fueron ajustando hasta focalizarse, desde <strong>julio de 2023<\/strong>, en <strong>grupos de alto y muy alto riesgo<\/strong>, as\u00ed como en ni\u00f1os institucionalizados y convivientes de personas inmunodeprimidas.<\/p>\n<p>El CAV-AEP subraya que el SARS-CoV-2 ha adquirido un <strong>patr\u00f3n estacional<\/strong>, con picos variables de incidencia, pero con un <strong>impacto cl\u00ednico generalmente menor en ni\u00f1os y adolescentes<\/strong> en comparaci\u00f3n con otros grupos de edad. No obstante, esta menor gravedad no elimina el riesgo en determinados perfiles cl\u00ednicos, especialmente en <a href=\"https:\/\/diariofarma.com\/tag\/pacientes?utm_source=diariofarma&amp;utm_medium=web&amp;utm_campaign=smartlink\" rel=\"nofollow noopener\" target=\"_blank\">pacientes<\/a> con <strong>inmunosupresi\u00f3n<\/strong> o enfermedades de base que incrementan la probabilidad de hospitalizaci\u00f3n o complicaciones.<\/p>\n<p>En este sentido, el comit\u00e9 recuerda que la <strong>estrategia vacunal pedi\u00e1trica<\/strong> debe mantenerse en revisi\u00f3n constante, teniendo en cuenta no solo la incidencia de la <a href=\"https:\/\/diariofarma.com\/tag\/infeccion?utm_source=diariofarma&amp;utm_medium=web&amp;utm_campaign=smartlink\" rel=\"nofollow noopener\" target=\"_blank\">infecci\u00f3n<\/a>, sino tambi\u00e9n la <strong>capacidad de las vacunas para prevenir enfermedad grave<\/strong>, que sigue siendo el principal objetivo de salud p\u00fablica.<\/p>\n<p><strong>Duraci\u00f3n limitada de la protecci\u00f3n<\/strong><\/p>\n<p>Uno de los elementos centrales de la reflexi\u00f3n del CAV-AEP es la <strong>duraci\u00f3n de la protecci\u00f3n conferida por las vacunas frente a la covid-19<\/strong>. En poblaci\u00f3n no inmunocomprometida, la protecci\u00f3n frente a la infecci\u00f3n se reduce de forma significativa a los <strong>3 o 4 meses<\/strong>, mientras que la protecci\u00f3n frente a hospitalizaci\u00f3n y enfermedad grave puede mantenerse entre <strong>6 y 9 meses<\/strong>.<\/p>\n<p>En el caso de los <strong>ni\u00f1os y adolescentes inmunodeprimidos<\/strong>, esta protecci\u00f3n tiende a ser <strong>m\u00e1s corta<\/strong>, lo que refuerza la necesidad de <strong>plantear esquemas vacunales individualizados<\/strong> y la posibilidad de administrar <strong>dosis adicionales<\/strong> cuando el riesgo cl\u00ednico lo justifique.<\/p>\n<p><strong>Pautas diferenciadas seg\u00fan riesgo<\/strong><\/p>\n<p>El CAV-AEP distingue claramente entre distintos perfiles pedi\u00e1tricos. En ni\u00f1os y adolescentes de <strong>6 meses o m\u00e1s con condiciones de riesgo<\/strong>, pero sin inmunosupresi\u00f3n, considera adecuada la administraci\u00f3n de <strong>una dosis \u00fanica<\/strong>, independientemente de vacunaciones previas o infecciones pasadas.<\/p>\n<p>Por el contrario, en menores con <strong>inmunosupresi\u00f3n moderada o grave<\/strong>, as\u00ed como en otros pacientes inmunocomprometidos con alto riesgo de covid-19 grave, el comit\u00e9 se\u00f1ala la conveniencia de <strong>pautas m\u00e1s intensivas<\/strong>, que pueden incluir <strong>tres dosis<\/strong> en aquellos que no hayan completado una primovacunaci\u00f3n previa, as\u00ed como <strong>dosis adicionales de refuerzo<\/strong> al menos a los <strong>3 meses<\/strong> de la \u00faltima dosis o infecci\u00f3n.<\/p>\n<p><strong>Esta diferenciaci\u00f3n por niveles de riesgo<\/strong> constituye, a juicio del comit\u00e9, uno de los pilares para optimizar el balance beneficio-riesgo de la vacunaci\u00f3n pedi\u00e1trica frente a la covid-19.<\/p>\n<p>Actualmente, la vacunaci\u00f3n frente a la covid-19 en poblaci\u00f3n pedi\u00e1trica se concentra en las <strong>campa\u00f1as de oto\u00f1o<\/strong>, coincidiendo con la vacunaci\u00f3n antigripal. El CAV-AEP reconoce que esta estrategia facilita la log\u00edstica y puede mejorar las coberturas, pero tambi\u00e9n plantea si una <strong>oferta vacunal m\u00e1s prolongada a lo largo del a\u00f1o<\/strong> podr\u00eda resultar beneficiosa, especialmente para ni\u00f1os con patolog\u00edas de alto riesgo.<\/p>\n<p>Esta reflexi\u00f3n adquiere relevancia en el caso de pacientes inmunodeprimidos, en los que la necesidad de protecci\u00f3n no siempre coincide con el calendario estacional de las campa\u00f1as generales.<\/p>\n<p><strong>Papel de las nuevas plataformas vacunales<\/strong><\/p>\n<p>El comit\u00e9 tambi\u00e9n analiza el papel de las <strong>diferentes plataformas vacunales<\/strong>. Las vacunas de ARNm han sido la base de la estrategia hasta la fecha, aunque sus <strong>requisitos de conservaci\u00f3n<\/strong> han condicionado su uso principalmente a campa\u00f1as concentradas en el tiempo.<\/p>\n<p>Las <strong>vacunas proteicas<\/strong>, autorizadas a partir de los <strong>12 a\u00f1os<\/strong>, podr\u00edan ofrecer ventajas log\u00edsticas y, potencialmente, una <strong>protecci\u00f3n m\u00e1s duradera<\/strong>, lo que abre la puerta a su consideraci\u00f3n en futuras estrategias, siempre en funci\u00f3n de la evidencia disponible.<\/p>\n<p>En conjunto, el CAV-AEP defiende una <strong>estrategia de vacunaci\u00f3n frente a la covid-19 en ni\u00f1os y adolescentes din\u00e1mica<\/strong>, adaptada a la evoluci\u00f3n epidemiol\u00f3gica, a la duraci\u00f3n real de la protecci\u00f3n vacunal y a las caracter\u00edsticas cl\u00ednicas de cada paciente.<\/p>\n<p>En este contexto, el comit\u00e9 considera razonable <strong>valorar pautas m\u00e1s flexibles y refuerzos adicionales<\/strong> en aquellos ni\u00f1os y adolescentes con <strong>inmunosupresi\u00f3n grave<\/strong>, con el objetivo de mantener una protecci\u00f3n adecuada frente a la enfermedad grave, sin extender recomendaciones universales que no aporten un beneficio claro en poblaci\u00f3n sana.<\/p>\n<p>La reflexi\u00f3n se alinea as\u00ed con un enfoque cada vez m\u00e1s <strong>individualizado y prudente<\/strong> de la vacunaci\u00f3n pedi\u00e1trica frente a la covid-19, centrado en proteger a los m\u00e1s vulnerables y en ajustar las recomendaciones a la mejor evidencia cient\u00edfica disponible.<\/p>\n","protected":false},"excerpt":{"rendered":"El Comit\u00e9 Asesor de Vacunas de la Asociaci\u00f3n Espa\u00f1ola de Pediatr\u00eda (CAV-AEP) considera conveniente valorar pautas vacunales frente&hellip;\n","protected":false},"author":2,"featured_media":291632,"comment_status":"","ping_status":"","sticky":false,"template":"","format":"standard","meta":{"footnotes":""},"categories":[92],"tags":[69868,2272,25,24,165,1373,17168,597,166,1452,23,1454],"class_list":{"0":"post-291631","1":"post","2":"type-post","3":"status-publish","4":"format-standard","5":"has-post-thumbnail","7":"category-salud","8":"tag-asociacion-espanola-de-pediatria-aep","9":"tag-covid-19","10":"tag-es","11":"tag-espana","12":"tag-health","13":"tag-infeccion","14":"tag-pediatria","15":"tag-prevencion","16":"tag-salud","17":"tag-salud-publica","18":"tag-spain","19":"tag-vacunas"},"share_on_mastodon":{"url":"https:\/\/pubeurope.com\/@es\/115730672890550344","error":""},"_links":{"self":[{"href":"https:\/\/www.europesays.com\/es\/wp-json\/wp\/v2\/posts\/291631","targetHints":{"allow":["GET"]}}],"collection":[{"href":"https:\/\/www.europesays.com\/es\/wp-json\/wp\/v2\/posts"}],"about":[{"href":"https:\/\/www.europesays.com\/es\/wp-json\/wp\/v2\/types\/post"}],"author":[{"embeddable":true,"href":"https:\/\/www.europesays.com\/es\/wp-json\/wp\/v2\/users\/2"}],"replies":[{"embeddable":true,"href":"https:\/\/www.europesays.com\/es\/wp-json\/wp\/v2\/comments?post=291631"}],"version-history":[{"count":0,"href":"https:\/\/www.europesays.com\/es\/wp-json\/wp\/v2\/posts\/291631\/revisions"}],"wp:featuredmedia":[{"embeddable":true,"href":"https:\/\/www.europesays.com\/es\/wp-json\/wp\/v2\/media\/291632"}],"wp:attachment":[{"href":"https:\/\/www.europesays.com\/es\/wp-json\/wp\/v2\/media?parent=291631"}],"wp:term":[{"taxonomy":"category","embeddable":true,"href":"https:\/\/www.europesays.com\/es\/wp-json\/wp\/v2\/categories?post=291631"},{"taxonomy":"post_tag","embeddable":true,"href":"https:\/\/www.europesays.com\/es\/wp-json\/wp\/v2\/tags?post=291631"}],"curies":[{"name":"wp","href":"https:\/\/api.w.org\/{rel}","templated":true}]}}