{"id":291653,"date":"2025-12-16T18:56:25","date_gmt":"2025-12-16T18:56:25","guid":{"rendered":"https:\/\/www.europesays.com\/es\/291653\/"},"modified":"2025-12-16T18:56:25","modified_gmt":"2025-12-16T18:56:25","slug":"las-guerreras-k-pop-dominan-el-ranking-de-juguetes-navidenos","status":"publish","type":"post","link":"https:\/\/www.europesays.com\/es\/291653\/","title":{"rendered":"Las Guerreras K-pop dominan el ranking de juguetes navide\u00f1os"},"content":{"rendered":"<p class=\"article-body__paragraph\">Mercado Libre revel\u00f3 su ranking previo a Navidad y el fen\u00f3meno de <b>Las Guerreras K-pop<\/b> marca el ritmo del consumo infantil. La franquicia, impulsada por una pel\u00edcula r\u00e9cord en Netflix, lidera distintas categor\u00edas en ventas nacionales.<\/p>\n<p class=\"article-body__paragraph\">El <b>Tigre Derpy<\/b> es el peluche m\u00e1s vendido del pa\u00eds, sosteniendo el primer lugar durante semanas. Su popularidad muestra c\u00f3mo la est\u00e9tica del K-pop lleg\u00f3 a los regalos infantiles y transform\u00f3 prioridades de compra.<\/p>\n<p class=\"article-body__paragraph\">En disfraces, los trajes de concierto y cosplay de<b> Rumi, Mira y Zoey <\/b>entraron al Top 5, compartiendo espacio con \u00edconos navide\u00f1os como el viejo pascuero y el Grinch. El K-pop disputa terreno con tradiciones instaladas.<\/p>\n<p class=\"article-body__paragraph\">Las mu\u00f1ecas tambi\u00e9n reflejan la tendencia: el <a href=\"https:\/\/www.mercadolibre.cl\/set-de-munecas-k-pop-cazadora-de-demonios-3-piezas\/p\/MLC2045241603\" target=\"_blank\" rel=\"noreferrer nofollow noopener\" title=\"https:\/\/www.mercadolibre.cl\/set-de-munecas-k-pop-cazadora-de-demonios-3-piezas\/p\/MLC2045241603\">set \u201cK-pop Cazadora de Demonios\u201d<\/a> figura entre los m\u00e1s vendidos, conviviendo con reborn y l\u00edneas Barbie que mantienen fuerza en esta temporada alta de ventas.<\/p>\n<p class=\"article-body__paragraph\">El ranking evidencia, adem\u00e1s, el regreso de cl\u00e1sicos:<b> Hot Wheels, scooters con luces LED, pelotas luminosas y peluches de Sonic o Stitch <\/b>est\u00e1n entre los art\u00edculos m\u00e1s deseados por las familias en diciembre.<\/p>\n<p class=\"article-body__paragraph\">\u201cEste a\u00f1o el fen\u00f3meno de Las Guerreras K-pop est\u00e1 marcando completamente las tendencias de Navidad en Mercado Libre\u201d, se\u00f1al\u00f3 Camila Cembrano, destacando que lideran peluches, disfraces y tambi\u00e9n mu\u00f1ecas.<\/p>\n<p class=\"article-body__paragraph\">Seg\u00fan la ejecutiva, se trata de un fen\u00f3meno transversal, donde ni\u00f1as y ni\u00f1os buscan productos ligados a una pel\u00edcula que se volvi\u00f3 \u00e9xito global, con millones de visionados y fuerte presencia en m\u00fasica y salas.<\/p>\n<p class=\"article-body__paragraph\">Mercado Libre remarc\u00f3 que su red log\u00edstica \u2014incluyendo almacenaje, distribuci\u00f3n y alternativas como Places y Extra\u2014 permite atender vol\u00famenes altos, con entregas r\u00e1pidas incluso en regiones extremas del pa\u00eds.<\/p>\n<p class=\"article-body__paragraph\">As\u00ed, la plataforma se prepara para un cierre de a\u00f1o dominado por el K-pop, donde la convergencia cultural entre cine, m\u00fasica y juguetes redefine qu\u00e9 eligen los menores en la vitrina digital previa a Navidad.<\/p>\n","protected":false},"excerpt":{"rendered":"Mercado Libre revel\u00f3 su ranking previo a Navidad y el fen\u00f3meno de Las Guerreras K-pop marca el ritmo&hellip;\n","protected":false},"author":2,"featured_media":291654,"comment_status":"","ping_status":"","sticky":false,"template":"","format":"standard","meta":{"footnotes":""},"categories":[170],"tags":[146,147,25,24,31343,39943,184,185,2951,23],"class_list":{"0":"post-291653","1":"post","2":"type-post","3":"status-publish","4":"format-standard","5":"has-post-thumbnail","7":"category-musica","8":"tag-entertainment","9":"tag-entretenimiento","10":"tag-es","11":"tag-espana","12":"tag-las-guerreras-k-pop","13":"tag-mercado-libre","14":"tag-music","15":"tag-musica","16":"tag-navidad","17":"tag-spain"},"share_on_mastodon":{"url":"https:\/\/pubeurope.com\/@es\/115730775120724312","error":""},"_links":{"self":[{"href":"https:\/\/www.europesays.com\/es\/wp-json\/wp\/v2\/posts\/291653","targetHints":{"allow":["GET"]}}],"collection":[{"href":"https:\/\/www.europesays.com\/es\/wp-json\/wp\/v2\/posts"}],"about":[{"href":"https:\/\/www.europesays.com\/es\/wp-json\/wp\/v2\/types\/post"}],"author":[{"embeddable":true,"href":"https:\/\/www.europesays.com\/es\/wp-json\/wp\/v2\/users\/2"}],"replies":[{"embeddable":true,"href":"https:\/\/www.europesays.com\/es\/wp-json\/wp\/v2\/comments?post=291653"}],"version-history":[{"count":0,"href":"https:\/\/www.europesays.com\/es\/wp-json\/wp\/v2\/posts\/291653\/revisions"}],"wp:featuredmedia":[{"embeddable":true,"href":"https:\/\/www.europesays.com\/es\/wp-json\/wp\/v2\/media\/291654"}],"wp:attachment":[{"href":"https:\/\/www.europesays.com\/es\/wp-json\/wp\/v2\/media?parent=291653"}],"wp:term":[{"taxonomy":"category","embeddable":true,"href":"https:\/\/www.europesays.com\/es\/wp-json\/wp\/v2\/categories?post=291653"},{"taxonomy":"post_tag","embeddable":true,"href":"https:\/\/www.europesays.com\/es\/wp-json\/wp\/v2\/tags?post=291653"}],"curies":[{"name":"wp","href":"https:\/\/api.w.org\/{rel}","templated":true}]}}