{"id":291666,"date":"2025-12-16T19:04:22","date_gmt":"2025-12-16T19:04:22","guid":{"rendered":"https:\/\/www.europesays.com\/es\/291666\/"},"modified":"2025-12-16T19:04:22","modified_gmt":"2025-12-16T19:04:22","slug":"ee-uu-designa-al-clan-del-golfo-colombiano-como-grupo-terrorista","status":"publish","type":"post","link":"https:\/\/www.europesays.com\/es\/291666\/","title":{"rendered":"EE. UU. designa al Clan del Golfo colombiano como grupo terrorista"},"content":{"rendered":"<p>El Gobierno de Estados Unidos ha designado este martes al <strong>Clan del Golfo<\/strong>, considerada la mayor banda criminal colombiana, como una <strong>organizaci\u00f3n terrorista extranjera<\/strong>. <\/p>\n<p>En un comunicado, el secretario de Estado estadounidense, Marco Rubio, ha calificado al grupo como una \u00aborganizaci\u00f3n criminal violenta y poderosa\u00bb, y le acusa de que su principal fuente de ingresos es el<strong> tr\u00e1fico de coca\u00edna<\/strong> y ser responsable de <strong>atentados terroristas en Colombia<\/strong>. \u00abEstados Unidos seguir\u00e1 utilizando todas las herramientas disponibles para proteger a nuestra naci\u00f3n y detener las campa\u00f1as de violencia y terror perpetradas por c\u00e1rteles internacionales y organizaciones criminales transnacionales\u00bb, ha declarado Rubio. <\/p>\n<p>El Clan del Golfo es uno de los grupos armados m\u00e1s poderosos en Colombia y cuenta con cerca de <strong>9.000 integrantes<\/strong>. Surgi\u00f3 en 2006 tras la desmovilizaci\u00f3n del grupo paramilitar <strong>Autodefensas Unidas de Colombia<\/strong> (AUC). <\/p>\n<p>La Administraci\u00f3n Biden ya hab\u00eda<strong> sancionado a los principales l\u00edderes<\/strong> del Clan del Golfo, que en los \u00faltimos a\u00f1os ha comenzado a autodenominarse &#8216;Ej\u00e9rcito Gaitanista de Colombia&#8217;.<\/p>\n<p>Tensiones en el mar Caribe<\/p>\n<p>Esta designaci\u00f3n coincide con un <strong>momento tenso en las relaciones entre Estados Unidos y Colombia<\/strong>, tras el amplio despliegue militar estadounidense en el Caribe como parte de la campa\u00f1a contra el narcotr\u00e1fico de Washington.<\/p>\n<p>Desde el regreso de Trump a la Casa Blanca, Washington ha designado como terroristas a los <strong>seis principales carteles mexicanos<\/strong>: el Cartel de Sinaloa, el Cartel Jalisco Nueva Generaci\u00f3n (CJNG), el Cartel del Noreste, el Cartel del Golfo, Carteles Unidos y la Nueva Familia Mexicana.<\/p>\n<p>El mandatario estadounidense ha replicado esta misma estrategia con <strong>bandas transnacionales<\/strong> como Tren de Agua, la Mara Salvatrucha (MS-13) y Barrio 18, adem\u00e1s de las ecuatorianas Los Lobos y Los Choneros, y el venezolano <strong>Cartel de los Soles<\/strong>, que seg\u00fan la Administraci\u00f3n Trump estar\u00eda liderado por el presidente venezolano, Nicol\u00e1s Maduro. Una afirmaci\u00f3n que Caracas rechaza.<\/p>\n<p>La designaci\u00f3n como entidad terrorista tiene efectos legales muy amplios en Estados Unidos, que van desde la congelaci\u00f3n de fondos hasta el procesamiento penal por apoyo indirecto o directo a esas organizaciones. <\/p>\n<p>Bogot\u00e1 quiere solucionar el conflicto antes de las elecciones<\/p>\n<p>El Clan del Golfo y el presidente de Colombia, Gustavo Petro, iniciaron conversaciones en septiembre en Qatar como parte de un <strong>plan para pacificar el pa\u00eds<\/strong> tras seis d\u00e9cadas de conflicto armado e inestabilidad en el pa\u00eds. Este proceso est\u00e1 supervisado por Qatar, Espa\u00f1a, Noruega y Suiza como pa\u00edses mediadores. <\/p>\n<p>En estas negociaciones, el Ejecutivo colombiano ha presionado para que los principales l\u00edderes de la organizaci\u00f3n cumplan <strong>penas de prisi\u00f3n<\/strong>, seg\u00fan ha confirmado un jefe negociador del Gobierno a Reuters. Adem\u00e1s, el Gobierno se ha mostrado partidario de las que las conversaciones avancen de forma significativa antes de la celebraci\u00f3n de las <strong>elecciones presidenciales colombianas en 2026<\/strong>.<\/p>\n<p>La primera ronda concluy\u00f3 con un pacto que contempla una<strong> etapa inicial de \u00abconstrucci\u00f3n de confianza\u00bb<\/strong>. Ambas partes anunciaron el pasado 5 de diciembre la creaci\u00f3n de <strong>tres zonas especiales<\/strong> en el norte y oeste colombianas para ubicar temporalmente, a partir del mes de marzo de 2026, a combatientes de la organizaci\u00f3n. <\/p>\n<p>En los \u00faltimos a\u00f1os, el Clan del Golfo ha buscado posicionarse como una entidad pol\u00edtica similar a otros grupos armados colombianos, pero <strong>sin objetivos pol\u00edticos concretos<\/strong>.<\/p>\n","protected":false},"excerpt":{"rendered":"El Gobierno de Estados Unidos ha designado este martes al Clan del Golfo, considerada la mayor banda criminal&hellip;\n","protected":false},"author":2,"featured_media":291667,"comment_status":"","ping_status":"","sticky":false,"template":"","format":"standard","meta":{"footnotes":""},"categories":[42],"tags":[17,18,13,14,11,61,62,63,64,19,20,9,10,15,16,12,21,22,65,66,67],"class_list":{"0":"post-291666","1":"post","2":"type-post","3":"status-publish","4":"format-standard","5":"has-post-thumbnail","7":"category-internacional","8":"tag-breaking-news","9":"tag-breakingnews","10":"tag-featured-news","11":"tag-featurednews","12":"tag-headlines","13":"tag-internacional","14":"tag-international","15":"tag-international-news","16":"tag-internationalnews","17":"tag-latest-news","18":"tag-latestnews","19":"tag-news","20":"tag-noticias","21":"tag-noticias-destacadas","22":"tag-noticiasdestacadas","23":"tag-titulares","24":"tag-ultimas-noticias","25":"tag-ultimasnoticias","26":"tag-world","27":"tag-world-news","28":"tag-worldnews"},"share_on_mastodon":{"url":"https:\/\/pubeurope.com\/@es\/115730806421344049","error":""},"_links":{"self":[{"href":"https:\/\/www.europesays.com\/es\/wp-json\/wp\/v2\/posts\/291666","targetHints":{"allow":["GET"]}}],"collection":[{"href":"https:\/\/www.europesays.com\/es\/wp-json\/wp\/v2\/posts"}],"about":[{"href":"https:\/\/www.europesays.com\/es\/wp-json\/wp\/v2\/types\/post"}],"author":[{"embeddable":true,"href":"https:\/\/www.europesays.com\/es\/wp-json\/wp\/v2\/users\/2"}],"replies":[{"embeddable":true,"href":"https:\/\/www.europesays.com\/es\/wp-json\/wp\/v2\/comments?post=291666"}],"version-history":[{"count":0,"href":"https:\/\/www.europesays.com\/es\/wp-json\/wp\/v2\/posts\/291666\/revisions"}],"wp:featuredmedia":[{"embeddable":true,"href":"https:\/\/www.europesays.com\/es\/wp-json\/wp\/v2\/media\/291667"}],"wp:attachment":[{"href":"https:\/\/www.europesays.com\/es\/wp-json\/wp\/v2\/media?parent=291666"}],"wp:term":[{"taxonomy":"category","embeddable":true,"href":"https:\/\/www.europesays.com\/es\/wp-json\/wp\/v2\/categories?post=291666"},{"taxonomy":"post_tag","embeddable":true,"href":"https:\/\/www.europesays.com\/es\/wp-json\/wp\/v2\/tags?post=291666"}],"curies":[{"name":"wp","href":"https:\/\/api.w.org\/{rel}","templated":true}]}}