{"id":291677,"date":"2025-12-16T19:21:15","date_gmt":"2025-12-16T19:21:15","guid":{"rendered":"https:\/\/www.europesays.com\/es\/291677\/"},"modified":"2025-12-16T19:21:15","modified_gmt":"2025-12-16T19:21:15","slug":"preocupacion-por-el-estado-de-salud-de-anita-williams-no-se-lo-deseo-ni-a-mi-peor-enemigo","status":"publish","type":"post","link":"https:\/\/www.europesays.com\/es\/291677\/","title":{"rendered":"Preocupaci\u00f3n por el estado de salud de Anita Williams: \u201cNo se lo deseo ni a mi peor enemigo\u201d"},"content":{"rendered":"<p class=\"\"><b>Anita Williams vuelve a situarse en el centro del foco medi\u00e1tico<\/b>. Las \u00faltimas horas no han sido precisamente f\u00e1ciles para la <b>exconcursante de \u2018La isla de las tentaciones\u2019 y \u2018Supervivientes\u2019<\/b>, ya que, tal y como ha explicado en sus redes sociales, m\u00e1s concretamente Instagram, ha tenido que <b>acudir a urgencias a causa de un problema de salud<\/b>.<\/p>\n<p class=\"\">Todo comenz\u00f3 cuando, a <b>\u00faltima hora de la tarde del lunes 15 de diciembre<\/b>, la expareja de Montoya public\u00f3 un par de \u2018stories\u2019 en los que mostraba la imagen de un term\u00f3metro que indicaba su temperatura corporal: <b>42\u00ba de fiebre<\/b>. <b>\u201cNo puedo m\u00e1s, me estoy yendo al m\u00e9dico, no preocuparse\u201d<\/b>, fueron las palabras de auxilio con las que la joven acompa\u00f1\u00f3 ambas instant\u00e1neas.<\/p>\n<p><img decoding=\"async\" src=\"https:\/\/www.europesays.com\/es\/wp-content\/uploads\/2025\/12\/IC7S5MTGXBBV5DUIOZYCCCLQ5E.jpg\" alt=\"Preocupaci\u00f3n por el estado de salud de Anita Williams: \u201cNo se lo deseo ni a mi peor enemigo\u201d\" height=\"799\" width=\"502\"   loading=\"lazy\"\/>@_anitawilliams<\/p>\n<p class=\"\">Y es que, tal y como apuntan expertos y profesionales de la salud en diversos foros y espacios web especializados en la tem\u00e1tica, <b>una fiebre superior a los 39,5\u00baC en adultos ya puede ser calificada como peligrosa<\/b>. En el caso de Anita Williams, que superaba con cierta holgura la barrera de los 40, ya es considerada como <b>\u201cextremadamente alta\u201d y requiere de atenci\u00f3n m\u00e9dica inmediata<\/b>.<\/p>\n<p>\u201cMe han dicho que es gripe A\u201d<\/p>\n<p class=\"\">Tras su paso por urgencias, la televisiva volvi\u00f3 a acudir a su cuenta de Instagram para calmar a sus seguidores y revelar su diagn\u00f3stico: <b>\u201cAcabo de salir amores, me han dicho que es gripe A, hemos conseguido disminuir la fiebre pero nada, a tomar medicina cada 12 horas\u201d,<\/b> afirm\u00f3.<\/p>\n<p>Noticias relacionadas<a href=\"https:\/\/as.com\/tikitakas\/famosos\/kiko-matamoros-confiesa-su-recaida-en-las-drogas-volvi-a-caer-20-dias-despues-de-supervivientes-f202512-n\/\" class=\"s_m_w\" title=\"El ya excolaborador de \u2018No somos nadie\u2019 habla como nunca sobre su adicci\u00f3n a la coca\u00edna y su nuevo proyecto para ayudar a drogodependientes.\" data-tb-link=\"\" rel=\"nofollow noopener\" target=\"_blank\"><img decoding=\"async\" src=\"https:\/\/www.europesays.com\/es\/wp-content\/uploads\/2025\/12\/1765912873_191_SRYIARWPFJGHLJTKKAR6HE6ZHY.jpg\" alt=\"Kiko Matamoros confiesa su reca\u00edda en las drogas: \u201cVolv\u00ed a caer 20 d\u00edas despu\u00e9s de \u2018Supervivientes\u2019\u201d \" class=\"\" height=\"9\" width=\"16\"   loading=\"lazy\" data-tb-thumbnail=\"\"\/><\/a><a href=\"https:\/\/as.com\/tikitakas\/famosos\/el-recado-de-malu-a-albert-rivera-estamos-continuamente-peleando-f202512-n\/\" class=\"s_m_w\" title=\"La cantante pas\u00f3 anoche por \u2018El Hormiguero\u2019, donde habl\u00f3 con Pablo Motos sobre el final de las relaciones amorosas. \" data-tb-link=\"\" rel=\"nofollow noopener\" target=\"_blank\"><img decoding=\"async\" src=\"https:\/\/www.europesays.com\/es\/wp-content\/uploads\/2025\/12\/4DQ4EEJGL5DEVFLOJHH2JPAZRU.jpg\" alt=\"El recado de Mal\u00fa a Albert Rivera: \u201cEstamos continuamente peleando\u201d\" class=\"\" height=\"9\" width=\"16\"   loading=\"lazy\" data-tb-thumbnail=\"\"\/><\/a><\/p>\n<p class=\"\"><b>\u201cLa sensaci\u00f3n con esa fiebre tan alta no se la deseo ni a mi peor enemigo\u201d<\/b>, contin\u00fao. Para terminar, la catalana comparti\u00f3 algunos detalles sobre su futuro m\u00e1s cercano, en el que parece que estar\u00e1 centrada en recuperar su salud al 100%: <b>\u201cVoy a recuperarme y a hacer un detox de todo en general, incluido redes hasta que est\u00e9 mejor, os quiero. En teor\u00eda me han dicho cinco d\u00edas, veremos lo que me dura\u201d<\/b>, concluy\u00f3.<\/p>\n<p class=\"\"><b>\u00a1Tus opiniones importan!<\/b> Comenta en los art\u00edculos y suscr\u00edbete gratis a nuestra <a href=\"https:\/\/asfan.as.com\/newsletters\/\" target=\"_blank\" rel=\"nofollow noopener\" title=\"https:\/\/asfan.as.com\/newsletters\/\">newsletter<\/a> y a las alertas informativas en la <a href=\"https:\/\/as.com\/aplicacion-de-as-n\/\" target=\"_blank\" rel=\"nofollow noopener\" title=\"https:\/\/as.com\/aplicacion-de-as-n\/\">App<\/a> o el canal de <a href=\"https:\/\/www.whatsapp.com\/channel\/0029VaAasdA7j6g745nz9M10\" target=\"_blank\" rel=\"nofollow noopener\" title=\"https:\/\/www.whatsapp.com\/channel\/0029VaAasdA7j6g745nz9M10\">WhatsApp<\/a>. \u00bfBuscas licenciar contenido? Haz clic <a href=\"https:\/\/profesional.elpais.com\/soluciones-sindicacion?utm_medium=interno&amp;utm_source=crosslinking&amp;utm_campaign=sindicacion_as_pie_articulos\" target=\"_blank\" rel=\"nofollow noopener\" title=\"https:\/\/profesional.elpais.com\/soluciones-sindicacion?utm_medium=interno&amp;utm_source=crosslinking&amp;utm_campaign=sindicacion_as_pie_articulos\">aqu\u00ed<\/a><\/p>\n","protected":false},"excerpt":{"rendered":"Anita Williams vuelve a situarse en el centro del foco medi\u00e1tico. Las \u00faltimas horas no han sido precisamente&hellip;\n","protected":false},"author":2,"featured_media":186288,"comment_status":"","ping_status":"","sticky":false,"template":"","format":"standard","meta":{"footnotes":""},"categories":[174],"tags":[255,146,147,25,24,256,23],"class_list":{"0":"post-291677","1":"post","2":"type-post","3":"status-publish","4":"format-standard","5":"has-post-thumbnail","7":"category-famosos","8":"tag-celebrities","9":"tag-entertainment","10":"tag-entretenimiento","11":"tag-es","12":"tag-espana","13":"tag-famosos","14":"tag-spain"},"share_on_mastodon":{"url":"https:\/\/pubeurope.com\/@es\/115730873925433937","error":""},"_links":{"self":[{"href":"https:\/\/www.europesays.com\/es\/wp-json\/wp\/v2\/posts\/291677","targetHints":{"allow":["GET"]}}],"collection":[{"href":"https:\/\/www.europesays.com\/es\/wp-json\/wp\/v2\/posts"}],"about":[{"href":"https:\/\/www.europesays.com\/es\/wp-json\/wp\/v2\/types\/post"}],"author":[{"embeddable":true,"href":"https:\/\/www.europesays.com\/es\/wp-json\/wp\/v2\/users\/2"}],"replies":[{"embeddable":true,"href":"https:\/\/www.europesays.com\/es\/wp-json\/wp\/v2\/comments?post=291677"}],"version-history":[{"count":0,"href":"https:\/\/www.europesays.com\/es\/wp-json\/wp\/v2\/posts\/291677\/revisions"}],"wp:featuredmedia":[{"embeddable":true,"href":"https:\/\/www.europesays.com\/es\/wp-json\/wp\/v2\/media\/186288"}],"wp:attachment":[{"href":"https:\/\/www.europesays.com\/es\/wp-json\/wp\/v2\/media?parent=291677"}],"wp:term":[{"taxonomy":"category","embeddable":true,"href":"https:\/\/www.europesays.com\/es\/wp-json\/wp\/v2\/categories?post=291677"},{"taxonomy":"post_tag","embeddable":true,"href":"https:\/\/www.europesays.com\/es\/wp-json\/wp\/v2\/tags?post=291677"}],"curies":[{"name":"wp","href":"https:\/\/api.w.org\/{rel}","templated":true}]}}