{"id":291686,"date":"2025-12-16T19:30:09","date_gmt":"2025-12-16T19:30:09","guid":{"rendered":"https:\/\/www.europesays.com\/es\/291686\/"},"modified":"2025-12-16T19:30:09","modified_gmt":"2025-12-16T19:30:09","slug":"gobierno-de-espana-mucho-pico-y-poca-bici","status":"publish","type":"post","link":"https:\/\/www.europesays.com\/es\/291686\/","title":{"rendered":"Gobierno de Espa\u00f1a: mucho pico y poca bici"},"content":{"rendered":"<p><strong>&gt;&gt; Puedes escuchar el podcast<\/strong> en <a href=\"https:\/\/go.ivoox.com\/rf\/164394367\" rel=\"nofollow noopener\" target=\"_blank\"><strong>Ivoox<\/strong><\/a>, <a href=\"https:\/\/open.spotify.com\/show\/0IQu556LiZuPiVFRdOtjTQ\" rel=\"nofollow noopener\" target=\"_blank\"><strong>Spotify<\/strong><\/a>, <a href=\"https:\/\/podcasts.apple.com\/es\/podcast\/mtbpro-y-maillot-mag-podcast\/id1479836066\" rel=\"nofollow noopener\" target=\"_blank\"><strong>iTunes<\/strong><\/a> y en las aplicaciones de <a href=\"https:\/\/podcasts.apple.com\/es\/podcast\/cannondale-superx-la-falta-de-criterio-de-la\/id1479836066?i=1000693058625\" rel=\"nofollow noopener\" target=\"_blank\"><strong>iOS<\/strong><\/a> y <strong>Android<\/strong>.<\/p>\n<p>Con el a\u00f1o a punto de terminar, esta semana nos hemos preguntado <strong>en qu\u00e9 han quedado todos los planes del Gobierno que hab\u00eda en torno a la bicicleta<\/strong>. Realmente llevamos muchas semanas, incluso meses, con esta pregunta, pero con el 31 de diciembre a la vista ha sido el momento en el que analizamos las medidas y los resultados, lo que se ha pedido por el camino y lanzamos el debate.<\/p>\n<p>Para ello lo hacemos con datos, con las noticias que hemos ido publicando a lo largo de estos a\u00f1os y viendo el desenlace que han tenido. Comparamos la efectividad de unas medidas indirectas y a veces arbitrarias, que por otro lado al final su implantaci\u00f3n queda en manos de las administraciones locales con las ayudas directas y los planes estatales para la industria del autom\u00f3vil. Tampoco rehuimos si <strong>bajar el IVA de las bicicletas a un tipo reducido ser\u00eda una medida que potenciase aun m\u00e1s su venta y uso<\/strong> como ha sucedido en Portugal.<\/p>\n<p>Pero tambi\u00e9n ha habido actualidad, y ha estado marcada por la <a href=\"https:\/\/www.maillotmag.com\/afondo\/las-5-claves-de-la-nueva-factor-one-es-tan-revolucionaria\" rel=\"nofollow noopener\" target=\"_blank\"><strong>nueva Factor One<\/strong><\/a>, una bici que no ha dejado indiferente a nadie por su <strong>dise\u00f1o atrevido y hasta cierto punto revolucionario<\/strong>. Un dise\u00f1o que, por otro lado, ha sido posible por la relajaci\u00f3n de las medidas de dise\u00f1o por parte de la UCI, porque no hay que olvidar que esta bici, bueno un prototipo bastante parecido a lo que ha sido el resultado final, lo vimos en el Crit\u00e9rium du Dauphin\u00e9 y que incluso se llev\u00f3 una victoria de etapa, pero luego fue \u201cbaneada\u201d.<\/p>\n<p>Otra novedad que hemos tenido ha sido el <a href=\"https:\/\/www.maillotmag.com\/actualidad\/mas-opciones-wireless-y-mas-asequibles-en-shimano-grx-con-los-nuevos-componentes-rx717\" rel=\"nofollow noopener\" target=\"_blank\"><strong>nuevo Shimano GRX RX717<\/strong><\/a>, una <strong>versi\u00f3n m\u00e1s econ\u00f3mica del GRX Di2<\/strong> que permite acceder a un grupo gravel electr\u00f3nico e inal\u00e1mbrico de forma m\u00e1s econ\u00f3mica y que nos permite configuraciones de 1&#215;12 y 2&#215;12. Y el <a href=\"https:\/\/www.mtbpro.es\/actualidad\/canyon-deflectr-el-primer-casco-trail-de-la-marca-nace-con-5-estrellas-de-calificacion\" rel=\"nofollow noopener\" target=\"_blank\"><strong>nuevo casco Canyon Deflectr<\/strong><\/a>, con la <strong>tecnolog\u00eda patentada RLS<\/strong> con una membrana de liberaci\u00f3n que consiste en una capa de rodamientos de policarbonato y con el cierre de ebilla HighBar. Este casco ha conseguido 5 estrellas en los test de seguridad de Virginia Tech.<\/p>\n<p><strong>\u00bfQuieres estar al tanto de todas las novedades de MTBpro?<\/strong><br \/><a href=\"https:\/\/www.mtbpro.es\/suscribete\/\" rel=\"nofollow noopener\" target=\"_blank\">Suscribete a nuestro newsletter<\/a> para no perderte el mejor contenido relevante, novedades, opini\u00f3n, podcast, etc.<\/p>\n","protected":false},"excerpt":{"rendered":"&gt;&gt; Puedes escuchar el podcast en Ivoox, Spotify, iTunes y en las aplicaciones de iOS y Android. Con&hellip;\n","protected":false},"author":2,"featured_media":291687,"comment_status":"","ping_status":"","sticky":false,"template":"","format":"standard","meta":{"footnotes":""},"categories":[81],"tags":[26371,119,123,124,26372,26370,25,24,12970,2667,117,121,122,23,118,120,18042,26368,26369],"class_list":{"0":"post-291686","1":"post","2":"type-post","3":"status-publish","4":"format-standard","5":"has-post-thumbnail","7":"category-ciencia-y-tecnologia","8":"tag-all-mountain","9":"tag-ciencia","10":"tag-ciencia-y-tecnologia","11":"tag-cienciaytecnologia","12":"tag-e-bikes","13":"tag-enduro","14":"tag-es","15":"tag-espana","16":"tag-mtb","17":"tag-podcast","18":"tag-science","19":"tag-science-and-technology","20":"tag-scienceandtechnology","21":"tag-spain","22":"tag-technology","23":"tag-tecnologia","24":"tag-trail","25":"tag-xc","26":"tag-xcm"},"share_on_mastodon":{"url":"https:\/\/pubeurope.com\/@es\/115730908667021373","error":""},"_links":{"self":[{"href":"https:\/\/www.europesays.com\/es\/wp-json\/wp\/v2\/posts\/291686","targetHints":{"allow":["GET"]}}],"collection":[{"href":"https:\/\/www.europesays.com\/es\/wp-json\/wp\/v2\/posts"}],"about":[{"href":"https:\/\/www.europesays.com\/es\/wp-json\/wp\/v2\/types\/post"}],"author":[{"embeddable":true,"href":"https:\/\/www.europesays.com\/es\/wp-json\/wp\/v2\/users\/2"}],"replies":[{"embeddable":true,"href":"https:\/\/www.europesays.com\/es\/wp-json\/wp\/v2\/comments?post=291686"}],"version-history":[{"count":0,"href":"https:\/\/www.europesays.com\/es\/wp-json\/wp\/v2\/posts\/291686\/revisions"}],"wp:featuredmedia":[{"embeddable":true,"href":"https:\/\/www.europesays.com\/es\/wp-json\/wp\/v2\/media\/291687"}],"wp:attachment":[{"href":"https:\/\/www.europesays.com\/es\/wp-json\/wp\/v2\/media?parent=291686"}],"wp:term":[{"taxonomy":"category","embeddable":true,"href":"https:\/\/www.europesays.com\/es\/wp-json\/wp\/v2\/categories?post=291686"},{"taxonomy":"post_tag","embeddable":true,"href":"https:\/\/www.europesays.com\/es\/wp-json\/wp\/v2\/tags?post=291686"}],"curies":[{"name":"wp","href":"https:\/\/api.w.org\/{rel}","templated":true}]}}