{"id":291694,"date":"2025-12-16T19:44:16","date_gmt":"2025-12-16T19:44:16","guid":{"rendered":"https:\/\/www.europesays.com\/es\/291694\/"},"modified":"2025-12-16T19:44:16","modified_gmt":"2025-12-16T19:44:16","slug":"carlos-alcaraz-jugara-el-barcelona-open-2026","status":"publish","type":"post","link":"https:\/\/www.europesays.com\/es\/291694\/","title":{"rendered":"Carlos Alcaraz jugar\u00e1 el Barcelona Open 2026"},"content":{"rendered":"<p>    Compartir  <\/p>\n<p class=\"_container_r6ld5_1 _container_1uguc_1 &#10;    color_eta\"><strong>Carlos Alcaraz<\/strong>, <a href=\"https:\/\/www.eldesmarque.com\/tenis\/20251116\/jannik-sinner-rinde-carlos-alcaraz-turin-mereces-numero-uno_18_017676131.html#utm_source=cuerpo&amp;utm_medium=articulo\" rel=\"nofollow noopener\" target=\"_blank\">n\u00famero 1 del ranking mundial<\/a>, ha confirmado este martes su participaci\u00f3n en el <strong>Barcelona Open Banc Sabadell-Trofeo Conde de God\u00f3 de 2026<\/strong>, el ATP 500 que se disputar\u00e1 en el Real Club de Tenis Barcelona-1899 del 11 al 19 de abril.<\/p>\n<p class=\"_container_r6ld5_1 _container_1uguc_1 &#10;    color_eta\">\u00abEstoy muy contento de volver a jugar en Barcelona y <strong>pelear por conseguir mi tercer t\u00edtulo<\/strong>. Es un torneo muy especial para m\u00ed, con mucha historia y con una afici\u00f3n incre\u00edble\u00bb, ha afirmado Alcaraz en unas declaraciones difundidas por la organizaci\u00f3n del torneo. En la capital catalana, <a href=\"https:\/\/www.eldesmarque.com\/tenis\/20251119\/carlos-alcaraz-confirma-fecha-marca-propia-nike_18_017676121.html#utm_source=cuerpo&amp;utm_medium=articulo\" rel=\"nofollow noopener\" target=\"_blank\">el murciano buscar\u00e1 su tercer God\u00f3<\/a> tras los conquistados en 2022, ante su compatriota<strong> Pablo Carre\u00f1o<\/strong>, y en 2023, frente al griego <strong>Stefanos Tsitsipas<\/strong>.<\/p>\n<p>PUEDE INTERESARTE<\/p>\n<p class=\"_container_r6ld5_1 _container_1uguc_1 &#10;    color_eta\">Tras causar <strong>baja <\/strong>en <strong>2024 <\/strong>por lesi\u00f3n, Alcaraz a punto estuvo de recuperar el t\u00edtulo el a\u00f1o pasado, pero cay\u00f3 en la final ante el dan\u00e9s Holger Rune, por 7-6 y 6-2. <\/p>\n<p><img decoding=\"async\" alt=\"Carlos Alcaraz.\" class=\"_author_image__full_lbs33_12 _image_thjnc_1\" loading=\"lazy\" title=\"\" src=\"https:\/\/www.europesays.com\/es\/wp-content\/uploads\/2025\/12\/alcaraz-2jpg-jpg-16-9-aspect-ratio-default-0_da39.jpg\" width=\"1920\" height=\"1080\"  \/>EFE. eldesmarque.com<\/p>\n<p class=\"_container_r6ld5_1 _container_1uguc_1 &#10;    color_eta\">Tommy Robredo, director deportivo del Barcelona Open Banc Sabadell, se ha mostrado muy <strong>ilusionado <\/strong>con la participaci\u00f3n, un a\u00f1o m\u00e1s, del tenista de El Palmar. \u00abPara nosotros, es un orgullo tener al mejor jugador del mundo en nuestro torneo. Ya qued\u00f3 claro en los \u00faltimos a\u00f1os que la gente le quiere ver, y poder anunciarlo es <strong>el mejor regalo de Navidad<\/strong> que podemos tener como aficionados al tenis\u00bb, ha declarado.<\/p>\n<p>PUEDE INTERESARTE<\/p>\n<p class=\"_container_r6ld5_1 _container_1uguc_1 &#10;    color_eta\">Y es que, para Robredo, Alcaraz <strong>es \u00abun jugador que hace lo imposible<\/strong>\u00bb y que se puede \u00absacar de la manga unos golpes espectaculares que le hacen ser un jugador diferente al resto\u00bb. En los \u00faltimos a\u00f1os, el God\u00f3 ha servido de trampol\u00edn para descubrir estrellas emergentes del circuito como el propio Carlos Alcaraz, Daniil Medvedev, Stefanos Tsitsipas, Casper Ruud o Holger Rune, que protagonizaron las finales disputadas en 2018, 2019, 2021, 2022, 2023, 2024 y 2025. Todos ellos se han consolidado como tenistas importantes de la ATP.<\/p>\n<p class=\"_container_r6ld5_1 _container_1uguc_1 &#10;    color_eta\">El murciano, de 22 a\u00f1os y que ya ha ganado <strong>24 t\u00edtulos en su carrera<\/strong>, 6 de ellos de Grand Slam, debut\u00f3 por primera vez en las pistas del RCTB-1899 con 11 a\u00f1os y, desde entonces, ha jugado en numerosas ocasiones hasta convertirse en profesional.<\/p>\n<p>PUEDE INTERESARTE<\/p>\n<p class=\"_container_r6ld5_1 _container_1uguc_1 &#10;    color_eta\">Pese a su juventud, Alcaraz ya acumula mucha <strong>experiencia <\/strong>en la arcilla de <strong>Barcelona <\/strong>y eso le convierte en un jugador muy dif\u00edcil de batir. Y es que en 2019, con 15 a\u00f1os, hizo su primera aparici\u00f3n en el Barcelona Open Banc Sabadell gracias a una invitaci\u00f3n de la organizaci\u00f3n para disputar la fase previa, donde cay\u00f3 en su estreno frente al portugu\u00e9s Pedro Sousa.<\/p>\n<p class=\"_container_r6ld5_1 _container_1uguc_1 &#10;    color_eta\">En 2021 debut\u00f3 por primera vez en el cuadro principal con 17 a\u00f1os, cediendo en primera ronda ante el estadounidense <strong>Frances Tiafoe<\/strong>. Y ya al a\u00f1o siguiente, en su segunda participaci\u00f3n en el cuadro principal del abierto barcelon\u00e9s, consigui\u00f3 el t\u00edtulo despu\u00e9s de superar en la final a Carre\u00f1o por 6-3, 6-2. Tras su segundo God\u00f3 ante <strong>Stefanos Tsitsipas<\/strong> (6-3, 6-4) en 2023 u caer en la final de la pasada edici\u00f3n ante <strong>Rune<\/strong>, Alcaraz buscar\u00e1 en este 2026 el triplete en la capital catalana. <\/p>\n","protected":false},"excerpt":{"rendered":"Compartir Carlos Alcaraz, n\u00famero 1 del ranking mundial, ha confirmado este martes su participaci\u00f3n en el Barcelona Open&hellip;\n","protected":false},"author":2,"featured_media":291695,"comment_status":"","ping_status":"","sticky":false,"template":"","format":"standard","meta":{"footnotes":""},"categories":[274],"tags":[168,25,24,23,167,327,326],"class_list":{"0":"post-291694","1":"post","2":"type-post","3":"status-publish","4":"format-standard","5":"has-post-thumbnail","7":"category-tenis","8":"tag-deportes","9":"tag-es","10":"tag-espana","11":"tag-spain","12":"tag-sports","13":"tag-tenis","14":"tag-tennis"},"share_on_mastodon":{"url":"https:\/\/pubeurope.com\/@es\/115730964329924122","error":""},"_links":{"self":[{"href":"https:\/\/www.europesays.com\/es\/wp-json\/wp\/v2\/posts\/291694","targetHints":{"allow":["GET"]}}],"collection":[{"href":"https:\/\/www.europesays.com\/es\/wp-json\/wp\/v2\/posts"}],"about":[{"href":"https:\/\/www.europesays.com\/es\/wp-json\/wp\/v2\/types\/post"}],"author":[{"embeddable":true,"href":"https:\/\/www.europesays.com\/es\/wp-json\/wp\/v2\/users\/2"}],"replies":[{"embeddable":true,"href":"https:\/\/www.europesays.com\/es\/wp-json\/wp\/v2\/comments?post=291694"}],"version-history":[{"count":0,"href":"https:\/\/www.europesays.com\/es\/wp-json\/wp\/v2\/posts\/291694\/revisions"}],"wp:featuredmedia":[{"embeddable":true,"href":"https:\/\/www.europesays.com\/es\/wp-json\/wp\/v2\/media\/291695"}],"wp:attachment":[{"href":"https:\/\/www.europesays.com\/es\/wp-json\/wp\/v2\/media?parent=291694"}],"wp:term":[{"taxonomy":"category","embeddable":true,"href":"https:\/\/www.europesays.com\/es\/wp-json\/wp\/v2\/categories?post=291694"},{"taxonomy":"post_tag","embeddable":true,"href":"https:\/\/www.europesays.com\/es\/wp-json\/wp\/v2\/tags?post=291694"}],"curies":[{"name":"wp","href":"https:\/\/api.w.org\/{rel}","templated":true}]}}