{"id":291723,"date":"2025-12-16T20:08:08","date_gmt":"2025-12-16T20:08:08","guid":{"rendered":"https:\/\/www.europesays.com\/es\/291723\/"},"modified":"2025-12-16T20:08:08","modified_gmt":"2025-12-16T20:08:08","slug":"haro-se-impone-en-perez-zeledon-y-oses-asalta-el-liderato-en-la-vuelta-a-costa-rica-esciclismo","status":"publish","type":"post","link":"https:\/\/www.europesays.com\/es\/291723\/","title":{"rendered":"Haro se impone en P\u00e9rez Zeled\u00f3n y Oses asalta el liderato en la Vuelta a Costa Rica &#8211; Esciclismo"},"content":{"rendered":"<ol>\n<li><a href=\"https:\/\/news.google.com\/rss\/articles\/CBMiakFVX3lxTE1zeGtUY3lFVHN1WkxYdTFEWkhTU2lRdUdhM19KY1pVbTNYcWRHM2tRWWt5clg3UEVyT1JnOC1oR25hWU83S3FxQnFleTN1Nkc0RUo5bktZZ3BzVzJ6SDFNMHIwX1BzWi1uQUE?oc=5\" target=\"_blank\" rel=\"nofollow noopener\">Haro se impone en P\u00e9rez Zeled\u00f3n y Oses asalta el liderato en la Vuelta a Costa Rica<\/a>&nbsp;&nbsp;Esciclismo<\/li>\n<li><a href=\"https:\/\/news.google.com\/rss\/articles\/CBMiakFVX3lxTE1IY2NyaVJWVmNNSjczNDFOUzVzZWN2SzM0UzVpTEI5LXlRYURaM3VIc1dld1N6czAzUFR1QmEwNlgtb2F2RWxhSTM5WnNadzVSMjNZQW9XTWlYd3RuVTNGSVFUXzJKNUpRR0E?oc=5\" target=\"_blank\" rel=\"nofollow noopener\">Clasificaciones completas de la 4\u00aa etapa de la Vuelta a Costa Rica 2025<\/a>&nbsp;&nbsp;Esciclismo<\/li>\n<li><a href=\"https:\/\/news.google.com\/rss\/articles\/CBMiugFBVV95cUxOTXFtbWQ0eXk0ZzRuemZNTXpQenZYNGx4bWJ4TVEtZzRfaGtUczlhUFM4MFl6c1c3SmNnSElYblNXWW9PanRaTHVqYldHMVJrLTh6NUh6ZTZnYTJQMFhuTjk3amEwbjFLYW9vdUVlZVNuNUQzMzVIY3BvLVV3Mmk5bkNyRGlvRHRHMjRrQmZUbzhZcDE4QmF0bzVyNk14Q2RyZ2tTUFkyTm91Z1RhNzZpdjV0Zm1FZm5CNUE?oc=5\" target=\"_blank\" rel=\"nofollow noopener\">Luis Daniel Oses gana la cronoescalada y sacude la general de la Vuelta a Costa Rica 2025<\/a>&nbsp;&nbsp;Delfino.cr<\/li>\n<li><a href=\"https:\/\/news.google.com\/rss\/articles\/CBMizgFBVV95cUxPRGVSUTMyaVVDMVBGV0xVOHdTRTdjcmpUWVo1TjlNZGJReWxmWDZDb0N2aW9rTHcxWVh5cWVTNERBOU5Qcy0weVVJMmhIeTExWmVVdzFWZmdyeGhsbjBCLURuVmVMTTdEdkkydEFkaU5zUmJ1MDliY2lleFVNTi1BMXlLWkNSamJLRUowUVBILUEtNE43UGVnNDNyQy1wMjV5ZDN5c09iQ3hLVTJpdWF0TjZYNTIyM1U0SzRiUG1qbWpRU0lEREROVFotbTdfQQ?oc=5\" target=\"_blank\" rel=\"nofollow noopener\">El Cerro de la Muerte estar\u00e1 cerrado este martes en la ma\u00f1ana: atenci\u00f3n conductores<\/a>&nbsp;&nbsp;nacion.com<\/li>\n<li><a href=\"https:\/\/news.google.com\/rss\/articles\/CBMiqwFBVV95cUxNaU5td0dxSkU5QmMxZDJTREw3UzRfNm1uOHI2cUpPWDlBVm5OaFpxSlprZlVvVE8ybUs0Qkp6N09iamJBN1YzQmNob1RFVDBZakUwdnJ0MHBHUWVhUEJxMHNfSWlvWnZ2Mk9fb1BCRkgzMmJyUERRWnVnOEZSTC1sU1dBSUFkMDBrOGdneEJNZW9BN0Y0UGdwTm5LVVNiRWlRZ2lMRV9wSVVZcGM?oc=5\" target=\"_blank\" rel=\"nofollow noopener\">\u00bfViaja a Cartago hoy? Tome nota porque habr\u00e1 cierres importantes en las v\u00edas<\/a>&nbsp;&nbsp;AM Prensa<\/li>\n<\/ol>\n","protected":false},"excerpt":{"rendered":"Haro se impone en P\u00e9rez Zeled\u00f3n y Oses asalta el liderato en la Vuelta a Costa Rica&nbsp;&nbsp;Esciclismo Clasificaciones&hellip;\n","protected":false},"author":2,"featured_media":291724,"comment_status":"","ping_status":"","sticky":false,"template":"","format":"standard","meta":{"footnotes":""},"categories":[273],"tags":[5593,4860,313,1757,2828,312,30766,168,9974,25,24,8344,314,12014,1058,58623,16494,61,10101,5215,1783,1689,7797,1179,69888,69886,5329,3828,738,15384,68609,23,167,3596,69887,10844,1261,1357,12028,16834],"class_list":{"0":"post-291723","1":"post","2":"type-post","3":"status-publish","4":"format-standard","5":"has-post-thumbnail","7":"category-ciclismo","8":"tag-alta","9":"tag-carrera","10":"tag-ciclismo","11":"tag-ciclista","12":"tag-costa","13":"tag-cycling","14":"tag-decisivas","15":"tag-deportes","16":"tag-ecuatoriano","17":"tag-es","18":"tag-espana","19":"tag-espectaculares","20":"tag-etapa","21":"tag-favoritos","22":"tag-final","23":"tag-giant","24":"tag-haro","25":"tag-internacional","26":"tag-jornadas","27":"tag-kilometros","28":"tag-la","29":"tag-llevo","30":"tag-martes","31":"tag-mas","32":"tag-mient","33":"tag-mitsubishi","34":"tag-montana","35":"tag-ofrecio","36":"tag-perez","37":"tag-quinta","38":"tag-rica","39":"tag-spain","40":"tag-sports","41":"tag-sprint","42":"tag-terceto","43":"tag-toscana","44":"tag-victoria","45":"tag-vuelta","46":"tag-wilson","47":"tag-zeledon"},"share_on_mastodon":{"url":"https:\/\/pubeurope.com\/@es\/115731058077638045","error":""},"_links":{"self":[{"href":"https:\/\/www.europesays.com\/es\/wp-json\/wp\/v2\/posts\/291723","targetHints":{"allow":["GET"]}}],"collection":[{"href":"https:\/\/www.europesays.com\/es\/wp-json\/wp\/v2\/posts"}],"about":[{"href":"https:\/\/www.europesays.com\/es\/wp-json\/wp\/v2\/types\/post"}],"author":[{"embeddable":true,"href":"https:\/\/www.europesays.com\/es\/wp-json\/wp\/v2\/users\/2"}],"replies":[{"embeddable":true,"href":"https:\/\/www.europesays.com\/es\/wp-json\/wp\/v2\/comments?post=291723"}],"version-history":[{"count":0,"href":"https:\/\/www.europesays.com\/es\/wp-json\/wp\/v2\/posts\/291723\/revisions"}],"wp:featuredmedia":[{"embeddable":true,"href":"https:\/\/www.europesays.com\/es\/wp-json\/wp\/v2\/media\/291724"}],"wp:attachment":[{"href":"https:\/\/www.europesays.com\/es\/wp-json\/wp\/v2\/media?parent=291723"}],"wp:term":[{"taxonomy":"category","embeddable":true,"href":"https:\/\/www.europesays.com\/es\/wp-json\/wp\/v2\/categories?post=291723"},{"taxonomy":"post_tag","embeddable":true,"href":"https:\/\/www.europesays.com\/es\/wp-json\/wp\/v2\/tags?post=291723"}],"curies":[{"name":"wp","href":"https:\/\/api.w.org\/{rel}","templated":true}]}}