{"id":291727,"date":"2025-12-16T20:11:09","date_gmt":"2025-12-16T20:11:09","guid":{"rendered":"https:\/\/www.europesays.com\/es\/291727\/"},"modified":"2025-12-16T20:11:09","modified_gmt":"2025-12-16T20:11:09","slug":"la-finalizacion-del-nuevo-villamarin-esta-prevista-para-el-2-de-mayo-de-2028-y-tendra-un-coste-de-262-millones","status":"publish","type":"post","link":"https:\/\/www.europesays.com\/es\/291727\/","title":{"rendered":"La finalizaci\u00f3n del nuevo Villamar\u00edn est\u00e1 prevista para el 2 de mayo de 2028 y tendr\u00e1 un coste de 262 millones"},"content":{"rendered":"<p>16\/12\/2025<br \/>\n<br \/><strong><br \/>\nActualizado a las 21:10h.<br \/>\n<\/strong><\/p>\n<p class=\"voc-p\" style=\"\"><strong>\u00c1ngel Haro<\/strong>, presidente del <strong>Real Betis<\/strong>, realiz\u00f3 una completa y transparente exposici\u00f3n sobre la situaci\u00f3n del nuevo estadio Benito Villamar\u00edn. El mandatario verdiblanco ya ten\u00eda prevista su intervenci\u00f3n ante la demanda de informaci\u00f3n por parte de los b\u00e9ticos, expresada en muchas cuestiones durante  &#8230; la junta de accionistas. Y dej\u00f3 informaci\u00f3n muy relevante. <strong>La obra est\u00e1 previsto que se finalice el 2 de mayo de 2028 y el coste total ser\u00e1 de 262 millones de euros<\/strong>, que tendr\u00e1 financiaci\u00f3n por parte de CVC y de entidades externas, pero dejando claro que los ingresos que va a generar la nueva obra ser\u00e1n determinantes para cambiar el modelo de la entidad.<\/p>\n<p class=\"voc-p\" style=\"\">As\u00ed, el 27 de febrero est\u00e1 previsto que se acaben los trabajos de demolici\u00f3n. Y ya se trabaja con tres constructoras (Sacyr, Fomento y Sando y Acciona), que han entregado los pliegos el 12 de diciembre y que el 30 de enero de 2026 se recepcionar\u00e1n las ofertas para firmar el 27 de febrero las tareas de excavaci\u00f3n y cimentaci\u00f3n. <strong>La siguiente etapa ir\u00e1 desde el 2 de marzo al 30 de junio para firmar el julio<\/strong> el resto de la construcci\u00f3n para finalizarla el 2 de mayo de 2028.<\/p>\n<p class=\"voc-p\" style=\"\">En cuanto a<strong> la inversi\u00f3n el coste estimado de la construcci\u00f3n es de 262 millone<\/strong>s dado que la obra en s\u00ed se espera en 202 millones, m\u00e1s contingencias de unos 20,2, costes de asesores y ADJ por 9,8, intercalarios por 19,1 y FRSD por 10,1. Y se compensa con recursos de 15 millones por CVC y 247 de deuda a trav\u00e9s de financiaci\u00f3n. <\/p>\n<p class=\"voc-p\" style=\"\">Tambi\u00e9n destac\u00f3 Haro el estudio facility realizado por los ingresos extra que puede generar el estadio y que \u00abdan para pagarlo\u00bb, seg\u00fan el presidente. Puso ejemplos como que se prev\u00e9 que <strong>el primer a\u00f1o de explotaci\u00f3n ser\u00edan de 7,8 millones<\/strong>, el d\u00e9cimo de trece y a partir del a\u00f1o 20 tras la obra, de 20 millones. Y todo ello sin tener en cuenta el edificio anexo, cuya gesti\u00f3n se llevar\u00e1 con la patrimionial Betis Real Estate para un hotel y una cl\u00ednica.<\/p>\n<p>\nArt\u00edculo solo para suscriptores\n<\/p>\n<p>Reportar un error<\/p>\n","protected":false},"excerpt":{"rendered":"16\/12\/2025 Actualizado a las 21:10h. \u00c1ngel Haro, presidente del Real Betis, realiz\u00f3 una completa y transparente exposici\u00f3n sobre&hellip;\n","protected":false},"author":2,"featured_media":291728,"comment_status":"","ping_status":"","sticky":false,"template":"","format":"standard","meta":{"footnotes":""},"categories":[268],"tags":[32523,69889,4897,56288,168,25,24,1557,772,280,282,10695,4724,524,281,23,167,60514],"class_list":{"0":"post-291727","1":"post","2":"type-post","3":"status-publish","4":"format-standard","5":"has-post-thumbnail","7":"category-futbol","8":"tag-32523","9":"tag-69889","10":"tag-coste","11":"tag-cronograma","12":"tag-deportes","13":"tag-es","14":"tag-espana","15":"tag-euros","16":"tag-fin","17":"tag-football","18":"tag-futbol","19":"tag-mayo","20":"tag-millones","21":"tag-nuevo","22":"tag-soccer","23":"tag-spain","24":"tag-sports","25":"tag-villamarin"},"share_on_mastodon":{"url":"https:\/\/pubeurope.com\/@es\/115731070008383786","error":""},"_links":{"self":[{"href":"https:\/\/www.europesays.com\/es\/wp-json\/wp\/v2\/posts\/291727","targetHints":{"allow":["GET"]}}],"collection":[{"href":"https:\/\/www.europesays.com\/es\/wp-json\/wp\/v2\/posts"}],"about":[{"href":"https:\/\/www.europesays.com\/es\/wp-json\/wp\/v2\/types\/post"}],"author":[{"embeddable":true,"href":"https:\/\/www.europesays.com\/es\/wp-json\/wp\/v2\/users\/2"}],"replies":[{"embeddable":true,"href":"https:\/\/www.europesays.com\/es\/wp-json\/wp\/v2\/comments?post=291727"}],"version-history":[{"count":0,"href":"https:\/\/www.europesays.com\/es\/wp-json\/wp\/v2\/posts\/291727\/revisions"}],"wp:featuredmedia":[{"embeddable":true,"href":"https:\/\/www.europesays.com\/es\/wp-json\/wp\/v2\/media\/291728"}],"wp:attachment":[{"href":"https:\/\/www.europesays.com\/es\/wp-json\/wp\/v2\/media?parent=291727"}],"wp:term":[{"taxonomy":"category","embeddable":true,"href":"https:\/\/www.europesays.com\/es\/wp-json\/wp\/v2\/categories?post=291727"},{"taxonomy":"post_tag","embeddable":true,"href":"https:\/\/www.europesays.com\/es\/wp-json\/wp\/v2\/tags?post=291727"}],"curies":[{"name":"wp","href":"https:\/\/api.w.org\/{rel}","templated":true}]}}