{"id":291729,"date":"2025-12-16T20:12:10","date_gmt":"2025-12-16T20:12:10","guid":{"rendered":"https:\/\/www.europesays.com\/es\/291729\/"},"modified":"2025-12-16T20:12:10","modified_gmt":"2025-12-16T20:12:10","slug":"sandro-castro-reafirma-relacion-que-tuvo-una-relacion-con-samantha-espineira-antes-de-pandemia","status":"publish","type":"post","link":"https:\/\/www.europesays.com\/es\/291729\/","title":{"rendered":"Sandro Castro reafirma relaci\u00f3n que tuvo una relaci\u00f3n con Samantha Espineira antes de pandemia"},"content":{"rendered":"<p>La pol\u00e9mica entre <strong>Sandro Castro y Samantha Espineira <\/strong>sigue encendiendo las redes. Despu\u00e9s de que la influencer cubana desmintiera rotundamente las declaraciones del nieto de Fidel Castro \u2014quien asegur\u00f3 haberse acostado con ella\u2014, Sandro volvi\u00f3 a pronunciarse para reafirmar su versi\u00f3n y asegurar que \u201ctodo fue verdad\u201d.<\/p>\n<p>En una historia publicada en su cuenta de Instagram, Sandro comenz\u00f3 su mensaje con su habitual tono provocador:<br \/>\u201cBuenos d\u00edas, vampiros y vampiras desde Apagon\u00eda. Veo un poco de molestias ocasionadas, y realmente yo siempre, y m\u00e1s en un minuto caliente o entrevista, <strong>voy a decir la verdad porque soy una persona sincera, org\u00e1nica y humilde\u201d<\/strong>, dijo mirando a la c\u00e1mara.<\/p>\n<p>Sandro insisti\u00f3 en que no busca fama ni atenci\u00f3n con sus palabras, y que simplemente relat\u00f3 algo que, seg\u00fan \u00e9l, sucedi\u00f3 hace a\u00f1os:<strong> \u201cLo de Samantha ocurri\u00f3 en a\u00f1os atr\u00e1s, antes de la pandemia. Todo el mundo tiene un pasado; despu\u00e9s se vive presente y futuro. Pero yo siempre voy a decir la verdad. A m\u00ed no me interesa coger likes ni tener popularidad. Trabajo en las redes porque me gusta\u201d, afirm\u00f3.<\/strong><\/p>\n<p>El nieto del fallecido dictador cubano cerr\u00f3 su mensaje con una frase fiel a su estilo: \u201cAs\u00ed que el Vampirash nunca los va a enga\u00f1ar\u201d, escribi\u00f3, dejando claro que mantiene su versi\u00f3n pese a las cr\u00edticas y los desmentidos.<\/p>\n<p>La historia surge apenas horas despu\u00e9s de que Samantha Espineira calificara sus declaraciones de \u201cmentira\u201d y lamentara \u201cla desesperaci\u00f3n por los likes\u201d en redes sociales. Su respuesta, aplaudida por muchos seguidores, buscaba dar por cerrado el tema, pero la nueva reacci\u00f3n de Sandro ha vuelto a avivar el debate.<\/p>\n<p>Mientras tanto, los comentarios en redes se dividen entre quienes lo tildan de \u201cbusca pol\u00e9mica\u201d y quienes le creen.<\/p>\n","protected":false},"excerpt":{"rendered":"La pol\u00e9mica entre Sandro Castro y Samantha Espineira sigue encendiendo las redes. Despu\u00e9s de que la influencer cubana&hellip;\n","protected":false},"author":2,"featured_media":291730,"comment_status":"","ping_status":"","sticky":false,"template":"","format":"standard","meta":{"footnotes":""},"categories":[174],"tags":[255,146,147,25,24,256,51413,4536,4360,5695,1526,1922,69588,69589,23,1018],"class_list":{"0":"post-291729","1":"post","2":"type-post","3":"status-publish","4":"format-standard","5":"has-post-thumbnail","7":"category-famosos","8":"tag-celebrities","9":"tag-entertainment","10":"tag-entretenimiento","11":"tag-es","12":"tag-espana","13":"tag-famosos","14":"tag-famosos-cubanos","15":"tag-instagram","16":"tag-noticias-de-cuba","17":"tag-pandemia","18":"tag-polemica","19":"tag-redes-sociales","20":"tag-samantha-espineira","21":"tag-sandro-castro","22":"tag-spain","23":"tag-videos"},"share_on_mastodon":{"url":"https:\/\/pubeurope.com\/@es\/115731074187802077","error":""},"_links":{"self":[{"href":"https:\/\/www.europesays.com\/es\/wp-json\/wp\/v2\/posts\/291729","targetHints":{"allow":["GET"]}}],"collection":[{"href":"https:\/\/www.europesays.com\/es\/wp-json\/wp\/v2\/posts"}],"about":[{"href":"https:\/\/www.europesays.com\/es\/wp-json\/wp\/v2\/types\/post"}],"author":[{"embeddable":true,"href":"https:\/\/www.europesays.com\/es\/wp-json\/wp\/v2\/users\/2"}],"replies":[{"embeddable":true,"href":"https:\/\/www.europesays.com\/es\/wp-json\/wp\/v2\/comments?post=291729"}],"version-history":[{"count":0,"href":"https:\/\/www.europesays.com\/es\/wp-json\/wp\/v2\/posts\/291729\/revisions"}],"wp:featuredmedia":[{"embeddable":true,"href":"https:\/\/www.europesays.com\/es\/wp-json\/wp\/v2\/media\/291730"}],"wp:attachment":[{"href":"https:\/\/www.europesays.com\/es\/wp-json\/wp\/v2\/media?parent=291729"}],"wp:term":[{"taxonomy":"category","embeddable":true,"href":"https:\/\/www.europesays.com\/es\/wp-json\/wp\/v2\/categories?post=291729"},{"taxonomy":"post_tag","embeddable":true,"href":"https:\/\/www.europesays.com\/es\/wp-json\/wp\/v2\/tags?post=291729"}],"curies":[{"name":"wp","href":"https:\/\/api.w.org\/{rel}","templated":true}]}}