{"id":291731,"date":"2025-12-16T20:13:09","date_gmt":"2025-12-16T20:13:09","guid":{"rendered":"https:\/\/www.europesays.com\/es\/291731\/"},"modified":"2025-12-16T20:13:09","modified_gmt":"2025-12-16T20:13:09","slug":"disenar-una-casa-es-pensar-en-como-se-va-a-vivir-cada-dia","status":"publish","type":"post","link":"https:\/\/www.europesays.com\/es\/291731\/","title":{"rendered":"Dise\u00f1ar una casa es pensar en c\u00f3mo se va a vivir cada d\u00eda"},"content":{"rendered":"<p data-wc=\"108\" id=\"eFMMpgPLUN\">Hay casas que nos hacen sentir bien nada m\u00e1s entrar, aunque no sepamos explicar por qu\u00e9. La luz, los materiales y las piezas de mobiliario que las acompa\u00f1an parecen encajar de forma natural, sin estridencias. Esa sensaci\u00f3n de coherencia y armon\u00eda es el punto de partida del trabajo de \u00c1BATON, un estudio espa\u00f1ol de arquitectura, interiorismo y paisajismo que aborda cada proyecto desde una visi\u00f3n integral, donde arquitectura e interiorismo se conciben de forma conjunta. \u201cArquitectura e interiorismo deben empezar a trabajar juntas desde el principio de cada proyecto, desde que se empiezan a definir los usos de los espacios\u201d, explica <strong>Miriam Arias, directora de Interiorismo del estudio.<\/strong><\/p>\n<p data-wc=\"73\" id=\"eYOGk1XUA6n\">Esa manera de trabajar hace que la separaci\u00f3n entre disciplinas pierda sentido. \u201cHay elementos arquitect\u00f3nicos donde introducimos el componente del interiorismo, as\u00ed que la diferencia entre ambas pr\u00e1cticamente desaparece\u201d, se\u00f1ala <strong>Blanca Mar\u00edas, arquitecta directora.<\/strong> La forma en que entra la luz, c\u00f3mo se relacionan los distintos espacios o c\u00f3mo se utilizan en el d\u00eda a d\u00eda se decide de manera coordinada, siempre pensando en la experiencia de quienes van a vivir la casa.<\/p>\n<p data-wc=\"58\" id=\"ecQkm_QX-HZ\">M\u00e1s all\u00e1 de estilos o tendencias, ambas coinciden en que una vivienda funciona cuando es c\u00f3moda, coherente y responde a la vida cotidiana. Blanca pone el foco en aspectos que no siempre se ven, como la luz natural o el confort t\u00e9rmico, mientras que Miriam insiste en imaginar c\u00f3mo se habita cada espacio a lo largo del d\u00eda:\u00a0<\/p>\n<blockquote class=\"ho-bl-1081603 -no-figcaption\" cite=\"\">\n<p data-wc=\"129\" id=\"eQih_0x-L5p\">Desde nuestro punto de vista, la funcionalidad es tambi\u00e9n imprescindible para sentir un espacio habitable y c\u00f3modo. Desde la textura de las telas, la altura del mobiliario\u2026 Siempre nos imaginamos c\u00f3mo se va a vivir una casa en cada momento y situaci\u00f3n del d\u00eda.<\/p>\n<\/blockquote>\n<p data-wc=\"27\" id=\"eiGAsy3Prn\">De esa mirada compartida surgen interiores donde el mobiliario, la iluminaci\u00f3n y los objetos no se entienden como un a\u00f1adido decorativo, sino como parte esencial del espacio.\u00a0<\/p>\n<p data-wc=\"48\" id=\"eiYOntiHJQ2\">Las ideas que Blanca Mar\u00edas y Miriam Arias se entienden mejor cuando se trasladan a espacios reales. Un buen ejemplo de ello son los proyectos que nos han compartido: viviendas muy distintas entre s\u00ed, en las que su forma de trabajar se refleja en decisiones concretas y visibles.<\/p>\n<p>110<\/p>\n<p>  \u00a0<img src=\"https:\/\/www.europesays.com\/es\/wp-content\/uploads\/2025\/12\/b4811e1cadff-casa-brisa-belen-imaz1.jpg\"   width=\"1080\" height=\"1800\" loading=\"lazy\" decoding=\"async\" alt=\"Sal\u00f3n abierto al exterior a trav\u00e9s de un gran ventanal. La paleta crom\u00e1tica, cuidadosamente equilibrada entre tonos intensos y matices suaves, aporta frescura y contemporaneidad sin perder calidez\" fetchpriority=\"auto\" class=\"image ho-image\"\/>\u00a9 Bel\u00e9n Imaz para \u00c1BATON<\/p>\n<p> Una casa luminosa para disfrutar sin reglas<\/p>\n<p id=\"ewpwl45e0Kgp\">Casa Brisa es una de esas viviendas que <a class=\"hm-link ho-link\" href=\"https:\/\/www.hola.com\/decoracion\/20250716844045\/claves-decoracion-estilo-natural-ms\/\" data-mrf-recirculation=\"article-body-link\" rel=\"nofollow noopener\" target=\"_blank\">invitan a relajarse nada m\u00e1s entrar.<\/a> Abierta, luminosa y en contacto constante con el exterior, la casa se organiza como una sucesi\u00f3n de espacios que fluyen con naturalidad. Aqu\u00ed no hay estancias r\u00edgidas ni compartimentos cerrados, sino ambientes pensados para adaptarse a distintos momentos del d\u00eda y a una forma de vivir despreocupada y creativa.\u00a0<\/p>\n<p id=\"ekSGXD_XUD\">El interiorismo refuerza esa sensaci\u00f3n de libertad mediante una mezcla de estilos que evita la rigidez. El proyecto integra piezas ic\u00f3nicas del dise\u00f1o \u2014como la butaca \u2018Serie Up 50\u2019 de B&amp;B Italia, dise\u00f1ada por <strong>Gaetano Pesce<\/strong> en 1969 y reconocible por su tapizado a rayas en beis y rojo\u2014 con elementos de gran fuerza expresiva. Entre ellos destacan el sof\u00e1 modular \u2018Sengu Bold\u2019, de geometr\u00edas sencillas, y una mesa de centro de inspiraci\u00f3n oriental que superpone diversos materiales; ambas piezas son obra de <strong>Patricia Urquiola<\/strong> para Cassina.\u00a0<\/p>\n<p id=\"e4WC8gE5zR\">El conjunto, enriquecido por la alfombra &#8216;Silhouette&#8217; de <a class=\"hm-link ho-link\" href=\"https:\/\/www.hola.com\/decoracion\/20250220815405\/salones-alfombra-protagonista-decoracion-estilo\/\" data-mrf-recirculation=\"article-body-link\" rel=\"nofollow noopener\" target=\"_blank\">Nani Marquina<\/a>, logra crear un ambiente c\u00e1lido, acogedor y con una personalidad propia.\u00a0<\/p>\n<p id=\"eN6R_DaxRR\">Todo est\u00e1 pensado para sentirse c\u00f3modo, vivido y f\u00e1cil de usar. Como explica <strong>Miriam Arias, directora de Interiorismo<\/strong>, \u201cparte de nuestro trabajo es que cada sensaci\u00f3n est\u00e9 a medida, m\u00e1s all\u00e1 del dise\u00f1o est\u00e9tico\u201d.<\/p>\n<p>210<\/p>\n<p>  <img src=\"https:\/\/www.europesays.com\/es\/wp-content\/uploads\/2025\/12\/c4c213c3eef7-casa-brisa-belen-imaz.jpg\"   width=\"1024\" height=\"682\" loading=\"lazy\" decoding=\"async\" alt=\"Dormitorio donde destaca la importancia de la luz natural. Ambiente de calma con toques de color en perfecto equilibrio.\" fetchpriority=\"auto\" class=\"image ho-image\"\/>\u00a9 Bel\u00e9n Imaz para \u00c1BATON<\/p>\n<p id=\"evRQjGF2Fc\">El color juega un papel esencial y aporta una nota de frescura que se percibe claramente en el dormitorio. Lo vemos en detalles como la alfombra \u2018Silhouette Kilim\u2019 de <strong>Nani Marquina<\/strong>, o en piezas que dan vida a los espacios sin recargarlos: desde la envolvente butaca \u2018Husk\u2019 en color mostaza, dise\u00f1ada por <a class=\"hm-link ho-link\" href=\"https:\/\/www.hola.com\/decoracion\/20180918129311\/decoradores-espanoles-famosos-gt\/\" data-mrf-recirculation=\"article-body-link\" rel=\"nofollow noopener\" target=\"_blank\">Patricia Urquiola<\/a> para B&amp;B Italia, hasta la estilizada estanter\u00eda \u2018Random\u2019 de MDF Italia. El resultado es una casa joven y optimista que refleja una forma de vivir el hogar m\u00e1s libre, donde cada elemento suma sin necesidad de recurrir a formalismos ni rigideces.<\/p>\n<p>310<\/p>\n<p>  <img src=\"https:\/\/www.europesays.com\/es\/wp-content\/uploads\/2025\/12\/63dfa5326fdc-proyecto-as-belen-imaz3.jpg\"   width=\"1024\" height=\"682\" loading=\"lazy\" decoding=\"async\" alt=\"Proyecto As. vivienda dise\u00f1ada por \u00c1BATON. Sal\u00f3n amplio y luminoso donde materiales como la piedra y el hormig\u00f3n cobran protagonismo. El mobiliario contraresta la posible frialdad creando un ambiente donde reina el minimalismo c\u00e1lido.\" fetchpriority=\"auto\" class=\"image ho-image\"\/>\u00a9 Bel\u00e9n Imaz para \u00c1BATON<\/p>\n<p> Dise\u00f1o moderno, materiales sin artificios y un interior que no renuncia a la calidez<\/p>\n<p id=\"eOfCxbfIQqn\">El Proyecto AS parte de una arquitectura con car\u00e1cter, definida por l\u00edneas rotundas y materiales naturales y sin artificios como el hormig\u00f3n visto, la madera y la piedra natural. Los <a class=\"hm-link ho-link\" href=\"https:\/\/www.hola.com\/decoracion\/20211118199882\/distribucion-espacios-para-casa-saludable-biointeriorismo-nu\/\" data-mrf-recirculation=\"article-body-link\" rel=\"nofollow noopener\" target=\"_blank\">espacios son amplios y continuos<\/a>, y se abren al exterior a trav\u00e9s de grandes ventanales que conectan la vivienda con el jard\u00edn y refuerzan la sensaci\u00f3n de amplitud.<\/p>\n<p> El sal\u00f3n, coraz\u00f3n de la vivienda<\/p>\n<p id=\"ePm5tOz87L\">El sof\u00e1 principal, perteneciente a la colecci\u00f3n &#8216;Gentry&#8217; de Moroso y dise\u00f1ado por <strong>Patricia Urquiola<\/strong>, act\u00faa como elemento articulador del espacio social gracias a su textura capiton\u00e9 y silueta generosa. A su alrededor, el dise\u00f1o se enriquece con piezas ic\u00f3nicas que dialogan con la arquitectura: el juego de tres mesas de centro Grasshopper de Knoll International, dise\u00f1adas por Piero Lissoni con elegantes sobres de m\u00e1rmol, aporta dinamismo frente al volumen del sof\u00e1.\u00a0<\/p>\n<p id=\"eile7Pijd0a\">Como contrapunto escultural, destaca el taburete Plopp de ZIETA, cuyo acero pulido inflado a\u00f1ade un toque de vanguardia industrial al conjunto.\u00a0<\/p>\n<blockquote class=\"ho-bl-1081603\" cite=\"\">\n<p id=\"eE7PwZJQbKQ\">No entendemos la arquitectura como un marco r\u00edgido, sino como algo flexible que se adapta al modo de habitar.<\/p>\n<\/blockquote>\n<p>Miriam Arias, directora de interiorismo de \u00c1BATON<br \/>\n <br \/>\n Mobiliario con historia<\/p>\n<p id=\"e6td6tzWvh\">En este contexto, el interiorismo no busca suavizar la arquitectura, sino hacerla m\u00e1s cercana y habitable. El mobiliario se convierte en una herramienta clave para <a class=\"hm-link ho-link\" href=\"https:\/\/www.hola.com\/decoracion\/20231204244590\/secretos-distribucion-abierta-espacios-nu\/\" data-mrf-recirculation=\"article-body-link\" rel=\"nofollow noopener\" target=\"_blank\">organizar los espacios abiertos\u00a0<\/a>y aportar confort.\u00a0<\/p>\n<p id=\"eyn4nXdIGv\">Piezas con alma, como el <strong>mueble dan\u00e9s de madera de palisandro original de los a\u00f1os 50<\/strong> y la <strong>l\u00e1mpara de pie antigua de Serge Mouille<\/strong> (ambos de la Colecci\u00f3n \u00c1BATON), dotan al espacio de una p\u00e1tina de historia y calidez.\u00a0<\/p>\n<p id=\"emwKfH0LHK_\">La iluminaci\u00f3n se completa con la delicadeza de la emblem\u00e1tica l\u00e1mpara de sobremesa dise\u00f1ada por <strong>Miguel Mil\u00e1<\/strong> (con cesta met\u00e1lica) para Santa &amp; Cole, que refuerza esa conexi\u00f3n entre artesan\u00eda y modernidad.<\/p>\n<p id=\"ervKsreO-WN\">Sof\u00e1s, mesas y piezas a medida ayudan a definir las distintas zonas sin perder continuidad visual.<\/p>\n<p>410<\/p>\n<p>  <img src=\"https:\/\/www.europesays.com\/es\/wp-content\/uploads\/2025\/12\/6202cd854e76-proyecto-as-belen-imaz.jpg\"   width=\"682\" height=\"1024\" loading=\"lazy\" decoding=\"async\" alt=\"Cocina dise\u00f1ada por el estudio \u00c1BATON. En primer plano barra de desayunos alta con taburetes. Al fondo, mesa de comedor con sillas tapizadas en amarillo.\" fetchpriority=\"auto\" class=\"image ho-image\"\/><\/p>\n<p id=\"eb9Bl4xbZj\">La calidez aparece en detalles muy concretos: por ejemplo en la cocina, donde unas sillas curvas en tono mostaza aportan un contrapunto c\u00e1lido dentro de una est\u00e9tica muy depurada. Como resume Blanca Mar\u00edas, arquitecta directora, \u201cbuscamos el confort en todos los sentidos; no es un buen dise\u00f1o si no es pr\u00e1ctico y funcional\u201d.<\/p>\n<p id=\"eWWNaLkGV28\">El resultado es una casa contempor\u00e1nea, sobria pero acogedora, donde <a class=\"hm-link ho-link\" href=\"https:\/\/www.hola.com\/decoracion\/20251111863013\/arquitectura-que-cuida-de-ti\/\" data-mrf-recirculation=\"article-body-link\" rel=\"nofollow noopener\" target=\"_blank\">arquitectura e interiorismo<\/a> se apoyan mutuamente para crear un espacio pensado para vivirlo con comodidad, sin renunciar a la fuerza de los materiales.<\/p>\n<p>510<\/p>\n<p>  <img src=\"https:\/\/www.europesays.com\/es\/wp-content\/uploads\/2025\/12\/6f0de950754c-proyecto-ch-belen-imaz1.jpg\"   width=\"1024\" height=\"683\" loading=\"lazy\" decoding=\"async\" alt=\"Media Image\" fetchpriority=\"auto\" class=\"image ho-image\"\/>\u00a9 Bel\u00e9n Imaz para \u00c1BATON<\/p>\n<p> Una vivienda donde la luz organiza los espacios y marca el ritmo de la vida diaria<\/p>\n<p id=\"emQGTO8ol9\">En el Proyecto CH, todo gira en torno a la luz. Los <strong>espacios se abren al exterior,<\/strong> los ventanales enmarcan el paisaje y la casa cambia a lo largo del d\u00eda seg\u00fan c\u00f3mo entra el sol. La arquitectura es sobria y tranquila, con hormig\u00f3n visto y madera como base, creando un ambiente sereno y muy agradable para vivirlo sin prisas.<\/p>\n<p id=\"eszMf3DNr0\">El interiorismo acompa\u00f1a esa calma con <strong>muebles de l\u00edneas sencillas y vol\u00famenes bajos,<\/strong> pensados para no competir con la arquitectura ni con el entorno. Un gran sof\u00e1 en U &#8216;Neowall&#8217; de Living Divani organiza el sal\u00f3n y se orienta hacia el exterior, delimitando la zona de descanso sobre una <strong>alfombra de lana bereber de la Colecci\u00f3n \u00c1BATON<\/strong>, que aporta calidez y textura.<\/p>\n<p id=\"eWM7_yLjTUt\">En el centro, el di\u00e1logo entre materiales se enriquece con <strong>dos mesas Ibiza de nogal japon\u00e9s, de Ritzwell<\/strong>, cuya factura artesanal contrasta con la sobriedad de las <strong>dos mesas auxiliares &#8216;Metalside&#8217; lacadas de Vitra<\/strong>.\u00a0<\/p>\n<p id=\"e2qao-7xb0K\">Mientras tanto, algunas <a class=\"hm-link ho-link\" href=\"https:\/\/www.hola.com\/decoracion\/20210812194461\/sillas-butacas-iconicas-de-diseno-nu\/\" data-mrf-recirculation=\"article-body-link\" rel=\"nofollow noopener\" target=\"_blank\">piezas singulares aportan car\u00e1cter sin romper el equilibrio general<\/a>: la ic\u00f3nica butaca &#8216;OX&#8217; de piel, dise\u00f1o de <strong>Hans Wegner<\/strong> para Jorgensen, se asienta como un elemento escult\u00f3rico de gran fuerza visual, acompa\u00f1ada por la luz difusa de la l\u00e1mpara &#8216;Panthella&#8217;, dise\u00f1o de <strong>Verner Panton<\/strong> para Louis Poulsen.<\/p>\n<p>610<\/p>\n<p>  <img src=\"https:\/\/www.europesays.com\/es\/wp-content\/uploads\/2025\/12\/dfff84286a7a-proyecto-ch-belen-imaz3.jpg\"   width=\"683\" height=\"1024\" loading=\"lazy\" decoding=\"async\" alt=\"Comedor\" fetchpriority=\"auto\" class=\"image ho-image\"\/>\u00a9 Bel\u00e9n Imaz para \u00c1BATON<\/p>\n<p id=\"e-FH6Of_jJ\">La luz es el verdadero hilo conductor del proyecto. Como explica Blanca Mar\u00edas: \u201cpara el equipo de arquitectura la luz es uno de los puntos de partida. Entendemos c\u00f3mo entra, c\u00f3mo se mueve y c\u00f3mo se va a sentir a lo largo del d\u00eda. La arquitectura marca esa base: la orientaci\u00f3n, el tama\u00f1o de los huecos, los vol\u00famenes. Pero siempre lo hacemos con el interiorismo en mente\u201d.\u00a0<\/p>\n<p id=\"ejNeDFU9T4\">Con esta idea, el comedor se organiza alrededor de dos piezas que cuentan una historia: una <strong>mesa de madera<\/strong> de la Colecci\u00f3n \u00c1BATON, de <strong>presencia rotunda y natural<\/strong>, acompa\u00f1ada por la calidez de las <strong>sillas de roble tapizadas<\/strong> de &amp;TRADITION. El contrapunto con m\u00e1s alma lo pone un <strong>armario antiguo tra\u00eddo de China<\/strong> (Colecci\u00f3n \u00c1BATON), que a\u00f1ade profundidad y car\u00e1cter al espacio. Sobre la mesa, el ambiente se vuelve casi esc\u00e9nico gracias a las l\u00e1mparas &#8216;Spokes&#8217; de Foscarini.<\/p>\n<p id=\"eAtVo-9qig0\">Esta cuidada selecci\u00f3n de piezas ayuda a crear una atm\u00f3sfera donde la arquitectura y la luz se dan la mano. Al final, el resultado es una vivienda que te invita a bajar el ritmo, pensada para disfrutar del silencio y del paisaje en un entorno donde cada detalle tiene sentido.<\/p>\n<p>710<\/p>\n<p>  <img src=\"https:\/\/www.europesays.com\/es\/wp-content\/uploads\/2025\/12\/3986721bee48-proyecto-v-e-belen-imaz2.jpg\"   width=\"775\" height=\"1024\" loading=\"lazy\" decoding=\"async\" alt=\"Sal\u00f3n\" fetchpriority=\"auto\" class=\"image ho-image\"\/>\u00a9 Bel\u00e9n Imaz para \u00c1BATON<\/p>\n<p> Un refugio contempor\u00e1neo en contacto con la naturaleza<\/p>\n<p id=\"ehaxhsw3XL\">El Proyecto V-E es una casa que invita a bajar el ritmo. Construida con<strong>\u00a0madera estructural vista,<\/strong> la vivienda transmite desde el primer momento una sensaci\u00f3n de calma y recogimiento; una <a class=\"hm-link ho-link\" href=\"https:\/\/www.hola.com\/decoracion\/20220316206050\/decoracion-interiores-casa-de-campo-paredes-cristal-am\/\" data-mrf-recirculation=\"article-body-link\" rel=\"nofollow noopener\" target=\"_blank\">reinterpretaci\u00f3n contempor\u00e1nea de la casa de campo<\/a>, luminosa y muy vinculada a su entorno.<\/p>\n<p id=\"eszHio9iUG\">La madera lo envuelve todo (techos, suelos, estructura y mobiliario), creando una continuidad visual que aporta calidez y hace que los espacios se sientan equilibrados. El interiorismo acompa\u00f1a esta arquitectura sin competir con ella, apostando por piezas que refuerzan la sensaci\u00f3n de refugio. En la zona de estar, una <strong>alfombra de lana natural anudada a mano,<\/strong> de Nordic Knots, delimita el ambiente y aporta una textura org\u00e1nica.<\/p>\n<p id=\"eN_mC6BS6v\">En este conjunto, las <strong>butacas de Flexform<\/strong>, con su <strong>estructura de fresno te\u00f1ido y asiento de esparto tejido a mano<\/strong>, encajan de forma natural con los materiales de la casa. La elecci\u00f3n de estas piezas y el uso de muebles de baja altura logra una estancia acogedora y equilibrada, donde la sencillez de los acabados invita a disfrutar de la vivienda con calma.<\/p>\n<p>810<\/p>\n<p>  <img src=\"https:\/\/www.europesays.com\/es\/wp-content\/uploads\/2025\/12\/d635c0c2a053-proyecto-v-e-belen-imaz.jpg\"   width=\"683\" height=\"1024\" loading=\"lazy\" decoding=\"async\" alt=\"Proyecto V-E\" fetchpriority=\"auto\" class=\"image ho-image\"\/>\u00a9 Bel\u00e9n Imaz para \u00c1BATON<\/p>\n<p id=\"ePgIg8VuAt\">Esa elecci\u00f3n no es solo est\u00e9tica. Como explica Blanca Mar\u00edas, arquitecta directora, \u201cen nuestras casas construimos principalmente con madera estructural. Adem\u00e1s de todos los beneficios que supone en t\u00e9rminos de sostenibilidad, es un material que genera un confort t\u00e9rmico que no tienen otros materiales\u201d . Una cualidad que se percibe claramente en esta vivienda, pensada para disfrutarse durante todo el a\u00f1o.<\/p>\n<p id=\"ebFCXkAHqzY\">El resultado es una <a class=\"hm-link ho-link\" href=\"https:\/\/www.hola.com\/hola-living\/20230916350415\/casa-familiar-madrid-interiorista-cristina-espejo\/\" data-mrf-recirculation=\"article-body-link\" rel=\"nofollow noopener\" target=\"_blank\">casa serena y funcional,<\/a><strong>\u00a0<\/strong>donde cada elemento tiene un prop\u00f3sito. El <strong>espacio se ha optimizado<\/strong> para integrar una<strong>\u00a0zona de trabajo y un banco corrido junto al ventanal,\u00a0<\/strong>un rinc\u00f3n pensado para leer o contemplar el paisaje bajo la luz natural. Todo el dise\u00f1o se vuelca en una forma de vida sencilla, en la que el entorno y la calidad de los materiales adquieren todo el protagonismo.<\/p>\n<p>910<\/p>\n<p>  <img src=\"https:\/\/www.europesays.com\/es\/wp-content\/uploads\/2025\/12\/60d09baadb10-reforma-san-mateo-belen-imaz3.jpg\"   width=\"682\" height=\"1024\" loading=\"lazy\" decoding=\"async\" alt=\"Comedor\" fetchpriority=\"auto\" class=\"image ho-image\"\/>\u00a9 Bel\u00e9n Imaz para \u00c1BATON<\/p>\n<p> Una casa con historia, pensada para disfrutar del centro de Madrid sin renunciar al confort ni al dise\u00f1o<\/p>\n<p id=\"ek3MB7QjxM\">La Reforma San Mateo es una vivienda ubicada en un edificio hist\u00f3rico madrile\u00f1o, donde la intervenci\u00f3n busca actualizar el espacio sin borrar su pasado. Vigas de madera originales, suelos de tabla ancha y molduras conviven con una mirada contempor\u00e1nea que aporta luz, color y una cuidada selecci\u00f3n de piezas de dise\u00f1o.<\/p>\n<p id=\"egbqAl4byR\">El interiorismo juega aqu\u00ed un papel clave: no se limita a conservar lo existente, sino que lo reinterpreta. Como explica Miriam Arias, directora de Interiorismo, \u201ccuando trabajas con un espacio y con materiales que ya te aportan esa sensaci\u00f3n de acogimiento, la vivienda ya se siente habitable; dan ganas de amueblar y crear situaciones\u201d. Siguiendo esta idea, el mobiliario combina piezas ic\u00f3nicas con elementos recuperados de gran fuerza visual.\u00a0<\/p>\n<p id=\"elVet3vDnO\">En el comedor, la sobriedad de la <strong>mesa de m\u00e1rmol Tavolo &#8217;95 de De Padova<\/strong> contrasta con la textura de un <strong>aparador antiguo<\/strong> con restos de laca, procedente de China (Colecci\u00f3n \u00c1BATON). La iluminaci\u00f3n refuerza esta mezcla de estilos con la <strong>l\u00e1mpara de pie A810 dise\u00f1ada por Alvar Aalto<\/strong> para Artek, que aporta una luz suave y una silueta escult\u00f3rica al conjunto.<\/p>\n<p id=\"eE4kCu2nIQj\">Uno de los espacios que mejor refleja ese di\u00e1logo es la cocina, concebida como un elemento central y casi escult\u00f3rico dentro de la casa. La isla de lat\u00f3n y las carpinter\u00edas en tonos azul gris\u00e1ceos contrastan con la arquitectura original, aportando car\u00e1cter sin romper el equilibrio del conjunto.<\/p>\n<p>1010<\/p>\n<p>  <img src=\"https:\/\/www.europesays.com\/es\/wp-content\/uploads\/2025\/12\/4cefa6d22292-reforma-san-mateo-belen-imaz4.jpg\"   width=\"682\" height=\"1024\" loading=\"lazy\" decoding=\"async\" alt=\"Sal\u00f3n\" fetchpriority=\"auto\" class=\"image ho-image\"\/>\u00a9 Bel\u00e9n Imaz para \u00c1BATON<\/p>\n<p id=\"elC7g51LRI\">Para Blanca Mar\u00edas, arquitecta directora, este tipo de proyectos requieren una sensibilidad especial: \u201cpensamos juntas la atm\u00f3sfera y la sensaci\u00f3n que queremos generar en cada rinc\u00f3n\u201d, explica, subrayando la importancia de entender c\u00f3mo se va a vivir el espacio m\u00e1s all\u00e1 de su valor hist\u00f3rico.<\/p>\n<p id=\"ealbg-eMVJb\">En el sal\u00f3n, la luz natural que entra por el ventanal y el toque verde de las plantas dan vida a un espacio donde las vigas de madera conviven con piezas elegidas con mucho mimo. El descanso lo marcan los <strong>sof\u00e1s &#8216;NeoWall&#8217; de Piero Lissoni\u00a0<\/strong>(Living Divani), situados alrededor de una mesa antigua de madera de olmo tra\u00edda de China, que forma parte de la colecci\u00f3n de \u00c1BATON.\u00a0<\/p>\n<p id=\"eHt1exV4KHa\">Es un rinc\u00f3n para disfrutar con calma, donde la <strong>butaca de piel de Hans J. Wegner<\/strong> se mezcla con otras butacas antiguas de madera y cuero de \u00c1BATON. Para la iluminaci\u00f3n, la<strong>\u00a0l\u00e1mpara de pie de Serge Mouille<\/strong> y el <strong>dise\u00f1o de Vico Magistretti para Oluce<\/strong> terminan de crear ese ambiente acogedor y sereno que se respira en toda la estancia.<\/p>\n<p id=\"elMXaW5LaVZ\">El resultado es una vivienda urbana, elegante y vivida, donde pasado y presente conviven con naturalidad. Una casa con historia, pensada para disfrutar de la vida en el centro sin renunciar al confort ni al dise\u00f1o.<\/p>\n","protected":false},"excerpt":{"rendered":"Hay casas que nos hacen sentir bien nada m\u00e1s entrar, aunque no sepamos explicar por qu\u00e9. La luz,&hellip;\n","protected":false},"author":2,"featured_media":291732,"comment_status":"","ping_status":"","sticky":false,"template":"","format":"standard","meta":{"footnotes":""},"categories":[173],"tags":[17516,229,233,231,230,8372,14046,232,253,234,146,147,25,24,14047,23],"class_list":{"0":"post-291731","1":"post","2":"type-post","3":"status-publish","4":"format-standard","5":"has-post-thumbnail","7":"category-arte-y-diseno","8":"tag-arquitectura-sostenible","9":"tag-arte","10":"tag-arte-y-diseno","11":"tag-arts","12":"tag-arts-and-design","13":"tag-decoracion","14":"tag-decoracion-de-interiores","15":"tag-design","16":"tag-discover","17":"tag-diseno","18":"tag-entertainment","19":"tag-entretenimiento","20":"tag-es","21":"tag-espana","22":"tag-ideas-decoracion","23":"tag-spain"},"share_on_mastodon":{"url":"https:\/\/pubeurope.com\/@es\/115731078896693218","error":""},"_links":{"self":[{"href":"https:\/\/www.europesays.com\/es\/wp-json\/wp\/v2\/posts\/291731","targetHints":{"allow":["GET"]}}],"collection":[{"href":"https:\/\/www.europesays.com\/es\/wp-json\/wp\/v2\/posts"}],"about":[{"href":"https:\/\/www.europesays.com\/es\/wp-json\/wp\/v2\/types\/post"}],"author":[{"embeddable":true,"href":"https:\/\/www.europesays.com\/es\/wp-json\/wp\/v2\/users\/2"}],"replies":[{"embeddable":true,"href":"https:\/\/www.europesays.com\/es\/wp-json\/wp\/v2\/comments?post=291731"}],"version-history":[{"count":0,"href":"https:\/\/www.europesays.com\/es\/wp-json\/wp\/v2\/posts\/291731\/revisions"}],"wp:featuredmedia":[{"embeddable":true,"href":"https:\/\/www.europesays.com\/es\/wp-json\/wp\/v2\/media\/291732"}],"wp:attachment":[{"href":"https:\/\/www.europesays.com\/es\/wp-json\/wp\/v2\/media?parent=291731"}],"wp:term":[{"taxonomy":"category","embeddable":true,"href":"https:\/\/www.europesays.com\/es\/wp-json\/wp\/v2\/categories?post=291731"},{"taxonomy":"post_tag","embeddable":true,"href":"https:\/\/www.europesays.com\/es\/wp-json\/wp\/v2\/tags?post=291731"}],"curies":[{"name":"wp","href":"https:\/\/api.w.org\/{rel}","templated":true}]}}