{"id":291743,"date":"2025-12-16T20:22:16","date_gmt":"2025-12-16T20:22:16","guid":{"rendered":"https:\/\/www.europesays.com\/es\/291743\/"},"modified":"2025-12-16T20:22:16","modified_gmt":"2025-12-16T20:22:16","slug":"s-datos-de-empleo-ee-uu-frenan-apuestas-de-recortes","status":"publish","type":"post","link":"https:\/\/www.europesays.com\/es\/291743\/","title":{"rendered":"S&#038;P 500 cae; datos de empleo EE.UU. frenan apuestas de recortes"},"content":{"rendered":"<p>    <img fetchpriority=\"high\" decoding=\"async\" src=\"data:image\/gif;base64,R0lGODlhAQABAIAAAAAAAP\/\/\/ywAAAAAAQABAAACAUwAOw==\" alt=\"Foto: Michael Nagle\/Bloomberg\" loading=\"eager\" height=\"640\" width=\"960\" class=\"yf-lglytj loader\"\/> Foto: Michael Nagle\/Bloomberg      <\/p>\n<p class=\"yf-7hmkaz\">(Bloomberg) &#8212; Se\u00f1ales de que el mercado laboral de EE.UU. est\u00e1 d\u00e9bil, aunque no deterior\u00e1ndose r\u00e1pidamente, llevaron a los operadores a abstenerse de aumentar las apuestas sobre recortes de tasas de la Reserva Federal en el corto plazo, lo que hizo que las acciones bajaran mientras los bonos mostraban movimientos leves.<\/p>\n<p class=\"yf-7hmkaz\">El mercado recibi\u00f3 con cautela la \u00faltima lectura que reflej\u00f3 algunos de los impactos del cierre de gobierno m\u00e1s largo en la historia de EE.UU. El S&amp;P 500 ca\u00eda por tercer d\u00eda consecutivo. Los rendimientos de los Treasuries bajaban ligeramente, mientras los swaps asignaban solo un 20% de probabilidad a un recorte de la Fed en enero. Para mediados de 2026, un recorte ya est\u00e1 totalmente descontado.<\/p>\n<p class=\"yf-7hmkaz\">Lo m\u00e1s le\u00eddo de Bloomberg<\/p>\n<p>       <img decoding=\"async\" src=\"data:image\/gif;base64,R0lGODlhAQABAIAAAAAAAP\/\/\/ywAAAAAAQABAAACAUwAOw==\" alt=\"Los comerciantes analizan datos econ\u00f3micos.Fot\u00f3grafo: Michael Nagle\/Bloomberg\" loading=\"lazy\" height=\"640\" width=\"960\" class=\"yf-lglytj loader\"\/> Los comerciantes analizan datos econ\u00f3micos.Fot\u00f3grafo: Michael Nagle\/Bloomberg      <\/p>\n<p class=\"yf-7hmkaz\">Las n\u00f3minas no agr\u00edcolas aumentaron en 64.000 en noviembre tras caer en 105.000 en octubre en medio de una contracci\u00f3n del empleo federal. La tasa de desempleo fue de 4,6% el mes pasado, frente al 4,4% de septiembre y su nivel m\u00e1s alto desde 2021.<\/p>\n<p class=\"yf-7hmkaz\">\u201cEl informe contiene suficiente debilidad como para justificar recortes previos, pero ofrece poco respaldo para un alivio monetario significativamente m\u00e1s profundo\u201d, dijo Kevin O\u2019Neil, de Brandywine Global. \u201cCon se\u00f1ales mixtas en el mercado laboral, la pr\u00f3xima lectura de inflaci\u00f3n podr\u00eda convertirse en el principal factor para los mercados al entrar en el nuevo a\u00f1o\u201d.<\/p>\n<p class=\"yf-7hmkaz\">Es poco probable que la Fed d\u00e9 mucho peso a estos datos dados los trastornos, seg\u00fan Kay Haigh de Goldman Sachs Asset Management.<\/p>\n<p class=\"yf-7hmkaz\">\u201cEl informe de los datos de empleo de diciembre, que se publicar\u00e1 a inicios de enero antes de la pr\u00f3xima reuni\u00f3n, ser\u00e1 probablemente un indicador mucho m\u00e1s relevante para la Fed al decidir la trayectoria de pol\u00edtica de corto plazo\u201d, se\u00f1al\u00f3 Haigh.<\/p>\n<p class=\"yf-7hmkaz\">Si bien la lectura de empleo fue un \u201cregalo\u201d para quienes esperan que la Fed siga un camino m\u00e1s moderado en 2026, no hay indicios de que la econom\u00eda en general se haya descarrilado, se\u00f1al\u00f3 Ellen Zentner de Morgan Stanley Wealth Management.<\/p>\n<p class=\"yf-7hmkaz\">Un informe separado mostr\u00f3 que las ventas minoristas en EE.UU. variaron poco en octubre, ya que el gasto s\u00f3lido en varias categor\u00edas fue contrarrestado por una ca\u00edda en los concesionarios de veh\u00edculos.<\/p>\n<p class=\"yf-7hmkaz\">Principales movimientos del mercado<\/p>\n<p class=\"yf-7hmkaz\">Acciones<\/p>\n<ul class=\"yf-h8k6hx\">\n<li class=\"yf-h8k6hx\">\n<p class=\"yf-7hmkaz\">El S&amp;P 500 baj\u00f3 0,5% a las 11:30 en Nueva York<\/p>\n<\/li>\n<li class=\"yf-h8k6hx\">\n<p class=\"yf-7hmkaz\">El Nasdaq 100 baj\u00f3 0,4%<\/p>\n<\/li>\n<li class=\"yf-h8k6hx\">\n<p class=\"yf-7hmkaz\">El Dow Jones Industrial Average baj\u00f3 0,5%<\/p>\n<\/li>\n<li class=\"yf-h8k6hx\">\n<p class=\"yf-7hmkaz\">El Stoxx Europe 600 baj\u00f3 0,4%<\/p>\n<\/li>\n<li class=\"yf-h8k6hx\">\n<p class=\"yf-7hmkaz\">El MSCI World Index baj\u00f3 0,5%<\/p>\n<\/li>\n<li class=\"yf-h8k6hx\">\n<p class=\"yf-7hmkaz\">El Bloomberg Magnificent 7 Total Return Index baj\u00f3 0,2%<\/p>\n<\/li>\n<li class=\"yf-h8k6hx\">\n<p class=\"yf-7hmkaz\">El Russell 2000 Index baj\u00f3 0,5%<\/p>\n<\/li>\n<\/ul>\n","protected":false},"excerpt":{"rendered":"Foto: Michael Nagle\/Bloomberg (Bloomberg) &#8212; Se\u00f1ales de que el mercado laboral de EE.UU. est\u00e1 d\u00e9bil, aunque no deterior\u00e1ndose&hellip;\n","protected":false},"author":2,"featured_media":247128,"comment_status":"","ping_status":"","sticky":false,"template":"","format":"standard","meta":{"footnotes":""},"categories":[80],"tags":[14278,82,69890,95,94,4331,25,24,23,16541],"class_list":{"0":"post-291743","1":"post","2":"type-post","3":"status-publish","4":"format-standard","5":"has-post-thumbnail","7":"category-economia","8":"tag-bloomberg","9":"tag-business","10":"tag-concesionarios-de-vehiculos","11":"tag-economia","12":"tag-economy","13":"tag-ee-uu","14":"tag-es","15":"tag-espana","16":"tag-spain","17":"tag-tasa-de-desempleo"},"share_on_mastodon":{"url":"https:\/\/pubeurope.com\/@es\/115731113242529401","error":""},"_links":{"self":[{"href":"https:\/\/www.europesays.com\/es\/wp-json\/wp\/v2\/posts\/291743","targetHints":{"allow":["GET"]}}],"collection":[{"href":"https:\/\/www.europesays.com\/es\/wp-json\/wp\/v2\/posts"}],"about":[{"href":"https:\/\/www.europesays.com\/es\/wp-json\/wp\/v2\/types\/post"}],"author":[{"embeddable":true,"href":"https:\/\/www.europesays.com\/es\/wp-json\/wp\/v2\/users\/2"}],"replies":[{"embeddable":true,"href":"https:\/\/www.europesays.com\/es\/wp-json\/wp\/v2\/comments?post=291743"}],"version-history":[{"count":0,"href":"https:\/\/www.europesays.com\/es\/wp-json\/wp\/v2\/posts\/291743\/revisions"}],"wp:featuredmedia":[{"embeddable":true,"href":"https:\/\/www.europesays.com\/es\/wp-json\/wp\/v2\/media\/247128"}],"wp:attachment":[{"href":"https:\/\/www.europesays.com\/es\/wp-json\/wp\/v2\/media?parent=291743"}],"wp:term":[{"taxonomy":"category","embeddable":true,"href":"https:\/\/www.europesays.com\/es\/wp-json\/wp\/v2\/categories?post=291743"},{"taxonomy":"post_tag","embeddable":true,"href":"https:\/\/www.europesays.com\/es\/wp-json\/wp\/v2\/tags?post=291743"}],"curies":[{"name":"wp","href":"https:\/\/api.w.org\/{rel}","templated":true}]}}