{"id":291746,"date":"2025-12-16T20:30:30","date_gmt":"2025-12-16T20:30:30","guid":{"rendered":"https:\/\/www.europesays.com\/es\/291746\/"},"modified":"2025-12-16T20:30:30","modified_gmt":"2025-12-16T20:30:30","slug":"mercosur-el-parlamento-aprueba-medidas-de-salvaguarda-para-productos-agricolas-noticias","status":"publish","type":"post","link":"https:\/\/www.europesays.com\/es\/291746\/","title":{"rendered":"Mercosur: el Parlamento aprueba medidas de salvaguarda para productos agr\u00edcolas | Noticias"},"content":{"rendered":"<p class=\"ep-wysiwig_paragraph\">La posici\u00f3n del Parlamento fue aprobada por 431 votos a favor, 161 en contra y 70 abstenciones. Las negociaciones con el Consejo sobre la forma final del texto tendr\u00e1n lugar ma\u00f1ana, 17 de diciembre.<\/p>\n<p class=\"ep-wysiwig_paragraph\">El proyecto de reglamento establece c\u00f3mo la UE podr\u00eda suspender temporalmente las preferencias arancelarias a las importaciones de ciertos productos agr\u00edcolas considerados sensibles desde Argentina, Brasil, Paraguay y Uruguay, como la carne de ave y de vacuno, si se detecta un perjuicio a los productores europeos.<\/p>\n<p class=\"ep-wysiwig_paragraph\">Seg\u00fan el Parlamento, la Comisi\u00f3n deber\u00eda iniciar una investigaci\u00f3n sobre la necesidad de medidas de protecci\u00f3n cuando las importaciones de productos agr\u00edcolas sensibles se incrementen de media un 5% en un periodo de tres a\u00f1os, comparado con el 10% en la propuesta de la Comisi\u00f3n. Los eurodiputados tambi\u00e9n quieren plazos de investigaci\u00f3n m\u00e1s cortos para que las salvaguardas se puedan activar antes (tres meses frente a los seis de la propuesta, y dos en vez de cuatro en el caso de productos sensibles).<\/p>\n<p class=\"ep-wysiwig_paragraph\">El Parlamento aprob\u00f3 una enmienda que incluye un mecanismo de reciprocidad, en virtud del cual la Comisi\u00f3n iniciar\u00e1 una investigaci\u00f3n y adoptar\u00e1 medidas de salvaguardia cuando existan pruebas cre\u00edbles de que las importaciones que se benefician de preferencias arancelarias no cumplen requisitos equivalentes en materia de medio ambiente, bienestar animal, salud, seguridad alimentaria o protecci\u00f3n laboral a los que se aplican a los productores de la UE.<\/p>\n<p class=\"ep-wysiwig_paragraph\"><a href=\"https:\/\/www.europarl.europa.eu\/meps\/en\/96936\/GABRIEL_MATO\/home\" target=\"_blank\" rel=\"noopener nofollow\">Gabriel Mato (PPE, Espa\u00f1a)<\/a>, ponente del Parlamento para Mercosur, dijo: \u00abCelebro el firme compromiso mostrado por los grupos pol\u00edticos para respaldar un compromiso s\u00f3lido y equilibrado. Estas salvaguardas mejoran de manera significativa el funcionamiento del reglamento, al garantizar una mayor protecci\u00f3n para nuestros agricultores y un marco de aplicaci\u00f3n m\u00e1s fiable. Los compromisos alcanzados tambi\u00e9n reflejan las principales prioridades planteadas por nuestros colegas de la comisi\u00f3n de Agricultura, esencial para generar una amplia confianza en la C\u00e1mara. Har\u00e9 todo lo necesario para defender estas mejoras en las negociaciones que est\u00e1n por venir, ya que no solo son eficaces, sino tambi\u00e9n justas e indispensables para lograr un resultado cre\u00edble\u00bb.<\/p>\n<p class=\"ep-wysiwig_paragraph\"><a href=\"https:\/\/www.europarl.europa.eu\/meps\/en\/1909\/BERND_LANGE\/home\" target=\"_blank\" rel=\"noopener nofollow\">Bernd Lange (S&amp;D, Alemania)<\/a>, presidente de la comisi\u00f3n parlamentaria de Comercio Internacional, declar\u00f3: \u00abEl sentido com\u00fan ha prevalecido: incluso los eurodiputados esc\u00e9pticos sobre el acuerdo comercial con Mercosur son conscientes de que redunda en inter\u00e9s de todos disponer de una red de seguridad adicional de este tipo. Conf\u00edo en que tambi\u00e9n entiendan que vivimos en un mundo totalmente diferente al de hace unos meses. La \u00fanica respuesta sensata a lo que China y Estados Unidos est\u00e1n haciendo es dar luz verde al acuerdo del Mercosur. Hacer lo contrario ser\u00eda geopol\u00edticamente irresponsable y un sinsentido econ\u00f3mico. Algunos otros poderes a los que les gusta retratarnos como irrelevantes se frotar\u00edan las manos con alegr\u00eda. La l\u00ednea de meta ya est\u00e1 a la vista y deber\u00edamos cruzarla\u00bb.\u00bb.<\/p>\n<p class=\"ep-wysiwig_paragraph\"><strong>Contexto<\/strong><\/p>\n<p class=\"ep-wysiwig_paragraph\"><a href=\"https:\/\/ec.europa.eu\/commission\/presscorner\/detail\/es\/ip_25_2309\" target=\"_blank\" rel=\"noopener nofollow\">Las cl\u00e1usulas de salvaguarda bilateral<\/a> son parte tanto del Acuerdo de Asociaci\u00f3n UE-Mercosur como del Acuerdo Comercial Provisional UE-Mercosur. Ambos acuerdos a\u00fan deben ser ratificados por el Parlamento Europeo, despu\u00e9s de la firma prevista para finales de este mes.<\/p>\n<p class=\"ep-wysiwig_paragraph\">La UE es el segundo mayor socio comercial de Mercosur en bienes, con exportaciones por 57.000 millones de euros en 2024. La UE representa una cuarta parte del comercio total de Mercosur en servicios, con exportaciones de la UE hacia la regi\u00f3n por un valor de 29.000 millones de euros en 2023.<\/p>\n","protected":false},"excerpt":{"rendered":"La posici\u00f3n del Parlamento fue aprobada por 431 votos a favor, 161 en contra y 70 abstenciones. Las&hellip;\n","protected":false},"author":2,"featured_media":193618,"comment_status":"","ping_status":"","sticky":false,"template":"","format":"standard","meta":{"footnotes":""},"categories":[5],"tags":[17,18,69891,25,24,13,14,11,19,20,9,10,15,16,69787,36609,23,12,21,22],"class_list":{"0":"post-291746","1":"post","2":"type-post","3":"status-publish","4":"format-standard","5":"has-post-thumbnail","7":"category-titulares","8":"tag-breaking-news","9":"tag-breakingnews","10":"tag-cominta","11":"tag-es","12":"tag-espana","13":"tag-featured-news","14":"tag-featurednews","15":"tag-headlines","16":"tag-latest-news","17":"tag-latestnews","18":"tag-news","19":"tag-noticias","20":"tag-noticias-destacadas","21":"tag-noticiasdestacadas","22":"tag-plenarydate15-12-2025","23":"tag-producttypepress_release","24":"tag-spain","25":"tag-titulares","26":"tag-ultimas-noticias","27":"tag-ultimasnoticias"},"share_on_mastodon":{"url":"https:\/\/pubeurope.com\/@es\/115731144571301604","error":""},"_links":{"self":[{"href":"https:\/\/www.europesays.com\/es\/wp-json\/wp\/v2\/posts\/291746","targetHints":{"allow":["GET"]}}],"collection":[{"href":"https:\/\/www.europesays.com\/es\/wp-json\/wp\/v2\/posts"}],"about":[{"href":"https:\/\/www.europesays.com\/es\/wp-json\/wp\/v2\/types\/post"}],"author":[{"embeddable":true,"href":"https:\/\/www.europesays.com\/es\/wp-json\/wp\/v2\/users\/2"}],"replies":[{"embeddable":true,"href":"https:\/\/www.europesays.com\/es\/wp-json\/wp\/v2\/comments?post=291746"}],"version-history":[{"count":0,"href":"https:\/\/www.europesays.com\/es\/wp-json\/wp\/v2\/posts\/291746\/revisions"}],"wp:featuredmedia":[{"embeddable":true,"href":"https:\/\/www.europesays.com\/es\/wp-json\/wp\/v2\/media\/193618"}],"wp:attachment":[{"href":"https:\/\/www.europesays.com\/es\/wp-json\/wp\/v2\/media?parent=291746"}],"wp:term":[{"taxonomy":"category","embeddable":true,"href":"https:\/\/www.europesays.com\/es\/wp-json\/wp\/v2\/categories?post=291746"},{"taxonomy":"post_tag","embeddable":true,"href":"https:\/\/www.europesays.com\/es\/wp-json\/wp\/v2\/tags?post=291746"}],"curies":[{"name":"wp","href":"https:\/\/api.w.org\/{rel}","templated":true}]}}