{"id":291754,"date":"2025-12-16T20:39:14","date_gmt":"2025-12-16T20:39:14","guid":{"rendered":"https:\/\/www.europesays.com\/es\/291754\/"},"modified":"2025-12-16T20:39:14","modified_gmt":"2025-12-16T20:39:14","slug":"la-fifa-tambien-se-olvida-de-raphinha","status":"publish","type":"post","link":"https:\/\/www.europesays.com\/es\/291754\/","title":{"rendered":"La FIFA tambi\u00e9n se olvida de Raphinha"},"content":{"rendered":"<p>                        El extremo brasile\u00f1o qued\u00f3 fuera del once ideal de la pasada temporada pese a firmar una campa\u00f1a espectacular, con 34 goles y 22 asistencias y siendo clave en la conquista del triplete nacional del Bar\u00e7a<br \/>\nYa no fue incluido en el once de FIFPro y termin\u00f3 quinto del Bal\u00f3n de Oro\n<\/p>\n<p><img src=\"https:\/\/www.mundodeportivo.com\/files\/image_449_220\/files\/fp\/uploads\/2025\/12\/03\/6930777bc29b5.r_d.3842-1659-1099.jpeg\" data-full-src=\"https:\/\/www.europesays.com\/es\/wp-content\/uploads\/2025\/12\/6930777bc29b5.jpeg\" alt=\"Horizontal\" width=\"449\" height=\"220\" class=\"nolazy\" decoding=\"async\" fetchpriority=\"high\"\/><\/p>\n<p class=\"caption-title \">Partido de futbol e la Liga EA Sports FC Barcelona Atletico de Madrid Celebraciones del gol de Raphinha<\/p>\n<p>Pere Punt\u00ed \/ Propias<\/p>\n<p>                <img loading=\"lazy\" decoding=\"async\" width=\"60\" height=\"60\" alt=\"La FIFA tambi\u00e9n se olvida de Raphinha\" title=\"\" src=\"\/files\/image_60_60\/uploads\/2021\/07\/27\/610032bd7c57c.png\" class=\"lazy\"\/><\/p>\n<p>\n                        Actualizado a  16\/12\/2025 20:00 CET\n                    <\/p>\n<p data-gtm-element-container=\"modulo-texto-link\" class=\"paragraph\">Nuevo menosprecio a la espectacular pasada temporada de <strong>Raphinha <\/strong>(29 a\u00f1os), en la que marc\u00f3 34 goles, reparti\u00f3 22 asistencias y fue decisivo para el Bar\u00e7a en la conquista de LaLiga, la Copa del Rey y la Supercopa de Espa\u00f1a. En esta ocasi\u00f3n fue la <strong>FIFA <\/strong>la que dej\u00f3 fuera al extremo brasile\u00f1o del equipo ideal de la temporada que se desvel\u00f3 este martes en la gala de los premios The Best. Un once en el que s\u00ed figuran jugadores como <strong>Jude Bellingham<\/strong> o <strong>Cole Palmer<\/strong>, que tuvieron una campa\u00f1a muy por debajo del rendimiento de <strong>Raphinha<\/strong>.<\/p>\n<blockquote class=\"twitter-tweet\" data-lang=\"es\"><p>\n<a href=\"https:\/\/twitter.com\/FIFAWorldCup\/status\/2000983265243480153\" rel=\"nofollow noopener\" target=\"_blank\">\n<\/p><\/blockquote>\n<p data-gtm-element-container=\"modulo-texto-link\" class=\"paragraph\"><strong>Raphinha <\/strong>ya qued\u00f3 <strong>fuera del once de la temporada FIFPro<\/strong>, votado por futbolistas, y finaliz\u00f3 <strong>quinto <\/strong>en las votaciones del <strong>Bal\u00f3n de Oro<\/strong> pese a registrar la mayor cifra de goles y asistencias de la temporada. No hay que olvidar que el brasile\u00f1o tambi\u00e9n fue el <strong>m\u00e1ximo goleador de la anterior Champions League, con 13 tantos<\/strong>. Unos m\u00e9ritos que no han sido recompensados por la FIFA.<\/p>\n<p>    Lee tambi\u00e9n<\/p>\n<p data-gtm-element-container=\"modulo-texto-link\" class=\"paragraph\">Cabe recordar que el propio <strong>Raphinha <\/strong>ha expresado en varias ocasiones su malestar por el poco reconocimiento individual que tuvo su gran temporada y dej\u00f3 claro que \u00abno ganar el Bal\u00f3n de Oro fue una decepci\u00f3n personal\u00bb despu\u00e9s de firmar un curso para enmarcar. Seguro que este nuevo olvido en los premios motiva a <strong>Raphinha <\/strong>para dar una versi\u00f3n todav\u00eda mejor de la que ha mostrado en sus \u00faltimos a\u00f1os en el <strong>Bar\u00e7a<\/strong>.<\/p>\n<p>\n        Mostrar comentarios\n    <\/p>\n<p>{\u00aballowComment\u00bb:\u00bballowed\u00bb,\u00bbarticleId\u00bb:\u00bbarticle-1002588059&#8243;,\u00bburl\u00bb:\u00bbhttps:\\\/\\\/www.mundodeportivo.com\\\/futbol\\\/fc-barcelona\\\/20251216\\\/1002588059\\\/fifa-olvida-raphinha.html\u00bb,\u00bblivefyre-url\u00bb:\u00bbarticle-1002588059&#8243;}<\/p>\n<p>Cargando siguiente contenido&#8230;\n                <\/p>\n<p>    <script async src=\"https:\/\/platform.twitter.com\/widgets.js\" charset=\"utf-8\"><\/script><\/p>\n","protected":false},"excerpt":{"rendered":"El extremo brasile\u00f1o qued\u00f3 fuera del once ideal de la pasada temporada pese a firmar una campa\u00f1a espectacular,&hellip;\n","protected":false},"author":2,"featured_media":291755,"comment_status":"","ping_status":"","sticky":false,"template":"","format":"standard","meta":{"footnotes":""},"categories":[268],"tags":[168,25,24,280,282,281,23,167],"class_list":{"0":"post-291754","1":"post","2":"type-post","3":"status-publish","4":"format-standard","5":"has-post-thumbnail","7":"category-futbol","8":"tag-deportes","9":"tag-es","10":"tag-espana","11":"tag-football","12":"tag-futbol","13":"tag-soccer","14":"tag-spain","15":"tag-sports"},"share_on_mastodon":{"url":"https:\/\/pubeurope.com\/@es\/115731180398299029","error":""},"_links":{"self":[{"href":"https:\/\/www.europesays.com\/es\/wp-json\/wp\/v2\/posts\/291754","targetHints":{"allow":["GET"]}}],"collection":[{"href":"https:\/\/www.europesays.com\/es\/wp-json\/wp\/v2\/posts"}],"about":[{"href":"https:\/\/www.europesays.com\/es\/wp-json\/wp\/v2\/types\/post"}],"author":[{"embeddable":true,"href":"https:\/\/www.europesays.com\/es\/wp-json\/wp\/v2\/users\/2"}],"replies":[{"embeddable":true,"href":"https:\/\/www.europesays.com\/es\/wp-json\/wp\/v2\/comments?post=291754"}],"version-history":[{"count":0,"href":"https:\/\/www.europesays.com\/es\/wp-json\/wp\/v2\/posts\/291754\/revisions"}],"wp:featuredmedia":[{"embeddable":true,"href":"https:\/\/www.europesays.com\/es\/wp-json\/wp\/v2\/media\/291755"}],"wp:attachment":[{"href":"https:\/\/www.europesays.com\/es\/wp-json\/wp\/v2\/media?parent=291754"}],"wp:term":[{"taxonomy":"category","embeddable":true,"href":"https:\/\/www.europesays.com\/es\/wp-json\/wp\/v2\/categories?post=291754"},{"taxonomy":"post_tag","embeddable":true,"href":"https:\/\/www.europesays.com\/es\/wp-json\/wp\/v2\/tags?post=291754"}],"curies":[{"name":"wp","href":"https:\/\/api.w.org\/{rel}","templated":true}]}}