{"id":291756,"date":"2025-12-16T20:40:09","date_gmt":"2025-12-16T20:40:09","guid":{"rendered":"https:\/\/www.europesays.com\/es\/291756\/"},"modified":"2025-12-16T20:40:09","modified_gmt":"2025-12-16T20:40:09","slug":"beret-el-reflejo-de-las-familias-que-pierden-a-un-ser-querido-por-una-negligencia-medica-no-consigo-reponerme","status":"publish","type":"post","link":"https:\/\/www.europesays.com\/es\/291756\/","title":{"rendered":"Beret, el reflejo de las familias que pierden a un ser querido por una negligencia m\u00e9dica: \u00abNo consigo reponerme\u00bb"},"content":{"rendered":"<p>Por primera vez, el cantante<b> Beret <\/b>ha hablado de la causa de la muerte de su hermana. Este siempre habl\u00f3 de lo dolorosa que fue su marcha en 2022, aunque nunca del motivo, que hoy por fin conocemos.<\/p>\n<p>El artista apunta a una <b>negligencia m\u00e9dica<\/b>, desvelando que los m\u00e9dicos <b>se dejaron un objeto dentro de su cuerpo<\/b> en una operaci\u00f3n que a priori no ten\u00eda ninguna complicaci\u00f3n. Este tuvo que enfrentarse al sufrimiento de sentir que se llevaron a su hermana antes de tiempo.<\/p>\n<p>Su ejemplo es el de muchas familias que han perdido a un ser querido de manera repentina y por un error m\u00e9dico. Es el caso de <b>Sigfrido<\/b>, que perdi\u00f3 a su mujer hace poco m\u00e1s de un a\u00f1o porque no le hicieron a tiempo un electrocardiograma.<\/p>\n<p>\u00abLe dijeron que ten\u00eda bronquitis, pero lo que ten\u00eda era un taponamiento de la aorta que le estaba provocando microinfartos,<b> ya ten\u00eda medio coraz\u00f3n muerto<\/b>\u00ab, nos cuenta,<b> \u00abno consigo reponerme\u00bb<\/b>. Un dolor que no solo se llev\u00f3 la vida de su mujer, sino parte de la de Sigfrido.<\/p>\n","protected":false},"excerpt":{"rendered":"Por primera vez, el cantante Beret ha hablado de la causa de la muerte de su hermana. Este&hellip;\n","protected":false},"author":2,"featured_media":291757,"comment_status":"","ping_status":"","sticky":false,"template":"","format":"standard","meta":{"footnotes":""},"categories":[174],"tags":[255,146,147,25,24,256,23],"class_list":{"0":"post-291756","1":"post","2":"type-post","3":"status-publish","4":"format-standard","5":"has-post-thumbnail","7":"category-famosos","8":"tag-celebrities","9":"tag-entertainment","10":"tag-entretenimiento","11":"tag-es","12":"tag-espana","13":"tag-famosos","14":"tag-spain"},"share_on_mastodon":{"url":"https:\/\/pubeurope.com\/@es\/115731184838851638","error":""},"_links":{"self":[{"href":"https:\/\/www.europesays.com\/es\/wp-json\/wp\/v2\/posts\/291756","targetHints":{"allow":["GET"]}}],"collection":[{"href":"https:\/\/www.europesays.com\/es\/wp-json\/wp\/v2\/posts"}],"about":[{"href":"https:\/\/www.europesays.com\/es\/wp-json\/wp\/v2\/types\/post"}],"author":[{"embeddable":true,"href":"https:\/\/www.europesays.com\/es\/wp-json\/wp\/v2\/users\/2"}],"replies":[{"embeddable":true,"href":"https:\/\/www.europesays.com\/es\/wp-json\/wp\/v2\/comments?post=291756"}],"version-history":[{"count":0,"href":"https:\/\/www.europesays.com\/es\/wp-json\/wp\/v2\/posts\/291756\/revisions"}],"wp:featuredmedia":[{"embeddable":true,"href":"https:\/\/www.europesays.com\/es\/wp-json\/wp\/v2\/media\/291757"}],"wp:attachment":[{"href":"https:\/\/www.europesays.com\/es\/wp-json\/wp\/v2\/media?parent=291756"}],"wp:term":[{"taxonomy":"category","embeddable":true,"href":"https:\/\/www.europesays.com\/es\/wp-json\/wp\/v2\/categories?post=291756"},{"taxonomy":"post_tag","embeddable":true,"href":"https:\/\/www.europesays.com\/es\/wp-json\/wp\/v2\/tags?post=291756"}],"curies":[{"name":"wp","href":"https:\/\/api.w.org\/{rel}","templated":true}]}}