{"id":291758,"date":"2025-12-16T20:41:15","date_gmt":"2025-12-16T20:41:15","guid":{"rendered":"https:\/\/www.europesays.com\/es\/291758\/"},"modified":"2025-12-16T20:41:15","modified_gmt":"2025-12-16T20:41:15","slug":"la-residencia-de-artistas-mas-vanguardista-de-europa-se-encuentra-en-este-castillo-medieval-del-siglo-xii-donde-el-diseno-de-talentos-emergentes-protagonizara-una-de-las-muestras-clave-de-2026","status":"publish","type":"post","link":"https:\/\/www.europesays.com\/es\/291758\/","title":{"rendered":"La residencia de artistas m\u00e1s vanguardista de Europa se encuentra en este castillo medieval del siglo XII donde el dise\u00f1o de talentos emergentes protagonizar\u00e1 una de las muestras clave de 2026"},"content":{"rendered":"<p><strong>Schloss Hollenegg for Design: el castillo medieval sede del dise\u00f1o contempor\u00e1neo<\/strong><\/p>\n<p>Al llegar <strong>su d\u00e9cimo aniversario,<\/strong> no es de extra\u00f1ar que la mayor\u00eda de <a href=\"https:\/\/www.revistaad.es\/galerias\/residencia-artistica-mediterraneo-hecho-a-medida\" rel=\"nofollow noopener\" target=\"_blank\">residencias de artistas<\/a> y dise\u00f1adores emergentes busquen crecer, aumentando el n\u00famero de participantes o ampliando el alcance de sus programas. Sin embargo, en el caso de <strong><a data-offer-url=\"https:\/\/schlosshollenegg.at\/\" class=\"external-link\" data-event-click=\"{&quot;element&quot;:&quot;ExternalLink&quot;,&quot;outgoingURL&quot;:&quot;https:\/\/schlosshollenegg.at\/&quot;}\" href=\"https:\/\/schlosshollenegg.at\/\" rel=\"nofollow noopener\" target=\"_blank\">Schloss Hollenegg for Design<\/a><\/strong> es todo lo contrario. \u201cRecuerdo que hace algunos a\u00f1os la gente me preguntaba: \u2018\u00bfC\u00f3mo piensas expandirte?\u201d, nos cuenta la comisaria italiana Alice Stori Liechtenstein, quien fundara la iniciativa en 2015 en Estiria. \u201cY mi respuesta siempre ha sido la misma: \u2018No tengo intenci\u00f3n de hacerlo\u201d, dice, ri\u00e9ndose. <strong>\u201cSolo quiero seguir echando ra\u00edces y consolidar lo que hemos construido\u201d.<\/strong><\/p>\n<p><img decoding=\"async\" alt=\"Mujer en palacio austriaco\" loading=\"lazy\" class=\"ResponsiveImageContainer-eNxvmU cfBbTk responsive-image__image\"   src=\"https:\/\/www.europesays.com\/es\/wp-content\/uploads\/2025\/12\/AD_Schloss_Hollenegg_of_design_Julius_Hirtzberger_B0066193.jpeg\"\/><\/p>\n<p>La curadora italiana Alice Stori Liechtenstein.<\/p>\n<p>\u00a9 Julius Hirtzberger<strong>Renacimiento, barroco y arte contempor\u00e1neo<\/strong><\/p>\n<p>La estabilidad es una constante en la historia de este <a href=\"https:\/\/www.revistaad.es\/lugares\/articulos\/castillos-instagram-fotografiados-hay-uno-espana\/29159\" rel=\"nofollow noopener\" target=\"_blank\">castillo<\/a> medieval austriaco, construido en el siglo XII y parte del patrimonio familiar del marido de Alice desde la segunda d\u00e9cada del siglo XIX. Su nombre no solo viene de la propia construcci\u00f3n (schloss significa \u2018<a href=\"https:\/\/www.revistaad.es\/articulos\/marmol-rosa-en-la-piscina-de-un-palacio-gaditano\" rel=\"nofollow noopener\" target=\"_blank\">palacio<\/a>\u2019 o \u2018castillo\u2019 en alem\u00e1n), sino que tambi\u00e9n refleja su diversidad estil\u00edstica: <strong>un fascinante collage de elementos renacentistas, barrocos y contempor\u00e1neos que definen su identidad actual.<\/strong> Las obras creadas en el marco de este proyecto suelen integrarse en la propiedad una vez concluidas las exposiciones, convirti\u00e9ndose en parte esencial de su paisaje interior.<\/p>\n<p><img decoding=\"async\" alt=\"Palacio austriaco con piezas de dise\u00f1o contemporneo\" loading=\"lazy\" class=\"ResponsiveImageContainer-eNxvmU cfBbTk responsive-image__image\"   src=\"https:\/\/www.europesays.com\/es\/wp-content\/uploads\/2025\/12\/AD_Schloss_Hollenegg_of_design_Julius_Hirtzberger_B0066270.jpeg\"\/><\/p>\n<p>En mitad de una de las salas, instalaci\u00f3n de la artista Nel Verbeke.<\/p>\n<p>\u00a9 Julius Hirtzberger<strong>El material estrella de 2026<\/strong><\/p>\n<p>Hace cinco a\u00f1os, Alice Stori Liechtenstein decidi\u00f3 centrar la residencia \u2013y la correspondiente exposici\u00f3n anual que celebra cada primavera\u2013 en la exploraci\u00f3n de un solo material. El cambio fue, en parte, una respuesta a la pandemia de 2020 y al deseo de la comisaria de arraigar el proyecto en algo menos conceptual. \u201cCentrarse en una sola cosa nos permite explorar m\u00e1s all\u00e1 ese elemento en concreto\u201d, explica. La pr\u00f3xima muestra, Element: <a href=\"https:\/\/www.revistaad.es\/articulos\/se-llevan-los-muebles-de-metal-te-explicamos-como-integrar-el-aluminio-y-el-acero-inoxidable-en-casa\" rel=\"nofollow noopener\" target=\"_blank\">Metal<\/a><a href=\"https:\/\/www.revistaad.es\/articulos\/se-llevan-los-muebles-de-metal-te-explicamos-como-integrar-el-aluminio-y-el-acero-inoxidable-en-casa\" rel=\"nofollow noopener\" target=\"_blank\">,<\/a> se inaugurar\u00e1 el 9 de mayo de 2026 y estar\u00e1 dedicada a esta materia prima, a su belleza, a su importancia simb\u00f3lica y a la realidad, a menudo dura y violenta, de su producci\u00f3n. \u201c<strong>El <a href=\"https:\/\/www.revistaad.es\/articulos\/una-casa-minimalista-que-confirma-la-tendencia-del-ano-metal\" rel=\"nofollow noopener\" target=\"_blank\">metal<\/a> siempre ha sido una fuente de poder\u201d, asegura la italiana. \u201cLa forma en que se fabrica y el lugar del que se extrae tiene enormes implicaciones\u201d, a\u00f1ade, subrayando la explotaci\u00f3n que las naciones con mayor poder adquisitivo ejercen sobre las ricas en recursos, una pr\u00e1ctica que ha tenido un efecto devastador y de la que se habla demasiado poco.<\/strong><\/p>\n<p><img decoding=\"async\" alt=\"Dormitorio medieval con cama con dosel\" loading=\"lazy\" class=\"ResponsiveImageContainer-eNxvmU cfBbTk responsive-image__image\"   src=\"https:\/\/www.europesays.com\/es\/wp-content\/uploads\/2025\/12\/AD_Schloss_Hollenegg_of_design_Julius_Hirtzberger_B0066394.jpeg\"\/><\/p>\n<p>Una alfombra de Odd Matter junto a una antigua cama con dosel.<\/p>\n<p>\u00a9 Julius Hirtzberger<img decoding=\"async\" alt=\"Sal\u00f3n de palacio austriaco con comedor de madera y frescos en paredes\" loading=\"lazy\" class=\"ResponsiveImageContainer-eNxvmU cfBbTk responsive-image__image\"   src=\"https:\/\/www.europesays.com\/es\/wp-content\/uploads\/2025\/12\/AD_Schloss_Hollenegg_of_design_Julius_Hirtzberger_B0066352.jpeg\"\/><\/p>\n<p>Una de las salas del castillo.<\/p>\n<p>\u00a9 Julius Hirtzberger<strong>Dise\u00f1o que plantea preguntas<\/strong><\/p>\n<p>Estos temas son, seg\u00fan ella, \u201calgo que realmente quer\u00eda destacar en la exposici\u00f3n y a lo que hacer referencia. <strong>Debemos abandonar los combustibles f\u00f3siles, s\u00ed, pero si en el proceso cavamos otro tipo de fosa, \u00bfqu\u00e9 es lo que estamos consiguiendo realmente?\u201d<\/strong>. Los artistas invitados abordar\u00e1n estas preguntas junto a otras cuestiones est\u00e9ticas. Entre ellos se encuentra Altynai Osmo, un creador multimedia de Kirguist\u00e1n, que ahondar\u00e1 en los roles de g\u00e9nero y las tradiciones artesanales de su pa\u00eds a trav\u00e9s de objetos de <a href=\"https:\/\/www.revistaad.es\/decoracion\/alerta-tendencia\/articulos\/plata-vieja-una-tendencia-que-sigue-siendo-nueva\/28166\" rel=\"nofollow noopener\" target=\"_blank\">plata<\/a> y fieltro. Tambi\u00e9n participa Ildar Wafin, artesano del metal y dise\u00f1ador de joyas finland\u00e9s, que realizar\u00e1 su obra junto a Jarosinski &amp; Vaughan, el \u00faltimo taller orfebre que sobrevive en Viena, fundado en 1847. Por \u00faltimo, el dise\u00f1ador, artista e investigador italiano Mantas Lesauskas crear\u00e1 un juego de ajedrez de metal inspirado en una <a href=\"https:\/\/www.revistaad.es\/articulos\/mesas-de-comedor-granddes-elegantes-compras\" rel=\"nofollow noopener\" target=\"_blank\">mesa<\/a> encontrada en el interior del castillo, decorada con un tablero de incrustaciones en forma de damero.<\/p>\n","protected":false},"excerpt":{"rendered":"Schloss Hollenegg for Design: el castillo medieval sede del dise\u00f1o contempor\u00e1neo Al llegar su d\u00e9cimo aniversario, no es&hellip;\n","protected":false},"author":2,"featured_media":291759,"comment_status":"","ping_status":"","sticky":false,"template":"","format":"standard","meta":{"footnotes":""},"categories":[173],"tags":[229,233,231,230,232,234,146,147,25,24,12444,23,12443],"class_list":{"0":"post-291758","1":"post","2":"type-post","3":"status-publish","4":"format-standard","5":"has-post-thumbnail","7":"category-arte-y-diseno","8":"tag-arte","9":"tag-arte-y-diseno","10":"tag-arts","11":"tag-arts-and-design","12":"tag-design","13":"tag-diseno","14":"tag-entertainment","15":"tag-entretenimiento","16":"tag-es","17":"tag-espana","18":"tag-magazine","19":"tag-spain","20":"tag-splitscreenimageleftfullbleed"},"share_on_mastodon":{"url":"https:\/\/pubeurope.com\/@es\/115731188305989083","error":""},"_links":{"self":[{"href":"https:\/\/www.europesays.com\/es\/wp-json\/wp\/v2\/posts\/291758","targetHints":{"allow":["GET"]}}],"collection":[{"href":"https:\/\/www.europesays.com\/es\/wp-json\/wp\/v2\/posts"}],"about":[{"href":"https:\/\/www.europesays.com\/es\/wp-json\/wp\/v2\/types\/post"}],"author":[{"embeddable":true,"href":"https:\/\/www.europesays.com\/es\/wp-json\/wp\/v2\/users\/2"}],"replies":[{"embeddable":true,"href":"https:\/\/www.europesays.com\/es\/wp-json\/wp\/v2\/comments?post=291758"}],"version-history":[{"count":0,"href":"https:\/\/www.europesays.com\/es\/wp-json\/wp\/v2\/posts\/291758\/revisions"}],"wp:featuredmedia":[{"embeddable":true,"href":"https:\/\/www.europesays.com\/es\/wp-json\/wp\/v2\/media\/291759"}],"wp:attachment":[{"href":"https:\/\/www.europesays.com\/es\/wp-json\/wp\/v2\/media?parent=291758"}],"wp:term":[{"taxonomy":"category","embeddable":true,"href":"https:\/\/www.europesays.com\/es\/wp-json\/wp\/v2\/categories?post=291758"},{"taxonomy":"post_tag","embeddable":true,"href":"https:\/\/www.europesays.com\/es\/wp-json\/wp\/v2\/tags?post=291758"}],"curies":[{"name":"wp","href":"https:\/\/api.w.org\/{rel}","templated":true}]}}