{"id":291760,"date":"2025-12-16T20:44:14","date_gmt":"2025-12-16T20:44:14","guid":{"rendered":"https:\/\/www.europesays.com\/es\/291760\/"},"modified":"2025-12-16T20:44:14","modified_gmt":"2025-12-16T20:44:14","slug":"gira-americana-de-testament-con-overkill-y-destruction-fechas-de-rave-in-fire-nuevo-video-de-eye-of-melian","status":"publish","type":"post","link":"https:\/\/www.europesays.com\/es\/291760\/","title":{"rendered":"Gira americana de TESTAMENT con OVERKILL y DESTRUCTION. Fechas de RAVE IN FIRE. Nuevo v\u00eddeo de EYE OF MELIAN."},"content":{"rendered":"<p>\u00a0<\/p>\n<p>\u00a0<\/p>\n<p style=\"text-align: center;\"><strong><a href=\"#TESTAMENT\">Gira americana de TESTAMENT con OVERKILL y DESTRUCTION<\/a> \u2013 <a href=\"#RAVE3\">Fechas de RAVE IN FIRE<\/a> \u2013 <a href=\"#MELIAN\">Nuevo v\u00eddeo de EYE OF MELIAN<\/a>.<\/strong><\/p>\n<p><strong>TESTAMENT<\/strong> han anunciado una nueva gira norteamericana acompa\u00f1ados por <strong>OVERKILL<\/strong> y <strong>DESTRUCTION<\/strong>.<\/p>\n<p><img fetchpriority=\"high\" decoding=\"async\" src=\"https:\/\/www.europesays.com\/es\/wp-content\/uploads\/2025\/12\/gira_usa_marzo26.jpg\" alt=\"TESTAMENT\" width=\"400\" height=\"500\"\/><\/p>\n<p>Estas son las fechas:<\/p>\n<p>Marzo<\/p>\n<ul>\n<li>14 Roseland Theater, Portland, OR<\/li>\n<li>15 Treefort Music Hall, Boise, ID<\/li>\n<li>16 Rockwell at the Complex, Salt Lake City, UT<\/li>\n<li>18 Summit Music Hall, Denver, CO<\/li>\n<li>20 The Rave, Milwaukee, WI<\/li>\n<li>21 The Fillmore, Minneapolis, MN<\/li>\n<li>22 Ramova Theatre, Chicago, IL<\/li>\n<li>24 St. Andrew\u2019s Hall, Detroit, MI<\/li>\n<li>25 Agora Ballroom, Cleveland, OH<\/li>\n<li>27 Worcester, MA The Palladium<\/li>\n<li>28 Starland Ballroom, Sayreville, NJ<\/li>\n<li>29 Club Reverb, Reading, PA<\/li>\n<li>31 Buckhead Theater, Atlanta, GA<\/li>\n<\/ul>\n<p>Abril<\/p>\n<ul>\n<li>1 Jannus Live, St. Petersburg, FL<\/li>\n<li>3 House of Blues, Houston, TX<\/li>\n<li>4 The Bomb Factory, Dallas, TX<\/li>\n<li>5 Aztec Theatre, San Antonio, TX<\/li>\n<li>8 The Van Buren, Phoenix, AZ<\/li>\n<li>9 The Belasco, Los \u00c1ngeles, CA<\/li>\n<li>10 The UC Theatre, Berkeley, CA (sin OVERKILL)<\/li>\n<\/ul>\n<p>El nuevo disco de <a href=\"https:\/\/www.testamentlegions.com\/\" target=\"_blank\" rel=\"noopener nofollow\"><strong>TESTAMENT<\/strong><\/a> \u201cPara Bellum\u201d sali\u00f3 el 10 de octubre a trav\u00e9s de Nuclear Blast.<\/p>\n<p>Todos los detalles en esta <a href=\"https:\/\/www.rafabasa.com\/2025\/08\/21\/testament-leprous-kansas-1914\/#TESTAMENT\" rel=\"nofollow noopener\" target=\"_blank\">noticia<\/a> y los singles aparecidos en <a href=\"https:\/\/www.rafabasa.com\/2025\/10\/10\/testament-john-5-the-pretty-reckless\/#TESTAMENT\" rel=\"nofollow noopener\" target=\"_blank\">esta<\/a>.<\/p>\n<p>Nuestra cr\u00edtica del disco en este <a href=\"https:\/\/www.rafabasa.com\/2025\/10\/16\/critica-del-cd-de-testament-para-bellum\/\" rel=\"nofollow noopener\" target=\"_blank\">enlace<\/a>.<\/p>\n<p>Tocar\u00e1n en ROCK IMPERIUM, Resurrection Fest y Barcelona Rock fest.<\/p>\n<p>\u00a0<\/p>\n<p><strong>RAVE IN FIRE<\/strong> han anunciado las siguientes fechas:<\/p>\n<ul>\n<li>D\u00eda 30 de enero Sala Utop\u00eda \u2013 Zaragoza + WildH\u00e4rd<\/li>\n<li>D\u00eda 31 de enero Sala Razmatazz 3 BARCELONA + REDSHARK<\/li>\n<li>D\u00eda 27 de marzo Sala Barracudas MADRID + REDSHARK<\/li>\n<\/ul>\n<p><strong>RAVE IN FIRE<\/strong> editar\u00e1n el 30 de enero a trav\u00e9s de High Roller Records un nuevo disco titulado \u201cSquare One\u201d.<\/p>\n<p>Todos los detalles en esta <a href=\"https:\/\/www.rafabasa.com\/2025\/12\/10\/amon-amarth-triumph-rave-in-fire\/#RAVE\" rel=\"nofollow noopener\" target=\"_blank\">noticia<\/a> y su \u00faltimo single en <a href=\"https:\/\/www.rafabasa.com\/2025\/12\/11\/saxon-hamlet-rave-in-fire\/#RAVE2\" rel=\"nofollow noopener\" target=\"_blank\">esta<\/a>.<\/p>\n<p>\u00a0<\/p>\n<p>\u00a0<\/p>\n<p>A continuaci\u00f3n ten\u00e9is el nuevo single y v\u00eddeo de <strong>EYE OF MELIAN<\/strong> \u201cSymphonia Arcana\u201d.<\/p>\n<p>El proyecto del l\u00edder de <strong>DELAIN<\/strong> Martijn Westerholt <strong>EYE OF MELIAN<\/strong> editar\u00e1 el 20 de febrero a trav\u00e9s de Napalm Records su nuevo disco \u201cForest Of Forgetting\u201d.<\/p>\n<p>Todos los detalles en esta noticia.<\/p>\n<p>\u00a0<\/p>\n<p align=\"center\"><strong>Sigue el\u00a0<a href=\"https:\/\/whatsapp.com\/channel\/0029VaCprxVBA1f555USvT2O\" target=\"_blank\" rel=\"nofollow noopener\">Canal de RAFABASA.COM en WhatsApp<\/a>, donde encontrar\u00e1s todas nuestras novedades al instante<\/strong><\/p>\n<p>\u00a0<\/p>\n<p>\u00a0<\/p>\n<p>\u00a0<\/p>\n<p>\u00a0<\/p>\n","protected":false},"excerpt":{"rendered":"\u00a0 \u00a0 Gira americana de TESTAMENT con OVERKILL y DESTRUCTION \u2013 Fechas de RAVE IN FIRE \u2013 Nuevo&hellip;\n","protected":false},"author":2,"featured_media":291761,"comment_status":"","ping_status":"","sticky":false,"template":"","format":"standard","meta":{"footnotes":""},"categories":[170],"tags":[23018,146,147,25,24,69892,184,185,41827,68084,23,29934],"class_list":{"0":"post-291760","1":"post","2":"type-post","3":"status-publish","4":"format-standard","5":"has-post-thumbnail","7":"category-musica","8":"tag-destruction","9":"tag-entertainment","10":"tag-entretenimiento","11":"tag-es","12":"tag-espana","13":"tag-eye-of-melian","14":"tag-music","15":"tag-musica","16":"tag-overkill","17":"tag-rave-in-fire","18":"tag-spain","19":"tag-testament"},"share_on_mastodon":{"url":"https:\/\/pubeurope.com\/@es\/115731200116906746","error":""},"_links":{"self":[{"href":"https:\/\/www.europesays.com\/es\/wp-json\/wp\/v2\/posts\/291760","targetHints":{"allow":["GET"]}}],"collection":[{"href":"https:\/\/www.europesays.com\/es\/wp-json\/wp\/v2\/posts"}],"about":[{"href":"https:\/\/www.europesays.com\/es\/wp-json\/wp\/v2\/types\/post"}],"author":[{"embeddable":true,"href":"https:\/\/www.europesays.com\/es\/wp-json\/wp\/v2\/users\/2"}],"replies":[{"embeddable":true,"href":"https:\/\/www.europesays.com\/es\/wp-json\/wp\/v2\/comments?post=291760"}],"version-history":[{"count":0,"href":"https:\/\/www.europesays.com\/es\/wp-json\/wp\/v2\/posts\/291760\/revisions"}],"wp:featuredmedia":[{"embeddable":true,"href":"https:\/\/www.europesays.com\/es\/wp-json\/wp\/v2\/media\/291761"}],"wp:attachment":[{"href":"https:\/\/www.europesays.com\/es\/wp-json\/wp\/v2\/media?parent=291760"}],"wp:term":[{"taxonomy":"category","embeddable":true,"href":"https:\/\/www.europesays.com\/es\/wp-json\/wp\/v2\/categories?post=291760"},{"taxonomy":"post_tag","embeddable":true,"href":"https:\/\/www.europesays.com\/es\/wp-json\/wp\/v2\/tags?post=291760"}],"curies":[{"name":"wp","href":"https:\/\/api.w.org\/{rel}","templated":true}]}}