{"id":291762,"date":"2025-12-16T20:45:08","date_gmt":"2025-12-16T20:45:08","guid":{"rendered":"https:\/\/www.europesays.com\/es\/291762\/"},"modified":"2025-12-16T20:45:08","modified_gmt":"2025-12-16T20:45:08","slug":"asi-de-terrorificos-lucen-los-dos-pueblos-salmantinos-protagonistas-de-septeno-este-es-el-escalofriante-trailer-la-gaceta-de-salamanca","status":"publish","type":"post","link":"https:\/\/www.europesays.com\/es\/291762\/","title":{"rendered":"As\u00ed de terror\u00edficos lucen los dos pueblos salmantinos protagonistas de &#039;Septeno&#039;: este es el escalofriante tr\u00e1iler &#8211; La Gaceta de Salamanca"},"content":{"rendered":"<ol>\n<li><a href=\"https:\/\/news.google.com\/rss\/articles\/CBMizAFBVV95cUxQNWtQZFIzU3hKTUFUWFBPRjlCNmxQUkRlYWZGaWJ1NWJIOUh4VXNQN0xhVEZVbEh5dGY2TVg3VXBPWjM0NHNSa1pMdUxCdnlVemNhOUhFcFkzU2EyMlk5WnpNd2Vwcjcxd3ZSSjQ0OGhaZ3dieGhXdS1GdXAzNFh4eWEteFhna01FdWE3dWVIejI0dzU5d240NHZPV0txeVZ3SjhZbEwwSDdma3VjdmhzeW9iWndjSkZYUUF6ZHNOUkNoVmFKYVptS0JDZXjSAdIBQVVfeXFMTnZyS2hGQVRZS2t0TTJXQjA3b21HVjVkVDlQa1VSTDdXTU4wZms4d2RJSUkxT3lVQnNVMHJSVHo3V1pocVBHd1dXa2JZOE9yM2wwRGlELWwzWjdGZk0yWVFoY1lNSDdwMDlhTVV0NTZTbG9fdUNuUDc3Y2drVzJnbVFIV0d6MkU2MUlLSEtQaUxPSnpWWkw4UkgzTTVNejJuM201OGdSUEMzcGx4WVlNMWc3OV9VZzBrZFI0OHVGX2I3X3hDRFo1Qk5aUnNVVUo0WlFn?oc=5\" target=\"_blank\" rel=\"nofollow noopener\">As\u00ed de terror\u00edficos lucen los dos pueblos salmantinos protagonistas de &#8216;Septeno&#8217;: este es el escalofriante tr\u00e1iler<\/a>&nbsp;&nbsp;La Gaceta de Salamanca<\/li>\n<li><a href=\"https:\/\/news.google.com\/rss\/articles\/CBMitAFBVV95cUxQbVN5R3dxaHlXNURnVGhnemliSEhqSi1OQmwzUUVQd2NZajluNnEtR1lGZmVnS2ZoQUpMYXVLa1Fnb2dTUUdLVzFhUWlPa2QwcEQzMFZQcWR2ME9acElsMXhPMERhLTk5dEFfdGE4SjhwMEJpMDE5bzZBY29MU3daZzl3MUFHU0NEWktudUNvV19qaEg5WmgxVFNwVXhvWEpCREZySThnSVNESUQ1OHNHNGZfUlQ?oc=5\" target=\"_blank\" rel=\"nofollow noopener\">La Sierra de Francia vuelve a sus leyendas m\u00e1s oscuras en \u00abSepteno\u00bb<\/a>&nbsp;&nbsp;La Gaceta de Salamanca<\/li>\n<li><a href=\"https:\/\/news.google.com\/rss\/articles\/CBMi3AFBVV95cUxPeEJ2dXM0Qmo2UXdrZlUzcUR0QTctUktacGg1NTZHNFFOeHVWdVVWR0tSVmd2eEgxSGJ2SmF0QzY0dG9YWGlQWDU3YW5ZSmNrbjhGbW04YTc1d3hwTDM5aDlYVC1TVjVqeDN6S3VXTlVJcDh4WEFoZ1hKclRPRUoyOWY5ZnhManB2UzktUFU2d0dscF9GUTRsd1dsQWRKTkM2THYxei1VSHRjalM1RHEtUFFDb3hHRmdpUFZxV3F2c0psZDFIYjl1WVlIaGk3SkE1YUE2aEVKcFFSSFlk?oc=5\" target=\"_blank\" rel=\"nofollow noopener\">El mediometraje de terror Septeno, rodado en la Sierra de Francia, se estrenar\u00e1 el jueves en Vialia<\/a>&nbsp;&nbsp;Europa Press<\/li>\n<li><a href=\"https:\/\/news.google.com\/rss\/articles\/CBMi8AFBVV95cUxNcm4tNmY1QXJJcmgzWUh3YWRkVXN0RzhYUlpzVUpiaVRscGlWVU5MZVFkWVhnckJKQkRoWDhfMlNjckh4YzlyelhjcnptTi1kZEMwdEpha0hsSEZTbnBmQ3NsLTZLX2U3OWNtdmxxOXhkc3VXeXJxbHo0bGxUdkhPVHZySWVFSWZCLWJzTE5aaWIwZjgyXzZibkJTdjV0b3N0UEdrTzBHSEJPeG1sb2VFWVBsM1dyODJzWTA4QUNoRm5KTGF1WTBqY0RkRkhMZHpWcWptX3BXVEl2UkhCa0JZZWJJTzFGeHo4NW4tbEFyRFjSAfYBQVVfeXFMT1o5V2x5SEJzSGdXQUxYTkRtQ3Q1WEF1SGRNRWRhYkZNTlM4TWVzR1lkeWVSMkozSUQzenVzaTRiMHc2WkExcTR2SHlMaHZmNmNwR0ZEUUlLd0hLWV9md2YtY28zaUVpSm9TWlVELV9Obi1VUmtVYmFSR0dOVUV4QzQybEJHNmZTckwxWUJGbVUweWFDamRrel9jX0R3STh6cElaRVZ5andhWjJhVFdwTENLRzJCSmNRU2tKdGU2WkRqRUZqV0xabUZrVjh3ZU5KRUlUVTR4LXZNeWlBaGI5TDRXV0ZUdEtEU3A3Q0dUeHpoeXNDclJB?oc=5\" target=\"_blank\" rel=\"nofollow noopener\">&#8216;Septeno&#8217;: un western de terror rodado en la Sierra de Francia<\/a>&nbsp;&nbsp;SALAMANCArtv AL D\u00cdA<\/li>\n<li><a href=\"https:\/\/news.google.com\/rss\/articles\/CBMiuwFBVV95cUxNSl9qZllHRmJ2Q0o1OTBjTklndFEyUGRrVkZJX0ZRTnM1alFjWk96QUNidU9YTUl4LThHaWRQNTFQSXZQdk56OTBDd0NxSDNRaEhSVTVQQ0o3N1hRSXFzUkctVTFzY3RpeXV3bFQxaXlzRjRwY1FoY1NUOENhTUVHSFhQT2toR0lzZVBKOUhjTWRtSURYQ0VtVS1zdFItT2FrcUhsenZGd1FwSTVCckVlVzBmNV9MNjBxSEpv?oc=5\" target=\"_blank\" rel=\"nofollow noopener\">&#8216;Septeno&#8217;: cine joven para recuperar las leyendas de la Sierra de Francia<\/a>&nbsp;&nbsp;Noticias Salamanca &#8211; Tribuna<\/li>\n<\/ol>\n","protected":false},"excerpt":{"rendered":"As\u00ed de terror\u00edficos lucen los dos pueblos salmantinos protagonistas de &#8216;Septeno&#8217;: este es el escalofriante tr\u00e1iler&nbsp;&nbsp;La Gaceta de&hellip;\n","protected":false},"author":2,"featured_media":291763,"comment_status":"","ping_status":"","sticky":false,"template":"","format":"standard","meta":{"footnotes":""},"categories":[169],"tags":[177,146,147,25,24,176,175,6874,8419,30856,23,34964,183],"class_list":{"0":"post-291762","1":"post","2":"type-post","3":"status-publish","4":"format-standard","5":"has-post-thumbnail","7":"category-cine","8":"tag-cine","9":"tag-entertainment","10":"tag-entretenimiento","11":"tag-es","12":"tag-espana","13":"tag-film","14":"tag-movies","15":"tag-protagonistas","16":"tag-pueblos","17":"tag-salmantinos","18":"tag-spain","19":"tag-terrorifico","20":"tag-trailer"},"share_on_mastodon":{"url":"https:\/\/pubeurope.com\/@es\/115731203850985584","error":""},"_links":{"self":[{"href":"https:\/\/www.europesays.com\/es\/wp-json\/wp\/v2\/posts\/291762","targetHints":{"allow":["GET"]}}],"collection":[{"href":"https:\/\/www.europesays.com\/es\/wp-json\/wp\/v2\/posts"}],"about":[{"href":"https:\/\/www.europesays.com\/es\/wp-json\/wp\/v2\/types\/post"}],"author":[{"embeddable":true,"href":"https:\/\/www.europesays.com\/es\/wp-json\/wp\/v2\/users\/2"}],"replies":[{"embeddable":true,"href":"https:\/\/www.europesays.com\/es\/wp-json\/wp\/v2\/comments?post=291762"}],"version-history":[{"count":0,"href":"https:\/\/www.europesays.com\/es\/wp-json\/wp\/v2\/posts\/291762\/revisions"}],"wp:featuredmedia":[{"embeddable":true,"href":"https:\/\/www.europesays.com\/es\/wp-json\/wp\/v2\/media\/291763"}],"wp:attachment":[{"href":"https:\/\/www.europesays.com\/es\/wp-json\/wp\/v2\/media?parent=291762"}],"wp:term":[{"taxonomy":"category","embeddable":true,"href":"https:\/\/www.europesays.com\/es\/wp-json\/wp\/v2\/categories?post=291762"},{"taxonomy":"post_tag","embeddable":true,"href":"https:\/\/www.europesays.com\/es\/wp-json\/wp\/v2\/tags?post=291762"}],"curies":[{"name":"wp","href":"https:\/\/api.w.org\/{rel}","templated":true}]}}