{"id":291767,"date":"2025-12-16T20:48:20","date_gmt":"2025-12-16T20:48:20","guid":{"rendered":"https:\/\/www.europesays.com\/es\/291767\/"},"modified":"2025-12-16T20:48:20","modified_gmt":"2025-12-16T20:48:20","slug":"los-cineastas-somos-unos-pesados-nos-damos-demasiados-premios","status":"publish","type":"post","link":"https:\/\/www.europesays.com\/es\/291767\/","title":{"rendered":"\u00abLos cineastas somos unos pesados, nos damos demasiados premios\u00bb"},"content":{"rendered":"<p style=\"\">\u00abEstoy cansado de m\u00ed mismo\u00bb, dec\u00eda esta ma\u00f1ana <a href=\"https:\/\/www.abc.es\/cultura\/oliver-laxe-hoy-dia-contracultural-punki-hablar-20250601045504-nt.html\" title=\"www.abc.es\" data-voc-vtm-id=\"in-text-traffic\" data-mrf-link=\"www.abc.es\" rel=\"nofollow noopener\" target=\"_blank\">Oliver Laxe <\/a>antes de presentar &#8216;<a href=\"https:\/\/www.abc.es\/cultura\/cultural\/oliver-laxe-pasado-vida-evitando-oportunista-20251211201049-nt.html\" data-voc-vtm-id=\"in-text-traffic\" title=\"HU\/\u0647\u064f\u0648\u064e. Bailad como si nadie os viera\" rel=\"nofollow noopener\" target=\"_blank\">HU\/\u0647\u064f\u0648\u064e. Bailad como si nadie os viera<\/a>&#8216;, su instalaci\u00f3n en el Museo Reina Sof\u00eda inspirada en &#8216;<a href=\"https:\/\/www.abc.es\/play\/cine\/sirat-oliver-laxe-nominada-mejor-pelicula-extranjera-20251208143215-nt.html\" data-voc-vtm-id=\"in-text-traffic\" title=\"Sirat\" rel=\"nofollow noopener\" target=\"_blank\">Sirat<\/a>&#8216;. \u00abEstoy cansado porque la exposici\u00f3n medi\u00e1tica es fuerte, pero tengo mecanismos para  &#8230; olvidarme de m\u00ed\u00bb, rematar\u00eda despu\u00e9s el cineasta en una rueda de prensa \u2013escoltado por la comisaria Julia Morandeira y Chema Gonz\u00e1lez, el jefe de Cine y Nuevos Medios del MNCARS\u2013 en la que las preguntas versaban m\u00e1s sobre la carrera a la estatuilla dorada de Hollywood que de la \u00absinestesia\u00bb o la \u00abespiritualidad\u00bb que el cat\u00e1logo adjudica a su instalaci\u00f3n.<\/p>\n<p class=\"voc-p\" style=\"\">Porque Oliver Laxe est\u00e1 en una de sus semanas clave en la sobrexpuesta temporada de premios de cine y, por eso, dec\u00eda que quiz\u00e1 son los periodistas los que deber\u00edan estar cansados de \u00e9l. O los cineastas. \u00abEstoy muy tranquilo si ma\u00f1ana se acabara todo, la verdad. Adem\u00e1s, es que los cineastas somos unos pesados, nos damos demasiados premios, \u00bfhay alg\u00fan gremio que se d\u00e9 tantos premios como en el cine? Somos muy pesados\u00bb, dec\u00eda, con esa media sonrisa que utiliza a veces antes de sincerarse m\u00e1s. \u00abNo te voy a negar que soy ambicioso y que ojal\u00e1 llegue lo m\u00e1s lejos posible. Est\u00e1 siendo muy bonito compartir la pel\u00edcula en Estados Unidos y saber que se ha distribuido en 85 pa\u00edses, donde se ver\u00e1 en salas de cine, que son templos\u00bb, remataba el hijo de emigrantes gallegos nacido en Par\u00eds y formado en Barcelona, y que vivi\u00f3 despu\u00e9s un tiempo en Marruecos antes de cerrar el c\u00edrculo y convertirse ahora en un orgulloso habitante del rural gallego. <\/p>\n<p>\nBailar en un Museo\n<\/p>\n<p class=\"voc-p\" style=\"\">Al Reina Sof\u00eda hab\u00eda venido Laxe a hablar de su instalaci\u00f3n, pero acab\u00f3 hablando de \u00e9l, de su vida y de &#8216;Sirat&#8217;. Se lleg\u00f3 a definir como \u00abarquitecto y m\u00fasico frustrado\u00bb para, despu\u00e9s, proclamarse como un artista pl\u00e1stico. \u00abVengo de la base, vengo de remar a contracorriente durante muchos a\u00f1os, muchos proyectos, y tener una exposici\u00f3n en el Reina Sof\u00eda es el sue\u00f1o de todo artista, <strong>esta es nuestra casa, es nuestro templo<\/strong>\u00bb, dijo, cambiando ahora el sentido de \u00abtemplo\u00bb para otorg\u00e1rselo al Museo Reina Sof\u00eda, que lo acoger\u00e1 hasta el 20 de abril de 2026, en el Espacio 1 del Edificio Sabatini, donde adem\u00e1s de &#8216;<strong>Bailad como si nadie os viera<\/strong>&#8216; se programar\u00e1 \u00abuna retrospectiva de media carrera\u00bb (esto es, los cortometrajes y sus cuatro largometrajes filmados hasta la fecha, &#8216;Todos vosotros sois capitanes&#8217;, &#8216;Mimosas&#8217;, &#8216;O que arde&#8217; y &#8216;Sirat&#8217;) y un ciclo, &#8216;Paisajes en trance&#8217;, que \u00e9l ha programado fruto de la Carta blanca que le han otorgado y donde se ver\u00e1n filmes de Sergei Dvortsevoy, Artavazd Peleshyan o Margarita Cordeiro, entre otros. \u00abEs una exquisitez que acaba en una conversaci\u00f3n entre lo m\u00edstico y lo natural de su obra\u00bb, dijo Chema Gonz\u00e1lez. <\/p>\n<p class=\"voc-p\" style=\"\">\u00abLa manera que tengo de trabajar en el cine es la misma manera en la que he trabajado aqu\u00ed, lo cual creo que le da tambi\u00e9n m\u00e9rito a mi faceta de cineasta: en el fondo he estado en mi casa porque yo soy un artista pl\u00e1stico y he logrado llevar al cine una manera de sentir las im\u00e1genes a trav\u00e9s del cuerpo, a trav\u00e9s de lo sensorial, de lo cinest\u00e9sico, y hacerlo hegem\u00f3nico en el cine. Creo que tiene m\u00e9rito\u00bb, asegur\u00f3 Laxe, que en realidad se aleja de lo pl\u00e1stico para entrar en lo sensorial con una instalaci\u00f3n que es un bucle de unos 15 minutos donde se proyectan en tres paredes unas im\u00e1genes de templos religiosos que rod\u00f3 en Ir\u00e1n hace una d\u00e9cada (\u00abEs un pa\u00eds del que me atrae mucho su cultura; son 5000 a\u00f1os de excelencia y lo notas cuando est\u00e1s ah\u00ed con la gente\u00bb) junto con algunas escenas finales de &#8216;Sirat&#8217; en las que los protagonistas bailan en mitad del desierto tras tomar ayahuasca. Antes de entrar a la sala principal, hay una antesala donde se eleva una torre de altavoces casi a oscuras: \u00abLas tres proyecciones hacen de las paredes casi como una piel que se estira y que envuelven el campo de visi\u00f3n del espectador en 180 grados total. El acento recae, sobre todo, <strong>en generar una experiencia que trabaja sobre la sinestesia<\/strong>\u00bb, dijo la comisaria Morandeira sobre la instalaci\u00f3n.<\/p>\n<p><img decoding=\"async\" loading=\"lazy\" src=\"https:\/\/www.europesays.com\/es\/wp-content\/uploads\/2025\/12\/1504144133-kHgE--758x470@diario_abc.jpg\" class=\"voc-d-c-combo-3__img\" width=\"758\" height=\"470\" alt=\"Imagen principal - Oliver Laxe, este martes en el Museo Reina Sof\u00eda\"\/><\/p>\n<p><img decoding=\"async\" loading=\"lazy\" src=\"https:\/\/www.europesays.com\/es\/wp-content\/uploads\/2025\/12\/1504144523-kHgE--464x329@diario_abc.jpg\" class=\"voc-d-c-combo-3__img\" width=\"464\" height=\"329\" alt=\"Imagen secundaria 1 - Oliver Laxe, este martes en el Museo Reina Sof\u00eda\"\/><\/p>\n<p><img decoding=\"async\" loading=\"lazy\" src=\"https:\/\/www.europesays.com\/es\/wp-content\/uploads\/2025\/12\/1504144709-kHgE--278x329@diario_abc.jpg\" class=\"voc-d-c-combo-3__img\" width=\"278\" height=\"329\" alt=\"Imagen secundaria 2 - Oliver Laxe, este martes en el Museo Reina Sof\u00eda\"\/><\/p>\n<p>Oliver Laxe, este martes en el Museo Reina Sof\u00eda<br \/>\nEFE<\/p>\n<p class=\"voc-p\" style=\"\">Laxe, que estuvo toda la presentaci\u00f3n en su &#8216;mood&#8217; m\u00edstico y profundo, con su propio lenguaje &#8216;Laxiano&#8217;, lo cual gener\u00f3 una curiosa sinton\u00eda con el propio lenguaje de un museo de arte contempor\u00e1neo. Se habl\u00f3 de \u00absinest\u00e9sico\u00bb, de \u00abpolisensorial\u00bb, de que era \u00abun tiempo performativo y por tanto eterno\u00bb. Por haber, hubo hasta un debate sobre si el p\u00fablico \u00abconsume\u00bb una obra o no. Y mientras eso pasaba, en Hollywood, m\u00e1s pros\u00e1icos, se preparaban para anunciar la preselecci\u00f3n de los nominados al Oscar. \u00abEl principal enemigo de un artista es \u00e9l mismo. Y es la capacidad de mantener el gesto art\u00edstico sin enga\u00f1arte; y efectivamente la realidad me estaba diciendo que la pel\u00edcula que est\u00e1s haciendo es muy peligrosa, que estaba tocando cosas muy fr\u00e1giles y que pod\u00eda estar imol\u00e1ndome&#8230; La realidad me estaba diciendo que pod\u00eda ser mi \u00faltima pel\u00edcula porque no hay nada peor para m\u00ed que poder no ser entendido&#8230; Pero es importante mirar dentro porque te &#8216;revivifica&#8217;\u00bb. <\/p>\n<p class=\"voc-p\" style=\"\">Y todo eso sin atreverse a decir si su obra \u00abest\u00e1 viva o muerta\u00bb, que era una cuesti\u00f3n que se qued\u00f3 abierta tras su <a href=\"https:\/\/www.abc.es\/cultura\/cultural\/oliver-laxe-pasado-vida-evitando-oportunista-20251211201049-nt.html\" data-voc-vtm-id=\"in-text-traffic\" title=\"entrevista con ABC Cultural publicada el s\u00e1bado\" rel=\"nofollow noopener\" target=\"_blank\">entrevista con ABC Cultural publicada el s\u00e1bado<\/a>. \u00abTengo dudas y las he expuesto, y ahora vamos a ver qu\u00e9 nos dice la obra, porque intento no caer en esta deriva racionalista e intelectualoide que tenemos los artistas para alejar miedo\u00bb. Todo por un motivo: \u00abQuiero privarme de interpretar la obra porque las intelectualizamos demasiado y eso provoca que nazca muertas. La obra empieza hoy y ahora vamos a ver qu\u00e9 es &#8216;HU\/\u0647\u064f\u0648\u064e. Bailad como si nadie os viera&#8217;. [&#8230;] Creo que la obra est\u00e1 viva porque no la he pasado por la cabeza. El arte es una cuesti\u00f3n de proporciones y el pase de la vida a la muerte muchas veces es cuesti\u00f3n de cent\u00edmetros. Hay que reivindicar la ambig\u00fcedad, por Dios. Por Dios\u00bb. <\/p>\n<p class=\"voc-title\">\u00abQuiz\u00e1 haya gente que llegue, olisquee un poco y diga: &#8216;<\/p>\n<p class=\"voc-title\"><strong>No me interesa nada la satanada que haya hecho este tipo<\/strong><\/p>\n<p class=\"voc-title\">&#8216;\u00bb<\/p>\n<p class=\"voc-p\" style=\"\">Al final, ser\u00e1 el p\u00fablico el que decida qu\u00e9 es la instalaci\u00f3n. Ah\u00ed, Laxe dej\u00f3 una frase para su leyenda: \u00abQuiz\u00e1 haya gente que llegue, olisquee un poco y diga: &#8216;<strong>No me interesa nada la satanada que haya hecho este tipo<\/strong>&#8216;\u00bb. <\/p>\n","protected":false},"excerpt":{"rendered":"\u00abEstoy cansado de m\u00ed mismo\u00bb, dec\u00eda esta ma\u00f1ana Oliver Laxe antes de presentar &#8216;HU\/\u0647\u064f\u0648\u064e. Bailad como si nadie&hellip;\n","protected":false},"author":2,"featured_media":291768,"comment_status":"","ping_status":"","sticky":false,"template":"","format":"standard","meta":{"footnotes":""},"categories":[91],"tags":[146,147,25,24,4351,39954,28628,40114,11991,2789,19252,10717,39953,11647,23],"class_list":{"0":"post-291767","1":"post","2":"type-post","3":"status-publish","4":"format-standard","5":"has-post-thumbnail","7":"category-entretenimiento","8":"tag-entertainment","9":"tag-entretenimiento","10":"tag-es","11":"tag-espana","12":"tag-espera","13":"tag-laxe","14":"tag-monta","15":"tag-nominacion","16":"tag-oliver","17":"tag-oscar","18":"tag-rave","19":"tag-reina","20":"tag-sirat","21":"tag-sofia","22":"tag-spain"},"share_on_mastodon":{"url":"https:\/\/pubeurope.com\/@es\/115731216457679325","error":""},"_links":{"self":[{"href":"https:\/\/www.europesays.com\/es\/wp-json\/wp\/v2\/posts\/291767","targetHints":{"allow":["GET"]}}],"collection":[{"href":"https:\/\/www.europesays.com\/es\/wp-json\/wp\/v2\/posts"}],"about":[{"href":"https:\/\/www.europesays.com\/es\/wp-json\/wp\/v2\/types\/post"}],"author":[{"embeddable":true,"href":"https:\/\/www.europesays.com\/es\/wp-json\/wp\/v2\/users\/2"}],"replies":[{"embeddable":true,"href":"https:\/\/www.europesays.com\/es\/wp-json\/wp\/v2\/comments?post=291767"}],"version-history":[{"count":0,"href":"https:\/\/www.europesays.com\/es\/wp-json\/wp\/v2\/posts\/291767\/revisions"}],"wp:featuredmedia":[{"embeddable":true,"href":"https:\/\/www.europesays.com\/es\/wp-json\/wp\/v2\/media\/291768"}],"wp:attachment":[{"href":"https:\/\/www.europesays.com\/es\/wp-json\/wp\/v2\/media?parent=291767"}],"wp:term":[{"taxonomy":"category","embeddable":true,"href":"https:\/\/www.europesays.com\/es\/wp-json\/wp\/v2\/categories?post=291767"},{"taxonomy":"post_tag","embeddable":true,"href":"https:\/\/www.europesays.com\/es\/wp-json\/wp\/v2\/tags?post=291767"}],"curies":[{"name":"wp","href":"https:\/\/api.w.org\/{rel}","templated":true}]}}