{"id":291779,"date":"2025-12-16T21:08:08","date_gmt":"2025-12-16T21:08:08","guid":{"rendered":"https:\/\/www.europesays.com\/es\/291779\/"},"modified":"2025-12-16T21:08:08","modified_gmt":"2025-12-16T21:08:08","slug":"nino-schurter-competira-en-espana-estara-en-la-utopia-gravel","status":"publish","type":"post","link":"https:\/\/www.europesays.com\/es\/291779\/","title":{"rendered":"Nino Schurter competir\u00e1 en Espa\u00f1a, estar\u00e1 en la Utop\u00eda Gravel"},"content":{"rendered":"<blockquote class=\"quote-card lateral\">\n<p>Nino Schurter abre una nueva etapa deportiva fuera del XCO<\/p>\n<\/blockquote>\n<p>El nombre de Nino Schurter vuelve a situarse en el centro de la actualidad ciclista, esta vez lejos del XCO. El suizo ha confirmado su participaci\u00f3n en la Utop\u00eda Gravel 2026, una prueba que se disputar\u00e1 el 11 de abril en el entorno del desierto de Gorafe y la comarca de Baza, en la provincia de Granada. Ser\u00e1 una de sus primeras apariciones competitivas tras haber cerrado su etapa en el cross-country ol\u00edmpico, disciplina en la que ha marcado una era.<\/p>\n<p>\t Contin\u00faa tras los patrocinadores<\/p>\n<blockquote class=\"quote-card lateral\">\n<p>Utop\u00eda Gravel ser\u00e1 parte de su calendario de 2026<\/p>\n<\/blockquote>\n<p>Tras anunciar <a href=\"https:\/\/esmtb.com\/nino-schurter-se-despide-en-lenzerheide-el-adios-del-mejor-biker-de-la-historia\/\" target=\"_blank\" rel=\"noopener nofollow\">su retirada del XCO<\/a>, Schurter dej\u00f3 claro que su intenci\u00f3n era seguir compitiendo, pero explorando nuevos terrenos y retos distintos a los que hab\u00edan definido su carrera durante m\u00e1s de una d\u00e9cada. El gravel encaja de forma natural en ese planteamiento, combinando resistencia, t\u00e9cnica y aventura, y la Utop\u00eda Gravel ser\u00e1 uno de los escenarios elegidos para dar forma a esa nueva fase deportiva.<\/p>\n<p>Una trayectoria irrepetible en el MTB mundial<\/p>\n<blockquote class=\"quote-card lateral\">\n<p>Diez t\u00edtulos mundiales y una carrera que ha marcado al MTB moderno<\/p>\n<\/blockquote>\n<p>Hablar de Nino Schurter es hacerlo de uno de los mayores referentes de la historia del MTB. Su palmar\u00e9s en el XCO incluye diez t\u00edtulos mundiales, m\u00faltiples victorias en la Copa del Mundo y la medalla de oro ol\u00edmpica, adem\u00e1s de una longevidad competitiva que le ha permitido mantenerse en la \u00e9lite durante a\u00f1os en una disciplina extremadamente exigente.<\/p>\n<p>Con su retirada del XCO, Schurter cierra una de las trayectorias m\u00e1s exitosas que se recuerdan en la modalidad ol\u00edmpica, pero no pone fin a su carrera deportiva. Al contrario, abre la puerta a nuevos formatos y experiencias, con el gravel como uno de los ejes principales de esta transici\u00f3n.<\/p>\n<p>Utop\u00eda Gravel, escenario de un debut muy esperado<\/p>\n<blockquote class=\"quote-card lateral\">\n<p>El desierto de Gorafe, protagonista de una cita clave del gravel<\/p>\n<\/blockquote>\n<p>La Utop\u00eda Gravel se ha consolidado como una de las pruebas de referencia del calendario gravel en Espa\u00f1a, y la presencia de Schurter refuerza de forma clara su proyecci\u00f3n internacional. La carrera se celebra en Baza y recorre algunos de los paisajes m\u00e1s singulares del sur peninsular, con el desierto de Gorafe como gran protagonista.<\/p>\n<p>El evento ofrece dos recorridos principales. Uno de 165 km con 2.800 m de desnivel positivo y otro de 110 km con 1.600 m, combinando pistas r\u00e1pidas, caminos rurales y sectores t\u00e9cnicos. Un planteamiento que pone a prueba tanto la resistencia como la capacidad de gesti\u00f3n del esfuerzo, en l\u00ednea con el esp\u00edritu aventurero que define a la prueba. En 2026, adem\u00e1s, contar\u00e1 por tercer a\u00f1o consecutivo con el patrocinio de Scott.<\/p>\n<p>Curiosamente, Nino Schurter ha tenido muy poca presencia en competiciones espa\u00f1olas a lo largo de su carrera en XCO y, ahora, estrenar\u00e1 su recorrido en el gravel en nuestro pa\u00eds.<\/p>\n<p>La SCOTT Addict Gravel RC, su elecci\u00f3n para la prueba<\/p>\n<blockquote class=\"quote-card lateral\">\n<p>La SCOTT Addict Gravel RC como aliada para el gravel competitivo<\/p>\n<\/blockquote>\n<p>Para su participaci\u00f3n en la Utop\u00eda Gravel, N1NO competir\u00e1 con la SCOTT Addict Gravel RC. Se trata de una bicicleta concebida para el m\u00e1ximo rendimiento en gravel, con un equilibrio muy marcado entre ligereza, eficiencia y control en recorridos r\u00e1pidos y exigentes.<\/p>\n<p>Es un modelo pensado para rodar r\u00e1pido sin perder versatilidad, una filosof\u00eda que encaja con el perfil competitivo de Schurter y con el car\u00e1cter de la propia Utop\u00eda Gravel. Su elecci\u00f3n subraya tambi\u00e9n la continuidad de la relaci\u00f3n entre el corredor suizo y Scott en esta nueva etapa lejos del XCO, pero todav\u00eda ligada a la alta competici\u00f3n.<\/p>\n<p><a class=\"btn btn-large btn-orange\" href=\"https:\/\/www.scott-sports.com\/es\/es\/product\/scott-addict-gravel-rc-bike?utm_source=ESMTB&amp;utm_campaign=ESMTB&amp;utm_medium=ESMTB\" target=\"_blank\" onclick=\"gtag(&#039;event&#039;, &#039;click&#039;, {&#039;event_category&#039;: &#039;Link&#039;, &#039;event_label&#039;: &#039;https:\/\/www.scott-sports.com\/es\/es\/product\/scott-addict-gravel-rc-bike?utm_source=ESMTB&amp;utm_campaign=ESMTB&amp;utm_medium=ESMTB&#039; });\" title=\"M\u00e1s informaci\u00f3n\" rel=\"nofollow noopener\"> M\u00e1s informaci\u00f3n<\/a><\/p>\n","protected":false},"excerpt":{"rendered":"Nino Schurter abre una nueva etapa deportiva fuera del XCO El nombre de Nino Schurter vuelve a situarse&hellip;\n","protected":false},"author":2,"featured_media":291780,"comment_status":"","ping_status":"","sticky":false,"template":"","format":"standard","meta":{"footnotes":""},"categories":[273],"tags":[313,312,168,25,24,18236,22912,23,167],"class_list":{"0":"post-291779","1":"post","2":"type-post","3":"status-publish","4":"format-standard","5":"has-post-thumbnail","7":"category-ciclismo","8":"tag-ciclismo","9":"tag-cycling","10":"tag-deportes","11":"tag-es","12":"tag-espana","13":"tag-gravel","14":"tag-nino-schurter","15":"tag-spain","16":"tag-sports"},"share_on_mastodon":{"url":"https:\/\/pubeurope.com\/@es\/115731294009144640","error":""},"_links":{"self":[{"href":"https:\/\/www.europesays.com\/es\/wp-json\/wp\/v2\/posts\/291779","targetHints":{"allow":["GET"]}}],"collection":[{"href":"https:\/\/www.europesays.com\/es\/wp-json\/wp\/v2\/posts"}],"about":[{"href":"https:\/\/www.europesays.com\/es\/wp-json\/wp\/v2\/types\/post"}],"author":[{"embeddable":true,"href":"https:\/\/www.europesays.com\/es\/wp-json\/wp\/v2\/users\/2"}],"replies":[{"embeddable":true,"href":"https:\/\/www.europesays.com\/es\/wp-json\/wp\/v2\/comments?post=291779"}],"version-history":[{"count":0,"href":"https:\/\/www.europesays.com\/es\/wp-json\/wp\/v2\/posts\/291779\/revisions"}],"wp:featuredmedia":[{"embeddable":true,"href":"https:\/\/www.europesays.com\/es\/wp-json\/wp\/v2\/media\/291780"}],"wp:attachment":[{"href":"https:\/\/www.europesays.com\/es\/wp-json\/wp\/v2\/media?parent=291779"}],"wp:term":[{"taxonomy":"category","embeddable":true,"href":"https:\/\/www.europesays.com\/es\/wp-json\/wp\/v2\/categories?post=291779"},{"taxonomy":"post_tag","embeddable":true,"href":"https:\/\/www.europesays.com\/es\/wp-json\/wp\/v2\/tags?post=291779"}],"curies":[{"name":"wp","href":"https:\/\/api.w.org\/{rel}","templated":true}]}}