{"id":291781,"date":"2025-12-16T21:10:13","date_gmt":"2025-12-16T21:10:13","guid":{"rendered":"https:\/\/www.europesays.com\/es\/291781\/"},"modified":"2025-12-16T21:10:13","modified_gmt":"2025-12-16T21:10:13","slug":"parte-medico-que-tiene-y-cuantos-partidos-se-perdera-con-el-barca","status":"publish","type":"post","link":"https:\/\/www.europesays.com\/es\/291781\/","title":{"rendered":"Parte m\u00e9dico, qu\u00e9 tiene y cu\u00e1ntos partidos se perder\u00e1 con el Bar\u00e7a"},"content":{"rendered":"<p class=\"ft-text\"><strong>El desgaste f\u00edsico y la exigencia del calendario<\/strong> empiezan a pasar factura en el <a class=\"ft-link ft-link--decoration\" href=\"https:\/\/www.sport.es\/es\/barca\/baloncesto\/\" rel=\"nofollow noopener\" target=\"_blank\"><strong>Bar\u00e7a.<\/strong><\/a> Los partidos se suceden, muchas veces sin 48 horas de descanso entre encuentro y encuentro, con un roster azulgrana que cada vez tiene las piernas m\u00e1s y m\u00e1s cargadas de minutos.<\/p>\n<p class=\"ft-text\">Para el partido de este \u00faltimo domingo ante el <strong>Baxi Manresa,<\/strong> la enfermer\u00eda del Bar\u00e7a cont\u00f3 con m\u00e1s integrantes de los previstos, y desde luego, de los deseados. A las ausencias ya conocidas de <strong>Juan N\u00fa\u00f1ez<\/strong> y <strong>Nico Laprovittola,<\/strong> se unieron las de <strong>Tornike Shengelia,<\/strong> con molestias en el pubis, y la de un Joel Parra que sufri\u00f3 una fractura nasal en el \u00faltimo partido de <strong>Euroliga<\/strong> ante <strong>Olympiacos.<\/strong><\/p>\n<p><img decoding=\"async\" src=\"https:\/\/www.europesays.com\/es\/wp-content\/uploads\/2025\/12\/f247e326-9e21-4167-88b3-5bbc47123d6b_alta-libre-aspect-ratio_default_0.jpg\" width=\"1200\" height=\"675\" alt=\"Joel Parra sufri\u00f3 una fractura nasal en la victoria ante Olympiacos\" class=\"ft-helper-img-rd\" loading=\"lazy\"\/><\/p>\n<p class=\"ft-helper-fontColor-quaternary ft-helper-fontSize-body-S ft-helper-spacer-t-xxs\">Joel Parra sufri\u00f3 una fractura nasal en la victoria ante Olympiacos  \/ Dani Barbeito<\/p>\n<p class=\"ft-text\">Un &#8216;parte de bajas&#8217; al que se sum\u00f3 <strong>Jan Vesely,<\/strong> ca\u00eddo en combate en el Nou Congost. El p\u00edvot checo sufri\u00f3 un esguince en su tobillo izquierdo cuando tan solo llevaba tres minutos en pista. La lesi\u00f3n roz\u00f3 el surrealismo, ya que se produjo en una acci\u00f3n fortuita en la que Jan Vesely pr\u00e1cticamente no estaba involucrado. El de Ostrava trataba de proteger el aro tras una &#8216;bombita&#8217; del belga <strong>Retin Obasohan.<\/strong> En el rebote, tambi\u00e9n se encontraban <strong>Kevin Punter<\/strong> y <strong>Grant Golden.<\/strong><\/p>\n<p class=\"ft-text\">El p\u00edvot de Manresa carg\u00f3 f\u00edsicamente contra el <strong>escolta azulgrana, saliendo despedido y chocando con Vesely.<\/strong> El &#8216;6&#8217; azulgrana saltaba por el rebote, y tras el contacto con &#8216;KP&#8217;, perdi\u00f3 el equilibrio y en la ca\u00edda se lastim\u00f3 el tobillo.<\/p>\n<p><img decoding=\"async\" src=\"https:\/\/www.europesays.com\/es\/wp-content\/uploads\/2025\/12\/76591b8a-7e7e-4ead-9b60-571c3034da7e_alta-libre-aspect-ratio_default_0.jpg\" width=\"1200\" height=\"675\" alt=\"Jan Vesely, en una acci\u00f3n del derbi catal\u00e1n ante Baxi Manresa\" class=\"ft-helper-img-rd\" loading=\"lazy\"\/><\/p>\n<p class=\"ft-helper-fontColor-quaternary ft-helper-fontSize-body-S ft-helper-spacer-t-xxs\">Jan Vesely, en una acci\u00f3n del derbi catal\u00e1n ante Baxi Manresa  \/ ACB Photo &#8211; Joaquim Alberch<\/p>\n<p class=\"ft-text\">El checo se retir\u00f3 a vestuarios, y tras el primer parte m\u00e9dico del Bar\u00e7a, se anunci\u00f3 que no volver\u00eda a saltar de nuevo al parquet del Nou Congost. <strong>Pascual tuvo que alargar la rotaci\u00f3n de sus interiores,<\/strong> con un <strong>Willy Hernang\u00f3mez<\/strong> que disput\u00f3 18 minutos y medio, mientras que <strong>Youssoupha Fall,<\/strong> que hab\u00eda jugado algo m\u00e1s de 10 en sus primeros partidos con su nuevo t\u00e9cnico, se acerc\u00f3 a los 15 y medio. Sayon Keita tambi\u00e9n salt\u00f3 a pista (02:42), mientras que Miles Norris se apunt\u00f3 35 minutos y 21 segundos en su debut ACB.<\/p>\n<p>El comunicado m\u00e9dico del Bar\u00e7a sobre Jan Vesely<\/p>\n<p class=\"ft-text\">Vesely se someti\u00f3 a pruebas m\u00e9dicas, y los resultados han confirmado un <strong>esguince del ligamento lateral externo de su tobillo izquierdo.<\/strong> Por el momento, el club no detalla ni el grado del esguince ni la previsi\u00f3n del tiempo de baja.<\/p>\n<p class=\"ft-text\">Por lo tanto, contratiempo importante para un Pascual que pierde a su p\u00edvot referencia, y una nueva oportunidad de reivindicarse tanto para <strong>Willy Hernang\u00f3mez<\/strong> como para <strong>Youssoupha Fall.<\/strong><\/p>\n","protected":false},"excerpt":{"rendered":"El desgaste f\u00edsico y la exigencia del calendario empiezan a pasar factura en el Bar\u00e7a. Los partidos se&hellip;\n","protected":false},"author":2,"featured_media":291782,"comment_status":"","ping_status":"","sticky":false,"template":"","format":"standard","meta":{"footnotes":""},"categories":[269],"tags":[299,2296,298,168,25,55421,24,30241,8252,23,167,25610,56468],"class_list":{"0":"post-291781","1":"post","2":"type-post","3":"status-publish","4":"format-standard","5":"has-post-thumbnail","7":"category-baloncesto","8":"tag-baloncesto","9":"tag-barca","10":"tag-basketball","11":"tag-deportes","12":"tag-es","13":"tag-esguince","14":"tag-espana","15":"tag-jan","16":"tag-lesion","17":"tag-spain","18":"tag-sports","19":"tag-tobillo","20":"tag-vesely"},"share_on_mastodon":{"url":"https:\/\/pubeurope.com\/@es\/115731302477057935","error":""},"_links":{"self":[{"href":"https:\/\/www.europesays.com\/es\/wp-json\/wp\/v2\/posts\/291781","targetHints":{"allow":["GET"]}}],"collection":[{"href":"https:\/\/www.europesays.com\/es\/wp-json\/wp\/v2\/posts"}],"about":[{"href":"https:\/\/www.europesays.com\/es\/wp-json\/wp\/v2\/types\/post"}],"author":[{"embeddable":true,"href":"https:\/\/www.europesays.com\/es\/wp-json\/wp\/v2\/users\/2"}],"replies":[{"embeddable":true,"href":"https:\/\/www.europesays.com\/es\/wp-json\/wp\/v2\/comments?post=291781"}],"version-history":[{"count":0,"href":"https:\/\/www.europesays.com\/es\/wp-json\/wp\/v2\/posts\/291781\/revisions"}],"wp:featuredmedia":[{"embeddable":true,"href":"https:\/\/www.europesays.com\/es\/wp-json\/wp\/v2\/media\/291782"}],"wp:attachment":[{"href":"https:\/\/www.europesays.com\/es\/wp-json\/wp\/v2\/media?parent=291781"}],"wp:term":[{"taxonomy":"category","embeddable":true,"href":"https:\/\/www.europesays.com\/es\/wp-json\/wp\/v2\/categories?post=291781"},{"taxonomy":"post_tag","embeddable":true,"href":"https:\/\/www.europesays.com\/es\/wp-json\/wp\/v2\/tags?post=291781"}],"curies":[{"name":"wp","href":"https:\/\/api.w.org\/{rel}","templated":true}]}}