{"id":29179,"date":"2025-08-06T10:19:08","date_gmt":"2025-08-06T10:19:08","guid":{"rendered":"https:\/\/www.europesays.com\/es\/29179\/"},"modified":"2025-08-06T10:19:08","modified_gmt":"2025-08-06T10:19:08","slug":"cuarto-dia-de-ola-de-calor-con-mas-de-2-000-municipios-en-riesgo-alto-consulte-cual-es-la-situacion-en-su-localidad-clima-y-medio-ambiente","status":"publish","type":"post","link":"https:\/\/www.europesays.com\/es\/29179\/","title":{"rendered":"Cuarto d\u00eda de ola de calor con m\u00e1s de 2.000 municipios en riesgo alto: consulte cu\u00e1l es la situaci\u00f3n en su localidad | Clima y Medio Ambiente"},"content":{"rendered":"<p class=\"\">En los registros de la Agencia Estatal de Meteorolog\u00eda (Aemet), la duraci\u00f3n media de las olas de calor de 1975 a 1989 en la Pen\u00ednsula era de cuatro d\u00edas, los mismos que se cumplen este mi\u00e9rcoles en el actual episodio de temperaturas extremas. Sin embargo, desde entonces la frecuencia, la intensidad, la extensi\u00f3n y la permanencia de estos fen\u00f3menos no han parado de aumentar como consecuencia del calentamiento del planeta. Seg\u00fan la previsi\u00f3n de la agencia estatal, la presente ola de calor va a durar al menos hasta el pr\u00f3ximo domingo, es decir, ocho d\u00edas. Desde 1975 se han registrado 75 olas de calor en la Pen\u00ednsula y de ellas solo 14 han durado ocho d\u00edas o m\u00e1s. De estas 14, solo 3 ocurrieron antes de los a\u00f1os 2000 y las otras 11 han venido todas despu\u00e9s. <\/p>\n<p class=\"\">Hoy habr\u00e1 <b>[[alto_riesgo_muni]]<\/b> municipios en zonas con riesgo alto para la salud por calor ([[perc_riesgo_alto_muni]]%), <b>[[riesgo_medio_muni]]<\/b> en riesgo medio ([[perc_riesgo_medio_muni]]%) y <b>[[bajo_riesgo_muni]]<\/b> en riesgo bajo ([[perc_bajo_riesgo_muni]]%). Consulte en el mapa las zonas donde el calor alcanzar\u00e1 niveles peligrosos para la salud en estos tres d\u00edas, seg\u00fan los <a href=\"https:\/\/www.sanidad.gob.es\/excesoTemperaturas2025\/meteosalud.do\" rel=\"nofollow noopener\" target=\"_blank\">datos<\/a> del Ministerio de Sanidad y Aemet. <\/p>\n<p class=\"\">Para este mi\u00e9rcoles, la Aemet espera un ligero cambio de la situaci\u00f3n, con descensos t\u00e9rmicos en gran parte del territorio, que podr\u00edan ser moderados en algunos puntos. A pesar de ello, todav\u00eda se alcanzar\u00e1n los 40 \u00baC en zonas de valle del oeste y suroeste, as\u00ed como localmente en el entorno del Mi\u00f1o. La excepci\u00f3n ser\u00e1 el Cant\u00e1brico, el alto Ebro y el norte de la meseta Norte, donde un cambio de viento a componente sur posibilitar\u00e1 un ascenso bastante significativo de las m\u00e1ximas.<\/p>\n<p class=\"\">El jueves 7 se iniciar\u00e1 de nuevo una tendencia ascendente generalizada en las temperaturas, esper\u00e1ndose pocos cambios el viernes 8. A pesar del aumento de la incertidumbre, el escenario m\u00e1s probable para el fin de semana es que el s\u00e1bado y el domingo contin\u00faen las temperaturas anormalmente c\u00e1lidas, salvo en el cuadrante sudeste peninsular. <\/p>\n<p>Riesgos para la salud<\/p>\n<p class=\"\">El calor tiene impactos directos en la salud de la poblaci\u00f3n y aumenta la mortandad. Un equipo del Instituto de Salud Carlos III ha calculado las temperaturas m\u00e1ximas a partir de las que <a href=\"https:\/\/elpais.com\/clima-y-medio-ambiente\/2024-05-16\/24-grados-en-asturias-y-40-en-cordoba-sanidad-activa-el-plan-especial-por-calor-con-un-nuevo-mapa-de-alertas-mas-preciso.html\" rel=\"nofollow noopener\" target=\"_blank\">se disparan los fallecimientos de forma estad\u00edsticamente rese\u00f1able<\/a> para las llamadas zonas de meteosalud (\u00e1reas de territorio formadas por varios municipios que son homog\u00e9neas en cuanto al comportamiento de las temperaturas diarias). Ese estudio es el que se toma de base para lanzar las alertas sanitarias, que son complementarias a las que env\u00eda Aemet (que solo se basan en la temperatura). <\/p>\n<p class=\"\">El sistema de alertas sanitarias divide Espa\u00f1a en 182 zonas de meteosalud con un umbral de temperatura m\u00e1xima que se establece tomando en cuenta la mortalidad registrada en cada regi\u00f3n cuando se alcanzan temperaturas extremas. Para determinar los niveles de alerta de cada d\u00eda se toma una ventana de 72 horas, dado el impacto sobre la salud del calor persistente. <\/p>\n<p class=\"\">Hoy habr\u00e1 <b>[[alto_riesgo_zonas]]<\/b> zonas de meteosalud en nivel 3 y <b>[[riesgo_medio_zonas]]<\/b> en nivel 2 en Espa\u00f1a.<\/p>\n<p>Las temperaturas m\u00ednimas<\/p>\n<p class=\"\">Seg\u00fan la agencia estatal, tambi\u00e9n van a mantenerse las temperaturas elevadas por la noche. La previsi\u00f3n es que, en los pr\u00f3ximos d\u00edas, no se baje de 23-25\u00baC en zonas del centro y sur peninsular, as\u00ed como en litorales mediterr\u00e1neos, extendi\u00e9ndose estos valores al valle del Ebro a partir del jueves.<\/p>\n<p class=\"\">En la tabla puede consultar la previsi\u00f3n de Aemet en su municipio y si se prev\u00e9 que se supere el umbral de riesgo del \u00e1rea de Meteosalud donde se encuentra.<\/p>\n<p>Regiones en alerta seg\u00fan Aemet<\/p>\n<p class=\"\">Adem\u00e1s de las alertas sanitarias y los avisos por ola de calor, existe un plan de Meteoalerta de Aemet. En este caso, se contempla la declaraci\u00f3n de alertas vinculadas a las altas temperaturas. El siguiente mapa muestra las zonas que tienen avisos activos por temperaturas m\u00e1ximas. <\/p>\n<p class=\"\">Estos avisos se establecen de acuerdo con <a href=\"https:\/\/www.aemet.es\/documentos\/es\/eltiempo\/prediccion\/avisos\/plan_meteoalerta\/METEOALERTA_ANX1_Umbrales_y_niveles_de_aviso.pdf\" rel=\"nofollow noopener\" target=\"_blank\">umbrales<\/a> espec\u00edficos para cada zona en un d\u00eda concreto, sin el marco temporal de tres d\u00edas que emplea el mapa del Ministerio de Sanidad y sin tener en cuenta la mortandad. Por ejemplo, en la zona metropolitana de Madrid y Henares, la alerta amarilla se activa a partir de 34 grados y la roja, cuando se superan los 42 grados, mientras que Canarias o Asturias entran en nivel amarillo a la misma temperatura, pero pasan a alerta m\u00e1xima con 40. Para calcular esos umbrales, Aemet se basa en los datos hist\u00f3ricos de temperaturas de cada zona.<\/p>\n<p>C\u00f3mo sobrellevar las temperaturas extremas<\/p>\n<p class=\"\">El calor tiene impactos directos en la salud de la poblaci\u00f3n, especialmente entre ni\u00f1os y personas mayores o con enfermedades cr\u00f3nicas. En un contexto de olas de calor cada vez m\u00e1s largas y frecuentes, es fundamental <a href=\"https:\/\/www.sanidad.gob.es\/areas\/sanidadAmbiental\/riesgosAmbientales\/calorExtremo\/publicaciones\/docs\/medidasGenerales.pdf\" rel=\"nofollow noopener\" target=\"_blank\">prevenir<\/a> los efectos del exceso de temperatura.<\/p>\n<p>\tHidratar<\/p>\n<p>\t\t<img decoding=\"async\" src=\"https:\/\/ep00.epimg.net\/infografias\/2025\/05\/consejos_calor\/liquidos%402x.png\" alt=\"\"\/><\/p>\n<p>\n\t\t\tBebe l\u00edquidos aunque no tengas sed. Evita alcohol, cafe\u00edna y bebidas<br \/>\n\t\t\tmuy azucaradas\n\t\t<\/p>\n<p>\t\t<img decoding=\"async\" src=\"https:\/\/ep00.epimg.net\/infografias\/2025\/05\/consejos_calor\/comida%402x.png\" alt=\"\"\/><\/p>\n<p>\n\t\t\tHaz comidas ligeras que ayuden a reponer sales sin recargar el cuerpo\n\t\t<\/p>\n<p>\tProteger<\/p>\n<p>\t\t<img decoding=\"async\" src=\"https:\/\/ep00.epimg.net\/infografias\/2025\/05\/consejos_calor\/riesgo%402x.png\" alt=\"\"\/><\/p>\n<p>\n\t\t\tPrecauci\u00f3n en grupos de riesgo y personas con enfermedades que pueden<br \/>\n\t\t\tagravarse con el calor\n\t\t<\/p>\n<p>\t\t<img decoding=\"async\" src=\"https:\/\/ep00.epimg.net\/infografias\/2025\/05\/consejos_calor\/protector%402x.png\" alt=\"\"\/><\/p>\n<p>\n\t\t\tLimita la exposici\u00f3n, usa protector, viste ropa ligera y holgada,<br \/>\n\t\t\tpreferiblemente de colores claros\n\t\t<\/p>\n<p>\t\t<img decoding=\"async\" src=\"https:\/\/ep00.epimg.net\/infografias\/2025\/05\/consejos_calor\/vehiculos%402x.png\" alt=\"\"\/><\/p>\n<p>\n\t\t\tNo dejes a ninguna persona en veh\u00edculos cerrados, ni siquiera por<br \/>\n\t\t\tperiodos cortos\n\t\t<\/p>\n<p>\tRefrescar<\/p>\n<p>\t\t<img decoding=\"async\" src=\"https:\/\/ep00.epimg.net\/infografias\/2025\/05\/consejos_calor\/refrescar%402x.png\" alt=\"\"\/><\/p>\n<p>\n\t\t\tPermanece en lugares frescos, con ventilaci\u00f3n o climatizaci\u00f3n<br \/>\n\t\t\tadecuada siempre que sea posible\n\t\t<\/p>\n<p>\t\t<img decoding=\"async\" src=\"https:\/\/ep00.epimg.net\/infografias\/2025\/05\/consejos_calor\/actividad%402x.png\" alt=\"\"\/><\/p>\n<p>\n\t\t\tReduce la actividad f\u00edsica en las horas centrales del d\u00eda para evitar<br \/>\n\t\t\tgolpes de calor\n\t\t<\/p>\n<p> Cr\u00e9ditos<\/p>\n","protected":false},"excerpt":{"rendered":"En los registros de la Agencia Estatal de Meteorolog\u00eda (Aemet), la duraci\u00f3n media de las olas de calor&hellip;\n","protected":false},"author":2,"featured_media":29180,"comment_status":"","ping_status":"","sticky":false,"template":"","format":"standard","meta":{"footnotes":""},"categories":[8],"tags":[2980,10203,13192,17,18,11465,4922,1295,13194,13193,12226,25,24,13,14,11,19,20,6688,11238,9,10,15,16,13190,166,1452,1811,492,23,13191,12,21,22],"class_list":{"0":"post-29179","1":"post","2":"type-post","3":"status-publish","4":"format-standard","5":"has-post-thumbnail","7":"category-espana","8":"tag-aemet","9":"tag-alerta-meteorologica","10":"tag-altas-temperaturas","11":"tag-breaking-news","12":"tag-breakingnews","13":"tag-calentamiento-global","14":"tag-calor","15":"tag-cambio-climatico","16":"tag-efecto-invernadero","17":"tag-el-tiempo","18":"tag-emergencia-climatica","19":"tag-es","20":"tag-espana","21":"tag-featured-news","22":"tag-featurednews","23":"tag-headlines","24":"tag-latest-news","25":"tag-latestnews","26":"tag-medio-ambiente","27":"tag-mortalidad","28":"tag-news","29":"tag-noticias","30":"tag-noticias-destacadas","31":"tag-noticiasdestacadas","32":"tag-olas-calor","33":"tag-salud","34":"tag-salud-publica","35":"tag-sanidad","36":"tag-sociedad","37":"tag-spain","38":"tag-temperaturas-maximas","39":"tag-titulares","40":"tag-ultimas-noticias","41":"tag-ultimasnoticias"},"share_on_mastodon":{"url":"","error":""},"_links":{"self":[{"href":"https:\/\/www.europesays.com\/es\/wp-json\/wp\/v2\/posts\/29179","targetHints":{"allow":["GET"]}}],"collection":[{"href":"https:\/\/www.europesays.com\/es\/wp-json\/wp\/v2\/posts"}],"about":[{"href":"https:\/\/www.europesays.com\/es\/wp-json\/wp\/v2\/types\/post"}],"author":[{"embeddable":true,"href":"https:\/\/www.europesays.com\/es\/wp-json\/wp\/v2\/users\/2"}],"replies":[{"embeddable":true,"href":"https:\/\/www.europesays.com\/es\/wp-json\/wp\/v2\/comments?post=29179"}],"version-history":[{"count":0,"href":"https:\/\/www.europesays.com\/es\/wp-json\/wp\/v2\/posts\/29179\/revisions"}],"wp:featuredmedia":[{"embeddable":true,"href":"https:\/\/www.europesays.com\/es\/wp-json\/wp\/v2\/media\/29180"}],"wp:attachment":[{"href":"https:\/\/www.europesays.com\/es\/wp-json\/wp\/v2\/media?parent=29179"}],"wp:term":[{"taxonomy":"category","embeddable":true,"href":"https:\/\/www.europesays.com\/es\/wp-json\/wp\/v2\/categories?post=29179"},{"taxonomy":"post_tag","embeddable":true,"href":"https:\/\/www.europesays.com\/es\/wp-json\/wp\/v2\/tags?post=29179"}],"curies":[{"name":"wp","href":"https:\/\/api.w.org\/{rel}","templated":true}]}}